{"id":83293,"date":"2022-07-08T10:37:06","date_gmt":"2022-07-08T13:37:06","guid":{"rendered":"https:\/\/radiosolaris.com.br\/beta\/?p=83293"},"modified":"2022-07-08T10:37:14","modified_gmt":"2022-07-08T13:37:14","slug":"primeira-edicao-do-circo-literario-chega-em-flores-da-cunha","status":"publish","type":"post","link":"https:\/\/radiosolaris.com.br\/beta\/primeira-edicao-do-circo-literario-chega-em-flores-da-cunha\/","title":{"rendered":"Primeira Edi\u00e7\u00e3o do Circo Liter\u00e1rio chega em Flores da Cunha"},"content":{"rendered":"\n<h4 id=\"vao-ser-tres-dias-de-atracoes-artisticas-e-culturais-que-tem-o-objetivo-de-proporcionar-atividades-interativas-entre-os-moradores-da-cidade\" class=\"wp-block-heading\">V\u00e3o ser tr\u00eas dias de atra\u00e7\u00f5es art\u00edsticas e culturais que tem o objetivo de proporcionar atividades interativas entre os moradores da cidade &nbsp;<\/h4>\n\n\n\n<p>O Circo Liter\u00e1rio vai estar em Flores da Cunha nos pr\u00f3ximos dias 14, 15 e 16 de julho com atra\u00e7\u00f5es para toda a fam\u00edlia. V\u00e3o ser tr\u00eas dias de programa\u00e7\u00e3o na Avenida 25 de Julho, em frente \u00e0 Igreja Matriz, com atividades gratuitas das 8h \u00e0s 21h na quinta-feira (14), das 8h \u00e0s 20h na sexta-feira (15) e das 9h30 \u00e0s 17h no s\u00e1bado (16).<\/p>\n\n\n\n<p>A programa\u00e7\u00e3o inclui recep\u00e7\u00e3o com artistas circenses, seis interven\u00e7\u00f5es de teatro do Grupo Ueba Produtos Not\u00e1veis, cinco encontros liter\u00e1rios com os escritores Ant\u00f4nio Schimeneck, Chiquinho Divilas, Christina Dias, Eleonora Medeiros e Isabel Damian, apresenta\u00e7\u00f5es art\u00edsticas e musicais, conta\u00e7\u00f5es de hist\u00f3rias, pinturas art\u00edsticas e arte em bal\u00f5es.<\/p>\n\n\n\n<p>Os moradores de Flores da Cunha e da regi\u00e3o tamb\u00e9m podem desfrutar de uma estrutura completa, com p\u00f3rtico de entrada infl\u00e1vel, quatro tendas, duas bancas de livros adulto e infantil que estar\u00e3o comercializando obras com descontos especiais e uma infinidade de atividades que unem a arte do circo \u00e0 literatura.<\/p>\n\n\n\n<p>A Secretaria Municipal da Educa\u00e7\u00e3o de Flores da Cunha est\u00e1 organizando visita\u00e7\u00f5es dos alunos das escolas da rede p\u00fablica ao evento na quinta-feira e sexta-feira.<\/p>\n\n\n\n<p>A proposta do projeto Circo Liter\u00e1rio \u00e9 unir as artes c\u00eanicas e a literatura em um espa\u00e7o p\u00fablico e gratuito, permitindo a democratiza\u00e7\u00e3o da arte e da cultura \u00e0 toda comunidade e a todas as idades.<\/p>\n\n\n\n<p>O projeto nasceu durante a pandemia a partir de conversas entre os amigos da classe art\u00edstica e cultural Roger Castro, do Grupo Vivandeiros da Alegria, Jonas Piccoli, do Grupo Ueba, e Guilherme Martinato, da Livraria Do Arco da Velha. O trio idealizou a ideia e a maturou durante um ano e meio at\u00e9 conseguir tir\u00e1-la do papel.<\/p>\n\n\n\n<p>\u201cQueremos tornar esse evento uma grande apresenta\u00e7\u00e3o m\u00e1gica da literatura e motivar a todos para que sigam vivendo a arte e a cultura de todas as formas\u201d, afirma Roger Castro.<\/p>\n\n\n\n<figure class=\"wp-block-gallery has-nested-images columns-default is-cropped wp-block-gallery-1 is-layout-flex wp-block-gallery-is-layout-flex\">\n<figure class=\"wp-block-image size-large\"><img  loading=\"lazy\"  decoding=\"async\"  width=\"1024\"  height=\"602\"  data-id=\"83294\"  src=\"data:image\/png;base64,iVBORw0KGgoAAAANSUhEUgAAAAEAAAABAQMAAAAl21bKAAAAA1BMVEUAAP+KeNJXAAAAAXRSTlMAQObYZgAAAAlwSFlzAAAOxAAADsQBlSsOGwAAAApJREFUCNdjYAAAAAIAAeIhvDMAAAAASUVORK5CYII=\"  alt=\"\"  class=\"wp-image-83294 pk-lazyload\"  data-pk-sizes=\"auto\"  data-ls-sizes=\"auto, (max-width: 1024px) 100vw, 1024px\"  data-pk-src=\"https:\/\/radiosolaris.com.br\/beta\/wp-content\/uploads\/2022\/07\/Guilherme-Martinato-Roger-Castro-e-Jonas-Piccoli_cred.Bruna-Marques-dos-Santos-1024x602.jpeg\"  data-pk-srcset=\"https:\/\/radiosolaris.com.br\/beta\/wp-content\/uploads\/2022\/07\/Guilherme-Martinato-Roger-Castro-e-Jonas-Piccoli_cred.Bruna-Marques-dos-Santos-1024x602.jpeg 1024w, https:\/\/radiosolaris.com.br\/beta\/wp-content\/uploads\/2022\/07\/Guilherme-Martinato-Roger-Castro-e-Jonas-Piccoli_cred.Bruna-Marques-dos-Santos-300x176.jpeg 300w, https:\/\/radiosolaris.com.br\/beta\/wp-content\/uploads\/2022\/07\/Guilherme-Martinato-Roger-Castro-e-Jonas-Piccoli_cred.Bruna-Marques-dos-Santos-768x451.jpeg 768w, https:\/\/radiosolaris.com.br\/beta\/wp-content\/uploads\/2022\/07\/Guilherme-Martinato-Roger-Castro-e-Jonas-Piccoli_cred.Bruna-Marques-dos-Santos.jpeg 1280w\" ><figcaption>Guilherme Martinato, Roger Castro e Jonas Piccoli<\/figcaption><\/figure>\n<\/figure>\n\n\n\n<p><strong>PROGRAMA\u00c7\u00c3O DO CIRCO LITER\u00c1RIO<br>14\/07 \u2013 QUINTA-FEIRA<\/strong><br>8h \u2013 Recep\u00e7\u00e3o com artistas circenses<br>8h15 \u2013 Corda Bamba de Hist\u00f3rias com o Grupo Vivandeiros da Alegria<br>8h30 \u2013 Magia Liter\u00e1ria com o escritor Chiquinho Divilas<br>9h30 \u2013 Recep\u00e7\u00e3o com artistas circenses<br>9h45 \u2013 Anima\u00e7\u00e3o cultural com o Grupo Vivandeiros da Alegria<br>10h \u2013 Pe\u00e7a de teatro F\u00e1bulas do Sul | Grupo UEBA<br>13h30 \u2013 Recep\u00e7\u00e3o com artistas circenses<br>13h45 \u2013 Corda Bamba de Hist\u00f3rias com o Grupo Vivandeiros da Alegria<br>14h \u2013 Magia Liter\u00e1ria com a escritora Eleonora Medeiros<br>15h \u2013 Recep\u00e7\u00e3o com artistas circenses<br>15h15 \u2013 Anima\u00e7\u00e3o cultural com o Grupo Vivandeiros da Alegria<br>15h30 \u2013 Pe\u00e7a de teatro O incr\u00edvel caso do sumi\u00e7o das letras | Grupo UEBA<br>18h \u2013 Apresenta\u00e7\u00e3o musical com Ricardo Mab\u00edlia (ac\u00fastico)<br>19h \u2013 Recep\u00e7\u00e3o com artistas circenses<br>19h30 \u2013 Abertura Oficial do Circo Liter\u00e1rio<br>20h \u2013 Pe\u00e7a de teatro As aventuras do fusca a vela | Grupo UEBA<br>21h \u2013 Globo das Artes: Bate-papo com escritores e artistas convidados, com participa\u00e7\u00e3o da jornalista Dan\u00fabia Otobelli e da historiadora Gissely Vailatti<\/p>\n\n\n\n<p><strong>15\/07 \u2013 SEXTA-FEIRA<\/strong><br>8h \u2013 Recep\u00e7\u00e3o com artistas circenses<br>8h15 \u2013 Corda Bamba de Hist\u00f3rias com o Grupo Vivandeiros da Alegria<br>8h30 \u2013 Magia Liter\u00e1ria com o escritor Ant\u00f4nio Schimeneck<br>9h30 \u2013 Recep\u00e7\u00e3o com artistas circenses<br>09h45 \u2013 Anima\u00e7\u00e3o cultural com o Grupo Vivandeiros da Alegria<br>10h \u2013 Pe\u00e7a de teatro F\u00e1bulas do Sul | Grupo UEBA<br>13h30 \u2013 Recep\u00e7\u00e3o com artistas circenses<br>13h45 \u2013 Corda Bamba de Hist\u00f3rias com o Grupo Vivandeiros da Alegria<br>14h \u2013 Magia Liter\u00e1ria com a escritora Christina Dias<br>15h \u2013 Recep\u00e7\u00e3o com artistas circenses<br>15h15 \u2013 Anima\u00e7\u00e3o cultural com o Grupo Vivandeiros da Alegria<br>16h \u2013 Conta\u00e7\u00e3o c\u00eanica de hist\u00f3ria O aviador de sonhos | Grupo UEBA<br>18h \u2013 Apresenta\u00e7\u00e3o musical com Felipe Corso e convidados<br>19h \u2013 Recep\u00e7\u00e3o Vivandeiros da Alegria<br>19h15 \u2013 Magia Liter\u00e1ria com o escritor Chiquinho Divilas e a escritora e int\u00e9rprete em libras Isabel Damian<br>20h \u2013 Pe\u00e7a de teatro As aventuras do fusca a vela | Grupo UEBA<\/p>\n\n\n\n<p><strong>16\/07 \u2013 S\u00c1BADO<\/strong><br>9h30 \u00e0s 11h30 \u2013 Oficinas circenses: Pernas de Pau, Clown e M\u00e1gica<br>14h \u00e0s 17h \u2013 Participa\u00e7\u00e3o da Associa\u00e7\u00e3o dos Artes\u00e3os Uniflores<br>14h \u00e0s 17h \u2013 Exposi\u00e7\u00e3o de obras de arte com artistas locais: Curadoria das artistas pl\u00e1sticas Danielle Guarese e Morgana Capeletti<br>14h \u2013 Picadeiro das Artes: Apresenta\u00e7\u00e3o de talentos revelados nas oficinas circenses<br>15h \u2013 Pe\u00e7a de teatro O incr\u00edvel caso do sumi\u00e7o das letras | Grupo UEBA<br>16h \u2013 Apresenta\u00e7\u00e3o musical com Lucas Carpeggiani (trabalho autoral)<br>16h30 \u2013 Apresenta\u00e7\u00e3o musical com Glayber Souza (trabalho autoral)<br>17h \u2013 Encerramento da Festa Liter\u00e1ria com o espet\u00e1culo Kababra com o M\u00e1gico Vivandeiro Chris Keyne<\/p>\n\n\n\n<figure class=\"wp-block-gallery has-nested-images columns-1 is-cropped wp-block-gallery-2 is-layout-flex wp-block-gallery-is-layout-flex\">\n<figure class=\"wp-block-image size-large\"><a href=\"https:\/\/radiosolaris.com.br\/beta\/wp-content\/uploads\/2022\/07\/FABULAS-DO-SUL_credito-Mauricio-Concatto-scaled.jpg\"><img  decoding=\"async\"  data-id=\"83296\"  src=\"data:image\/png;base64,iVBORw0KGgoAAAANSUhEUgAAAAEAAAABAQMAAAAl21bKAAAAA1BMVEUAAP+KeNJXAAAAAXRSTlMAQObYZgAAAAlwSFlzAAAOxAAADsQBlSsOGwAAAApJREFUCNdjYAAAAAIAAeIhvDMAAAAASUVORK5CYII=\"  alt=\"\"  class=\"wp-image-83296 pk-lazyload\"  data-pk-sizes=\"auto\"  data-pk-src=\"https:\/\/radiosolaris.com.br\/beta\/wp-content\/uploads\/2022\/07\/FABULAS-DO-SUL_credito-Mauricio-Concatto-1024x681.jpg\" ><\/a><\/figure>\n\n\n\n<figure class=\"wp-block-image size-large\"><a href=\"https:\/\/radiosolaris.com.br\/beta\/wp-content\/uploads\/2022\/07\/AS-AVENTURAS-DO-FUSCA-A-VELA_credito-Fabiano-Knopp.jpg\"><img  decoding=\"async\"  data-id=\"83295\"  src=\"data:image\/png;base64,iVBORw0KGgoAAAANSUhEUgAAAAEAAAABAQMAAAAl21bKAAAAA1BMVEUAAP+KeNJXAAAAAXRSTlMAQObYZgAAAAlwSFlzAAAOxAAADsQBlSsOGwAAAApJREFUCNdjYAAAAAIAAeIhvDMAAAAASUVORK5CYII=\"  alt=\"\"  class=\"wp-image-83295 pk-lazyload\"  data-pk-sizes=\"auto\"  data-pk-src=\"https:\/\/radiosolaris.com.br\/beta\/wp-content\/uploads\/2022\/07\/AS-AVENTURAS-DO-FUSCA-A-VELA_credito-Fabiano-Knopp-1024x683.jpg\" ><\/a><\/figure>\n<\/figure>\n","protected":false},"excerpt":{"rendered":"<p>V\u00e3o ser tr\u00eas dias de atra\u00e7\u00f5es art\u00edsticas e culturais que tem o objetivo de proporcionar atividades interativas entre os moradores da cidade &nbsp; O Circo Liter\u00e1rio vai estar em Flores&hellip;<\/p>\n","protected":false},"author":16,"featured_media":83296,"comment_status":"closed","ping_status":"closed","sticky":false,"template":"","format":"standard","meta":{"_lmt_disableupdate":"","_lmt_disable":"","footnotes":""},"categories":[83],"tags":[12472,4354,5644,12470,12469,12471,1956,114,3733,4616,992,283],"powerkit_post_featured":[],"class_list":{"0":"post-83293","1":"post","2":"type-post","3":"status-publish","4":"format-standard","5":"has-post-thumbnail","7":"category-serra-gaucha","8":"tag-atracoes-artisticas-e-culturais","9":"tag-avenida-25-de-julho","10":"tag-centro-de-flores-da-cunha","11":"tag-circo","12":"tag-circo-literario","13":"tag-circo-literario-em-flores-da-cunha","14":"tag-cultura","15":"tag-flores-da-cunha","16":"tag-secretaria-da-cultura","17":"tag-secretaria-da-educacao","18":"tag-serra","19":"tag-serra-gaucha"},"modified_by":"Bruna Picinini","_links":{"self":[{"href":"https:\/\/radiosolaris.com.br\/beta\/wp-json\/wp\/v2\/posts\/83293","targetHints":{"allow":["GET"]}}],"collection":[{"href":"https:\/\/radiosolaris.com.br\/beta\/wp-json\/wp\/v2\/posts"}],"about":[{"href":"https:\/\/radiosolaris.com.br\/beta\/wp-json\/wp\/v2\/types\/post"}],"author":[{"embeddable":true,"href":"https:\/\/radiosolaris.com.br\/beta\/wp-json\/wp\/v2\/users\/16"}],"replies":[{"embeddable":true,"href":"https:\/\/radiosolaris.com.br\/beta\/wp-json\/wp\/v2\/comments?post=83293"}],"version-history":[{"count":0,"href":"https:\/\/radiosolaris.com.br\/beta\/wp-json\/wp\/v2\/posts\/83293\/revisions"}],"wp:featuredmedia":[{"embeddable":true,"href":"https:\/\/radiosolaris.com.br\/beta\/wp-json\/wp\/v2\/media\/83296"}],"wp:attachment":[{"href":"https:\/\/radiosolaris.com.br\/beta\/wp-json\/wp\/v2\/media?parent=83293"}],"wp:term":[{"taxonomy":"category","embeddable":true,"href":"https:\/\/radiosolaris.com.br\/beta\/wp-json\/wp\/v2\/categories?post=83293"},{"taxonomy":"post_tag","embeddable":true,"href":"https:\/\/radiosolaris.com.br\/beta\/wp-json\/wp\/v2\/tags?post=83293"},{"taxonomy":"powerkit_post_featured","embeddable":true,"href":"https:\/\/radiosolaris.com.br\/beta\/wp-json\/wp\/v2\/powerkit_post_featured?post=83293"}],"curies":[{"name":"wp","href":"https:\/\/api.w.org\/{rel}","templated":true}]}}