{"id":83277,"date":"2022-07-08T08:43:48","date_gmt":"2022-07-08T11:43:48","guid":{"rendered":"https:\/\/radiosolaris.com.br\/beta\/?p=83277"},"modified":"2022-07-08T08:45:58","modified_gmt":"2022-07-08T11:45:58","slug":"jovem-pradense-e-terceiro-lugar-em-projeto-da-sicredi-ibiraiaras-rs-mg","status":"publish","type":"post","link":"https:\/\/radiosolaris.com.br\/beta\/jovem-pradense-e-terceiro-lugar-em-projeto-da-sicredi-ibiraiaras-rs-mg\/","title":{"rendered":"Jovem Pradense \u00e9 terceiro lugar em projeto da Sicredi Ibiraiaras RS\/MG"},"content":{"rendered":"\n<h4 id=\"joao-pedro-ghinzelli-tem-24-anos-e-busca-implementar-seu-projeto-parque-colonial-moinho-ghinzelli\" class=\"wp-block-heading\">Jo\u00e3o Pedro Ghinzelli, tem 24 anos e busca implementar seu Projeto Parque Colonial Moinho Ghinzelli <\/h4>\n\n\n\n<p>No dia 25 de junho foi realizado a final do Projeto: Pitch + Valor, uma iniciativa da Cooperativa Sicredi, que buscou incentivar o empreendedorismo dos jovens associados, potencializando seus neg\u00f3cios e auxiliando suas ideias a sa\u00edrem do papel.<\/p>\n\n\n\n<p>Durante um m\u00eas, 50 jovens tiveram a oportunidade de submeter seus projetos a uma an\u00e1lise t\u00e9cnica e estrat\u00e9gica, e 15 foram pr\u00e9-selecionados para um desafio de neg\u00f3cios. Durante o evento realizado em Nova Prata, os finalistas apresentaram seus cases para uma banca de jurados, composta por representantes do Sicredi, Sebrae, CIC, CDL, Sindilojas e mentorias.<\/p>\n\n\n\n<p>Destes pr\u00e9-selecionados, cinco projetos foram premiados entre eles, o do Pradense Jo\u00e3o Pedro Ghinzelli que participou com a ideia de um Parque Colonial no Moinho da fam\u00edlia. Seu projeto ficou em terceiro lugar e como premia\u00e7\u00e3o levou R$ 2 mil reais al\u00e9m de uma mentoria especializada gratuita por tr\u00eas meses. \u201cFiquei muito feliz porque o que eu queria era poder participar e aprofundar minha ideia. N\u00e3o era nem para ficar entre os cinco escolhidos para a premia\u00e7\u00e3o final, mas sim por estar l\u00e1 apresentando minha ideia e a minha ess\u00eancia.\u201d<\/p>\n\n\n\n<p>O jovem foi indicado ao Sicredi pela Secretaria Municipal de Turismo e sua ideia trata-se da constru\u00e7\u00e3o de um parque, localizado no interior de Ant\u00f4nio Prado atrav\u00e9s da revitaliza\u00e7\u00e3o de um moinho. O local contar\u00e1 com estacionamento pr\u00f3prio, trilhas diversas que contar\u00e3o a hist\u00f3ria do local e levar\u00e3o at\u00e9 uma casa centen\u00e1ria, com cinco quartos, constru\u00edda por seu bisav\u00f4. \u201cSer\u00e1 um espa\u00e7o de encontro de jovens, fam\u00edlias, amigos e turistas e o moinho ser\u00e1 revitalizado em seu interior mantendo sua ess\u00eancia e se tornar\u00e1 um pub. As pessoas poder\u00e3o saborear e aproveitar bebidas e comidas t\u00edpicas da regi\u00e3o, mesas externas, espa\u00e7o para piqueniques, entre outros atrativos\u201d.<\/p>\n\n\n\n<p>Ele explica que se trata de um processo iniciado agora com o incentivo de seu projeto e que hoje possui o local e a casa com mais de 120 anos que necessita de uma reformula\u00e7\u00e3o para comportar essa nova estrutura.<\/p>\n\n\n\n<p>&#8220;Eu era o \u00fanico no nicho de turismo e fiquei muito feliz pela visibilidade que a iniciativa proporcionou e pela assessoria que vou receber agora e posso dizer que abriu um leque de possiblidades infinito. Se o Pitch + valor foi uma fagulha posso dizer que agora meu projeto \u00e9 uma chama intensa que n\u00e3o vai parar de queimar at\u00e9 ser colocado em pr\u00e1tica,\u201d finaliza.<\/p>\n\n\n\n<p><strong>Confira quem s\u00e3o os jovens empreendedores que junto ao Pradense tamb\u00e9m foram premiados:<\/strong><\/p>\n\n\n\n<p>Projeto mais querido pelo p\u00fablico: Brota Horta \u2013 Lu\u00edza Scalabrin Barreto \u2013 Lagoa Vermelha\/RS<\/p>\n\n\n\n<p>1\u00ba lugar &#8211; Sistemas para equipamentos de ordenha e refrigera\u00e7\u00e3o &#8211; Elias Francisco Sgarbossa \u2013 Ibiraiaras\/RS<\/p>\n\n\n\n<p>2\u00ba lugar &#8211; Blocos de concreto de RCC &#8211; Vagner Paulo Balzan \u2013 Nova Bassano\/RS<\/p>\n\n\n\n<p>3\u00ba lugar &#8211; Parque Colonial Moinho Ghinzelli &#8211; Jo\u00e3o Pedro Ghinzelli \u2013 Ant\u00f4nio Prado\/RS<\/p>\n\n\n\n<p>4\u00ba lugar &#8211; MUM ESTILO cole\u00e7\u00e3o biodegrad\u00e1vel &#8211; Laura David Cercina \u2013 Nova Prata\/RS<\/p>\n\n\n\n<p>5\u00ba lugar &#8211; Peretti Queijos finos &#8211; Henrique Peretti Occhi \u2013 Nova Ara\u00e7\u00e1\/RS<\/p>\n\n\n\n<figure class=\"wp-block-image size-large\"><img  loading=\"lazy\"  decoding=\"async\"  width=\"856\"  height=\"1024\"  src=\"data:image\/png;base64,iVBORw0KGgoAAAANSUhEUgAAAAEAAAABAQMAAAAl21bKAAAAA1BMVEUAAP+KeNJXAAAAAXRSTlMAQObYZgAAAAlwSFlzAAAOxAAADsQBlSsOGwAAAApJREFUCNdjYAAAAAIAAeIhvDMAAAAASUVORK5CYII=\"  alt=\"\"  class=\"wp-image-83280 pk-lazyload\"  data-pk-sizes=\"auto\"  data-ls-sizes=\"auto, (max-width: 856px) 100vw, 856px\"  data-pk-src=\"https:\/\/radiosolaris.com.br\/beta\/wp-content\/uploads\/2022\/07\/WhatsApp-Image-2022-07-07-at-20.35.11-856x1024.jpeg\"  data-pk-srcset=\"https:\/\/radiosolaris.com.br\/beta\/wp-content\/uploads\/2022\/07\/WhatsApp-Image-2022-07-07-at-20.35.11-856x1024.jpeg 856w, https:\/\/radiosolaris.com.br\/beta\/wp-content\/uploads\/2022\/07\/WhatsApp-Image-2022-07-07-at-20.35.11-251x300.jpeg 251w, https:\/\/radiosolaris.com.br\/beta\/wp-content\/uploads\/2022\/07\/WhatsApp-Image-2022-07-07-at-20.35.11-768x918.jpeg 768w, https:\/\/radiosolaris.com.br\/beta\/wp-content\/uploads\/2022\/07\/WhatsApp-Image-2022-07-07-at-20.35.11.jpeg 1070w\" ><figcaption>Jo\u00e3o Pedro Ghinzelli<\/figcaption><\/figure>\n","protected":false},"excerpt":{"rendered":"<p>Jo\u00e3o Pedro Ghinzelli, tem 24 anos e busca implementar seu Projeto Parque Colonial Moinho Ghinzelli No dia 25 de junho foi realizado a final do Projeto: Pitch + Valor, uma&hellip;<\/p>\n","protected":false},"author":1,"featured_media":83283,"comment_status":"closed","ping_status":"closed","sticky":false,"template":"","format":"standard","meta":{"_lmt_disableupdate":"","_lmt_disable":"","footnotes":""},"categories":[83],"tags":[867,12467],"powerkit_post_featured":[],"class_list":{"0":"post-83277","1":"post","2":"type-post","3":"status-publish","4":"format-standard","5":"has-post-thumbnail","7":"category-serra-gaucha","8":"tag-nova-prata","9":"tag-projeto-pitch-valor"},"modified_by":"Gustavo Zanotto","_links":{"self":[{"href":"https:\/\/radiosolaris.com.br\/beta\/wp-json\/wp\/v2\/posts\/83277","targetHints":{"allow":["GET"]}}],"collection":[{"href":"https:\/\/radiosolaris.com.br\/beta\/wp-json\/wp\/v2\/posts"}],"about":[{"href":"https:\/\/radiosolaris.com.br\/beta\/wp-json\/wp\/v2\/types\/post"}],"author":[{"embeddable":true,"href":"https:\/\/radiosolaris.com.br\/beta\/wp-json\/wp\/v2\/users\/1"}],"replies":[{"embeddable":true,"href":"https:\/\/radiosolaris.com.br\/beta\/wp-json\/wp\/v2\/comments?post=83277"}],"version-history":[{"count":0,"href":"https:\/\/radiosolaris.com.br\/beta\/wp-json\/wp\/v2\/posts\/83277\/revisions"}],"wp:featuredmedia":[{"embeddable":true,"href":"https:\/\/radiosolaris.com.br\/beta\/wp-json\/wp\/v2\/media\/83283"}],"wp:attachment":[{"href":"https:\/\/radiosolaris.com.br\/beta\/wp-json\/wp\/v2\/media?parent=83277"}],"wp:term":[{"taxonomy":"category","embeddable":true,"href":"https:\/\/radiosolaris.com.br\/beta\/wp-json\/wp\/v2\/categories?post=83277"},{"taxonomy":"post_tag","embeddable":true,"href":"https:\/\/radiosolaris.com.br\/beta\/wp-json\/wp\/v2\/tags?post=83277"},{"taxonomy":"powerkit_post_featured","embeddable":true,"href":"https:\/\/radiosolaris.com.br\/beta\/wp-json\/wp\/v2\/powerkit_post_featured?post=83277"}],"curies":[{"name":"wp","href":"https:\/\/api.w.org\/{rel}","templated":true}]}}