{"id":83272,"date":"2022-07-07T23:51:46","date_gmt":"2022-07-08T02:51:46","guid":{"rendered":"https:\/\/radiosolaris.com.br\/beta\/?p=83272"},"modified":"2022-07-07T23:51:49","modified_gmt":"2022-07-08T02:51:49","slug":"em-caxias-adolescentes-de-13-e-17-anos-sao-flagrados-pichando-muro-no-sagrada-familia","status":"publish","type":"post","link":"https:\/\/radiosolaris.com.br\/beta\/em-caxias-adolescentes-de-13-e-17-anos-sao-flagrados-pichando-muro-no-sagrada-familia\/","title":{"rendered":"Em Caxias, adolescentes de 13 e 17 anos s\u00e3o flagrados pichando muro no Sagrada Fam\u00edlia"},"content":{"rendered":"\n<h4 id=\"os-pais-dos-menores-foram-chamados-ate-a-escola-proximo-de-onde-eles-estavam-vandalizando-o-muro-de-uma-empresa\" class=\"wp-block-heading\">Os pais dos menores foram chamados at\u00e9 a escola, pr\u00f3ximo de onde eles estavam vandalizando o muro de uma empresa<\/h4>\n\n\n\n<p>Dois adolescentes foram apreendidos pela Patrulha Escolar da Brigada Militar (BM) na tarde desta quinta-feira (7) em Caxias do Sul. Com idades de 13 e 17 anos, eles estavam pichando muros de uma empresa no bairro Sagrada Fam\u00edlia, pr\u00f3ximo da escola onde os mesmos est\u00e3o matriculados.<\/p>\n\n\n\n<p>Ap\u00f3s a BM receber informa\u00e7\u00f5es, via den\u00fancia, de que dois adolescentes teriam pichado o muro e teriam entrado em uma escola pr\u00f3xima ao local, foi realizado contato com a dire\u00e7\u00e3o da escola e identificados os adolescentes.<\/p>\n\n\n\n<p>Os pais dos menores foram chamados at\u00e9 a escola. Na sequ\u00eancia, as duas fam\u00edlias foram conduzidas para a Delegacia da Pol\u00edcia Civil para efetuar o registro.<\/p>\n\n\n\n<p>O propriet\u00e1rio da empresa v\u00edtima dos atos de vandalismo tamb\u00e9m registrou Boletim de Ocorr\u00eancia (BO) pelo dano no muro.<\/p>\n\n\n\n<p>Em nota divulgada pela Patrulha Escolar, n\u00e3o foi informado se os pais dos menores ser\u00e3o responsabilizados pelo dano causado.<\/p>\n\n\n\n<figure class=\"wp-block-gallery has-nested-images columns-default is-cropped wp-block-gallery-1 is-layout-flex wp-block-gallery-is-layout-flex\">\n<figure class=\"wp-block-image size-large\"><a href=\"https:\/\/radiosolaris.com.br\/beta\/wp-content\/uploads\/2022\/07\/patrulha-escolar-policia-caxias-do-sul.jpeg\"><img  loading=\"lazy\"  decoding=\"async\"  width=\"1238\"  height=\"1280\"  data-id=\"83273\"  src=\"data:image\/png;base64,iVBORw0KGgoAAAANSUhEUgAAAAEAAAABAQMAAAAl21bKAAAAA1BMVEUAAP+KeNJXAAAAAXRSTlMAQObYZgAAAAlwSFlzAAAOxAAADsQBlSsOGwAAAApJREFUCNdjYAAAAAIAAeIhvDMAAAAASUVORK5CYII=\"  alt=\"\"  class=\"wp-image-83273 pk-lazyload\"  data-pk-sizes=\"auto\"  data-ls-sizes=\"auto, (max-width: 1238px) 100vw, 1238px\"  data-pk-src=\"https:\/\/radiosolaris.com.br\/beta\/wp-content\/uploads\/2022\/07\/patrulha-escolar-policia-caxias-do-sul.jpeg\"  data-pk-srcset=\"https:\/\/radiosolaris.com.br\/beta\/wp-content\/uploads\/2022\/07\/patrulha-escolar-policia-caxias-do-sul.jpeg 1238w, https:\/\/radiosolaris.com.br\/beta\/wp-content\/uploads\/2022\/07\/patrulha-escolar-policia-caxias-do-sul-290x300.jpeg 290w, https:\/\/radiosolaris.com.br\/beta\/wp-content\/uploads\/2022\/07\/patrulha-escolar-policia-caxias-do-sul-768x794.jpeg 768w, https:\/\/radiosolaris.com.br\/beta\/wp-content\/uploads\/2022\/07\/patrulha-escolar-policia-caxias-do-sul-1160x1199.jpeg 1160w, https:\/\/radiosolaris.com.br\/beta\/wp-content\/uploads\/2022\/07\/patrulha-escolar-policia-caxias-do-sul-800x827.jpeg 800w\" ><\/a><\/figure>\n<figcaption class=\"blocks-gallery-caption\">Foto: Divulga\u00e7\u00e3o Patrulha Escolar<\/figcaption><\/figure>\n","protected":false},"excerpt":{"rendered":"<p>Os pais dos menores foram chamados at\u00e9 a escola, pr\u00f3ximo de onde eles estavam vandalizando o muro de uma empresa Dois adolescentes foram apreendidos pela Patrulha Escolar da Brigada Militar&hellip;<\/p>\n","protected":false},"author":17,"featured_media":83273,"comment_status":"closed","ping_status":"closed","sticky":false,"template":"","format":"standard","meta":{"_lmt_disableupdate":"","_lmt_disable":"","footnotes":""},"categories":[83],"tags":[12462,148,12465,12463,12146,10414,12464,283],"powerkit_post_featured":[],"class_list":{"0":"post-83272","1":"post","2":"type-post","3":"status-publish","4":"format-standard","5":"has-post-thumbnail","7":"category-serra-gaucha","8":"tag-bairro-sagrada-familia","9":"tag-caxias-do-sul","10":"tag-escola-no-bairro-sagrada-familia","11":"tag-jovens-infratores","12":"tag-patrulha-escolar","13":"tag-pichacao","14":"tag-picho","15":"tag-serra-gaucha"},"modified_by":"Igor Panzenhagen","_links":{"self":[{"href":"https:\/\/radiosolaris.com.br\/beta\/wp-json\/wp\/v2\/posts\/83272","targetHints":{"allow":["GET"]}}],"collection":[{"href":"https:\/\/radiosolaris.com.br\/beta\/wp-json\/wp\/v2\/posts"}],"about":[{"href":"https:\/\/radiosolaris.com.br\/beta\/wp-json\/wp\/v2\/types\/post"}],"author":[{"embeddable":true,"href":"https:\/\/radiosolaris.com.br\/beta\/wp-json\/wp\/v2\/users\/17"}],"replies":[{"embeddable":true,"href":"https:\/\/radiosolaris.com.br\/beta\/wp-json\/wp\/v2\/comments?post=83272"}],"version-history":[{"count":0,"href":"https:\/\/radiosolaris.com.br\/beta\/wp-json\/wp\/v2\/posts\/83272\/revisions"}],"wp:featuredmedia":[{"embeddable":true,"href":"https:\/\/radiosolaris.com.br\/beta\/wp-json\/wp\/v2\/media\/83273"}],"wp:attachment":[{"href":"https:\/\/radiosolaris.com.br\/beta\/wp-json\/wp\/v2\/media?parent=83272"}],"wp:term":[{"taxonomy":"category","embeddable":true,"href":"https:\/\/radiosolaris.com.br\/beta\/wp-json\/wp\/v2\/categories?post=83272"},{"taxonomy":"post_tag","embeddable":true,"href":"https:\/\/radiosolaris.com.br\/beta\/wp-json\/wp\/v2\/tags?post=83272"},{"taxonomy":"powerkit_post_featured","embeddable":true,"href":"https:\/\/radiosolaris.com.br\/beta\/wp-json\/wp\/v2\/powerkit_post_featured?post=83272"}],"curies":[{"name":"wp","href":"https:\/\/api.w.org\/{rel}","templated":true}]}}