{"id":83217,"date":"2022-07-07T14:17:55","date_gmt":"2022-07-07T17:17:55","guid":{"rendered":"https:\/\/radiosolaris.com.br\/beta\/?p=83217"},"modified":"2022-07-07T14:18:22","modified_gmt":"2022-07-07T17:18:22","slug":"flores-da-cunha-ganhara-quarta-filial-da-rede-de-farmacias-sao-joao","status":"publish","type":"post","link":"https:\/\/radiosolaris.com.br\/beta\/flores-da-cunha-ganhara-quarta-filial-da-rede-de-farmacias-sao-joao\/","title":{"rendered":"Flores da Cunha ganhar\u00e1 quarta filial da Rede de Farm\u00e1cias S\u00e3o Jo\u00e3o"},"content":{"rendered":"\n<h4 id=\"inauguracao-da-nova-loja-localizada-na-rua-tiradentes-430-no-centro-ocorre-nesta-sexta-feira-8\" class=\"wp-block-heading\">Inaugura\u00e7\u00e3o da nova loja, localizada na rua Tiradentes, 430, no centro, ocorre nesta sexta-feira (8)<\/h4>\n\n\n\n<p>Inaugura nesta sexta-feira (8), a quarta filial da Rede de Farm\u00e1cias S\u00e3o Jo\u00e3o na cidade de Flores da Cunha. A loja deve come\u00e7ar a receber o p\u00fablico a partir das 9h, com ofertas especiais de inaugura\u00e7\u00e3o e diferenciais em servi\u00e7os farmac\u00eauticos. A filial est\u00e1 localizada na rua Tiradentes, 430, no centro (em frente ao Supermercado Andreazza).<\/p>\n\n\n\n<p>No dia inaugura\u00e7\u00e3o um b\u00f4nus ser\u00e1 oferecido aos clientes, onde nas compras acima de R$ 100, os primeiros duzentos ganhar\u00e3o na hora R$ 25 em <em>cash back<\/em>.<\/p>\n\n\n\n<p>Na nova farm\u00e1cia, a popula\u00e7\u00e3o de Flores da Cunha poder\u00e1 contar com grandes ofertas e ter\u00e1 atendimento qualificado dos servi\u00e7os farmac\u00eauticos, que t\u00eam como caracter\u00edstica a agilidade nos procedimentos. A unidade ser\u00e1 a segunda da rede a abrir todos os dias da semana na cidade.<\/p>\n\n\n\n<p>Al\u00e9m disso, a loja oferecer\u00e1 produtos de conveni\u00eancia, aplica\u00e7\u00e3o de injet\u00e1veis, verifica\u00e7\u00e3o de press\u00e3o, de glicose, coloca\u00e7\u00e3o de brincos e muitos outros servi\u00e7os com seguran\u00e7a para toda fam\u00edlia. Os testes r\u00e1pidos para a detec\u00e7\u00e3o da covid-19 s\u00e3o um diferencial, com resultados em at\u00e9 15 minutos.<\/p>\n\n\n\n<p><strong>Sobre a Rede de Farm\u00e1cias S\u00e3o Jo\u00e3o<br><\/strong>A S\u00e3o Jo\u00e3o \u00e9 a 4\u00aa maior Rede do varejo farmac\u00eautico do Brasil e a maior do Sul do pa\u00eds. A empresa ultrapassou a marca de 900 lojas, atuando nos estados do Rio Grande do Sul, Santa Catarina e Paran\u00e1.<\/p>\n\n\n\n<p>Hoje presente em mais de 200 cidades, a rede possui distribuidora pr\u00f3pria, comprando diretamente da ind\u00fastria em grande quantidade, o que possibilita pre\u00e7os mais competitivos, oferecendo ainda o Cr\u00e9dito F\u00e1cil S\u00e3o Jo\u00e3o, credi\u00e1rio pr\u00f3prio para compras parceladas em at\u00e9 6x. Em todas as lojas, o cliente ganha acesso ao Wi-Fi gr\u00e1tis.<\/p>\n\n\n\n<p>Nos dois \u00faltimos anos, em fun\u00e7\u00e3o do avan\u00e7o da pandemia da covid-19, foram investidos em mais capacita\u00e7\u00e3o profissional e inova\u00e7\u00e3o nas lojas, que v\u00e3o al\u00e9m de medicamentos e dermocosm\u00e9ticos. Hoje em dia \u00e9 poss\u00edvel encontrar uma linha ainda mais completa em medicamentos, diversidade em produtos de beleza e at\u00e9 linha pet e bazar dentro das filiais.<\/p>\n\n\n\n<figure class=\"wp-block-gallery has-nested-images columns-1 is-cropped wp-block-gallery-1 is-layout-flex wp-block-gallery-is-layout-flex\">\n<figure class=\"wp-block-image size-large\"><a href=\"https:\/\/radiosolaris.com.br\/beta\/wp-content\/uploads\/2022\/07\/Flores-da-Cunha-ganhara-quarta-filial-da-Rede-de-Farmacias-Sao-Joao-1.jpeg\"><img  loading=\"lazy\"  decoding=\"async\"  width=\"1280\"  height=\"960\"  data-id=\"83218\"  src=\"data:image\/png;base64,iVBORw0KGgoAAAANSUhEUgAAAAEAAAABAQMAAAAl21bKAAAAA1BMVEUAAP+KeNJXAAAAAXRSTlMAQObYZgAAAAlwSFlzAAAOxAAADsQBlSsOGwAAAApJREFUCNdjYAAAAAIAAeIhvDMAAAAASUVORK5CYII=\"  alt=\"\"  class=\"wp-image-83218 pk-lazyload\"  data-pk-sizes=\"auto\"  data-ls-sizes=\"auto, (max-width: 1280px) 100vw, 1280px\"  data-pk-src=\"https:\/\/radiosolaris.com.br\/beta\/wp-content\/uploads\/2022\/07\/Flores-da-Cunha-ganhara-quarta-filial-da-Rede-de-Farmacias-Sao-Joao-1.jpeg\"  data-pk-srcset=\"https:\/\/radiosolaris.com.br\/beta\/wp-content\/uploads\/2022\/07\/Flores-da-Cunha-ganhara-quarta-filial-da-Rede-de-Farmacias-Sao-Joao-1.jpeg 1280w, https:\/\/radiosolaris.com.br\/beta\/wp-content\/uploads\/2022\/07\/Flores-da-Cunha-ganhara-quarta-filial-da-Rede-de-Farmacias-Sao-Joao-1-300x225.jpeg 300w, https:\/\/radiosolaris.com.br\/beta\/wp-content\/uploads\/2022\/07\/Flores-da-Cunha-ganhara-quarta-filial-da-Rede-de-Farmacias-Sao-Joao-1-768x576.jpeg 768w, https:\/\/radiosolaris.com.br\/beta\/wp-content\/uploads\/2022\/07\/Flores-da-Cunha-ganhara-quarta-filial-da-Rede-de-Farmacias-Sao-Joao-1-1160x870.jpeg 1160w, https:\/\/radiosolaris.com.br\/beta\/wp-content\/uploads\/2022\/07\/Flores-da-Cunha-ganhara-quarta-filial-da-Rede-de-Farmacias-Sao-Joao-1-800x600.jpeg 800w\" ><\/a><\/figure>\n\n\n\n<figure class=\"wp-block-image size-large\"><a href=\"https:\/\/radiosolaris.com.br\/beta\/wp-content\/uploads\/2022\/07\/Flores-da-Cunha-ganhara-quarta-filial-da-Rede-de-Farmacias-Sao-Joao-2.jpeg\"><img  loading=\"lazy\"  decoding=\"async\"  width=\"1280\"  height=\"960\"  data-id=\"83219\"  src=\"data:image\/png;base64,iVBORw0KGgoAAAANSUhEUgAAAAEAAAABAQMAAAAl21bKAAAAA1BMVEUAAP+KeNJXAAAAAXRSTlMAQObYZgAAAAlwSFlzAAAOxAAADsQBlSsOGwAAAApJREFUCNdjYAAAAAIAAeIhvDMAAAAASUVORK5CYII=\"  alt=\"\"  class=\"wp-image-83219 pk-lazyload\"  data-pk-sizes=\"auto\"  data-ls-sizes=\"auto, (max-width: 1280px) 100vw, 1280px\"  data-pk-src=\"https:\/\/radiosolaris.com.br\/beta\/wp-content\/uploads\/2022\/07\/Flores-da-Cunha-ganhara-quarta-filial-da-Rede-de-Farmacias-Sao-Joao-2.jpeg\"  data-pk-srcset=\"https:\/\/radiosolaris.com.br\/beta\/wp-content\/uploads\/2022\/07\/Flores-da-Cunha-ganhara-quarta-filial-da-Rede-de-Farmacias-Sao-Joao-2.jpeg 1280w, https:\/\/radiosolaris.com.br\/beta\/wp-content\/uploads\/2022\/07\/Flores-da-Cunha-ganhara-quarta-filial-da-Rede-de-Farmacias-Sao-Joao-2-300x225.jpeg 300w, https:\/\/radiosolaris.com.br\/beta\/wp-content\/uploads\/2022\/07\/Flores-da-Cunha-ganhara-quarta-filial-da-Rede-de-Farmacias-Sao-Joao-2-768x576.jpeg 768w, https:\/\/radiosolaris.com.br\/beta\/wp-content\/uploads\/2022\/07\/Flores-da-Cunha-ganhara-quarta-filial-da-Rede-de-Farmacias-Sao-Joao-2-1024x768.jpeg 1024w\" ><\/a><\/figure>\n\n\n\n<figure class=\"wp-block-image size-large\"><a href=\"https:\/\/radiosolaris.com.br\/beta\/wp-content\/uploads\/2022\/07\/Flores-da-Cunha-ganhara-quarta-filial-da-Rede-de-Farmacias-Sao-Joao-3.jpeg\"><img  loading=\"lazy\"  decoding=\"async\"  width=\"1280\"  height=\"960\"  data-id=\"83220\"  src=\"data:image\/png;base64,iVBORw0KGgoAAAANSUhEUgAAAAEAAAABAQMAAAAl21bKAAAAA1BMVEUAAP+KeNJXAAAAAXRSTlMAQObYZgAAAAlwSFlzAAAOxAAADsQBlSsOGwAAAApJREFUCNdjYAAAAAIAAeIhvDMAAAAASUVORK5CYII=\"  alt=\"\"  class=\"wp-image-83220 pk-lazyload\"  data-pk-sizes=\"auto\"  data-pk-src=\"https:\/\/radiosolaris.com.br\/beta\/wp-content\/uploads\/2022\/07\/Flores-da-Cunha-ganhara-quarta-filial-da-Rede-de-Farmacias-Sao-Joao-3.jpeg\" ><\/a><\/figure>\n\n\n\n<figure class=\"wp-block-image size-large\"><a href=\"https:\/\/radiosolaris.com.br\/beta\/wp-content\/uploads\/2022\/07\/Flores-da-Cunha-ganhara-quarta-filial-da-Rede-de-Farmacias-Sao-Joao-4.jpeg\"><img  loading=\"lazy\"  decoding=\"async\"  width=\"1280\"  height=\"960\"  data-id=\"83221\"  src=\"data:image\/png;base64,iVBORw0KGgoAAAANSUhEUgAAAAEAAAABAQMAAAAl21bKAAAAA1BMVEUAAP+KeNJXAAAAAXRSTlMAQObYZgAAAAlwSFlzAAAOxAAADsQBlSsOGwAAAApJREFUCNdjYAAAAAIAAeIhvDMAAAAASUVORK5CYII=\"  alt=\"\"  class=\"wp-image-83221 pk-lazyload\"  data-pk-sizes=\"auto\"  data-ls-sizes=\"auto, (max-width: 1280px) 100vw, 1280px\"  data-pk-src=\"https:\/\/radiosolaris.com.br\/beta\/wp-content\/uploads\/2022\/07\/Flores-da-Cunha-ganhara-quarta-filial-da-Rede-de-Farmacias-Sao-Joao-4.jpeg\"  data-pk-srcset=\"https:\/\/radiosolaris.com.br\/beta\/wp-content\/uploads\/2022\/07\/Flores-da-Cunha-ganhara-quarta-filial-da-Rede-de-Farmacias-Sao-Joao-4.jpeg 1280w, https:\/\/radiosolaris.com.br\/beta\/wp-content\/uploads\/2022\/07\/Flores-da-Cunha-ganhara-quarta-filial-da-Rede-de-Farmacias-Sao-Joao-4-300x225.jpeg 300w, https:\/\/radiosolaris.com.br\/beta\/wp-content\/uploads\/2022\/07\/Flores-da-Cunha-ganhara-quarta-filial-da-Rede-de-Farmacias-Sao-Joao-4-768x576.jpeg 768w, https:\/\/radiosolaris.com.br\/beta\/wp-content\/uploads\/2022\/07\/Flores-da-Cunha-ganhara-quarta-filial-da-Rede-de-Farmacias-Sao-Joao-4-1024x768.jpeg 1024w\" ><\/a><\/figure>\n\n\n\n<figure class=\"wp-block-image size-large\"><a href=\"https:\/\/radiosolaris.com.br\/beta\/wp-content\/uploads\/2022\/07\/Flores-da-Cunha-ganhara-quarta-filial-da-Rede-de-Farmacias-Sao-Joao-5.jpeg\"><img  loading=\"lazy\"  decoding=\"async\"  width=\"1280\"  height=\"960\"  data-id=\"83222\"  src=\"data:image\/png;base64,iVBORw0KGgoAAAANSUhEUgAAAAEAAAABAQMAAAAl21bKAAAAA1BMVEUAAP+KeNJXAAAAAXRSTlMAQObYZgAAAAlwSFlzAAAOxAAADsQBlSsOGwAAAApJREFUCNdjYAAAAAIAAeIhvDMAAAAASUVORK5CYII=\"  alt=\"\"  class=\"wp-image-83222 pk-lazyload\"  data-pk-sizes=\"auto\"  data-pk-src=\"https:\/\/radiosolaris.com.br\/beta\/wp-content\/uploads\/2022\/07\/Flores-da-Cunha-ganhara-quarta-filial-da-Rede-de-Farmacias-Sao-Joao-5.jpeg\" ><\/a><\/figure>\n\n\n\n<figure class=\"wp-block-image size-large\"><a href=\"https:\/\/radiosolaris.com.br\/beta\/wp-content\/uploads\/2022\/07\/Flores-da-Cunha-ganhara-quarta-filial-da-Rede-de-Farmacias-Sao-Joao-6.jpeg\"><img  loading=\"lazy\"  decoding=\"async\"  width=\"1280\"  height=\"960\"  data-id=\"83223\"  src=\"data:image\/png;base64,iVBORw0KGgoAAAANSUhEUgAAAAEAAAABAQMAAAAl21bKAAAAA1BMVEUAAP+KeNJXAAAAAXRSTlMAQObYZgAAAAlwSFlzAAAOxAAADsQBlSsOGwAAAApJREFUCNdjYAAAAAIAAeIhvDMAAAAASUVORK5CYII=\"  alt=\"\"  class=\"wp-image-83223 pk-lazyload\"  data-pk-sizes=\"auto\"  data-pk-src=\"https:\/\/radiosolaris.com.br\/beta\/wp-content\/uploads\/2022\/07\/Flores-da-Cunha-ganhara-quarta-filial-da-Rede-de-Farmacias-Sao-Joao-6.jpeg\" ><\/a><\/figure>\n\n\n\n<figure class=\"wp-block-image size-large\"><a href=\"https:\/\/radiosolaris.com.br\/beta\/wp-content\/uploads\/2022\/07\/Flores-da-Cunha-ganhara-quarta-filial-da-Rede-de-Farmacias-Sao-Joao-7.jpeg\"><img  loading=\"lazy\"  decoding=\"async\"  width=\"1280\"  height=\"960\"  data-id=\"83224\"  src=\"data:image\/png;base64,iVBORw0KGgoAAAANSUhEUgAAAAEAAAABAQMAAAAl21bKAAAAA1BMVEUAAP+KeNJXAAAAAXRSTlMAQObYZgAAAAlwSFlzAAAOxAAADsQBlSsOGwAAAApJREFUCNdjYAAAAAIAAeIhvDMAAAAASUVORK5CYII=\"  alt=\"\"  class=\"wp-image-83224 pk-lazyload\"  data-pk-sizes=\"auto\"  data-pk-src=\"https:\/\/radiosolaris.com.br\/beta\/wp-content\/uploads\/2022\/07\/Flores-da-Cunha-ganhara-quarta-filial-da-Rede-de-Farmacias-Sao-Joao-7.jpeg\" ><\/a><\/figure>\n\n\n\n<figure class=\"wp-block-image size-large\"><a href=\"https:\/\/radiosolaris.com.br\/beta\/wp-content\/uploads\/2022\/07\/Flores-da-Cunha-ganhara-quarta-filial-da-Rede-de-Farmacias-Sao-Joao-8.jpeg\"><img  loading=\"lazy\"  decoding=\"async\"  width=\"1280\"  height=\"960\"  data-id=\"83225\"  src=\"data:image\/png;base64,iVBORw0KGgoAAAANSUhEUgAAAAEAAAABAQMAAAAl21bKAAAAA1BMVEUAAP+KeNJXAAAAAXRSTlMAQObYZgAAAAlwSFlzAAAOxAAADsQBlSsOGwAAAApJREFUCNdjYAAAAAIAAeIhvDMAAAAASUVORK5CYII=\"  alt=\"\"  class=\"wp-image-83225 pk-lazyload\"  data-pk-sizes=\"auto\"  data-ls-sizes=\"auto, (max-width: 1280px) 100vw, 1280px\"  data-pk-src=\"https:\/\/radiosolaris.com.br\/beta\/wp-content\/uploads\/2022\/07\/Flores-da-Cunha-ganhara-quarta-filial-da-Rede-de-Farmacias-Sao-Joao-8.jpeg\"  data-pk-srcset=\"https:\/\/radiosolaris.com.br\/beta\/wp-content\/uploads\/2022\/07\/Flores-da-Cunha-ganhara-quarta-filial-da-Rede-de-Farmacias-Sao-Joao-8.jpeg 1280w, https:\/\/radiosolaris.com.br\/beta\/wp-content\/uploads\/2022\/07\/Flores-da-Cunha-ganhara-quarta-filial-da-Rede-de-Farmacias-Sao-Joao-8-300x225.jpeg 300w, https:\/\/radiosolaris.com.br\/beta\/wp-content\/uploads\/2022\/07\/Flores-da-Cunha-ganhara-quarta-filial-da-Rede-de-Farmacias-Sao-Joao-8-768x576.jpeg 768w, https:\/\/radiosolaris.com.br\/beta\/wp-content\/uploads\/2022\/07\/Flores-da-Cunha-ganhara-quarta-filial-da-Rede-de-Farmacias-Sao-Joao-8-1024x768.jpeg 1024w\" ><\/a><\/figure>\n<figcaption class=\"blocks-gallery-caption\">Fotos: Filipe Brogliatto\/ Grupo Solaris<\/figcaption><\/figure>\n","protected":false},"excerpt":{"rendered":"<p>Inaugura\u00e7\u00e3o da nova loja, localizada na rua Tiradentes, 430, no centro, ocorre nesta sexta-feira (8) Inaugura nesta sexta-feira (8), a quarta filial da Rede de Farm\u00e1cias S\u00e3o Jo\u00e3o na cidade&hellip;<\/p>\n","protected":false},"author":13,"featured_media":83218,"comment_status":"closed","ping_status":"closed","sticky":false,"template":"","format":"standard","meta":{"_lmt_disableupdate":"","_lmt_disable":"","footnotes":""},"categories":[91],"tags":[6734,114,244,12456,12455,992,283],"powerkit_post_featured":[],"class_list":{"0":"post-83217","1":"post","2":"type-post","3":"status-publish","4":"format-standard","5":"has-post-thumbnail","7":"category-publieditorial","8":"tag-farmacia-sao-joao","9":"tag-flores-da-cunha","10":"tag-inauguracao","11":"tag-inauguracao-farmacia-sao-joao","12":"tag-rede-de-farmacias-sao-joao","13":"tag-serra","14":"tag-serra-gaucha"},"modified_by":"Filipe Brogliatto","_links":{"self":[{"href":"https:\/\/radiosolaris.com.br\/beta\/wp-json\/wp\/v2\/posts\/83217","targetHints":{"allow":["GET"]}}],"collection":[{"href":"https:\/\/radiosolaris.com.br\/beta\/wp-json\/wp\/v2\/posts"}],"about":[{"href":"https:\/\/radiosolaris.com.br\/beta\/wp-json\/wp\/v2\/types\/post"}],"author":[{"embeddable":true,"href":"https:\/\/radiosolaris.com.br\/beta\/wp-json\/wp\/v2\/users\/13"}],"replies":[{"embeddable":true,"href":"https:\/\/radiosolaris.com.br\/beta\/wp-json\/wp\/v2\/comments?post=83217"}],"version-history":[{"count":0,"href":"https:\/\/radiosolaris.com.br\/beta\/wp-json\/wp\/v2\/posts\/83217\/revisions"}],"wp:featuredmedia":[{"embeddable":true,"href":"https:\/\/radiosolaris.com.br\/beta\/wp-json\/wp\/v2\/media\/83218"}],"wp:attachment":[{"href":"https:\/\/radiosolaris.com.br\/beta\/wp-json\/wp\/v2\/media?parent=83217"}],"wp:term":[{"taxonomy":"category","embeddable":true,"href":"https:\/\/radiosolaris.com.br\/beta\/wp-json\/wp\/v2\/categories?post=83217"},{"taxonomy":"post_tag","embeddable":true,"href":"https:\/\/radiosolaris.com.br\/beta\/wp-json\/wp\/v2\/tags?post=83217"},{"taxonomy":"powerkit_post_featured","embeddable":true,"href":"https:\/\/radiosolaris.com.br\/beta\/wp-json\/wp\/v2\/powerkit_post_featured?post=83217"}],"curies":[{"name":"wp","href":"https:\/\/api.w.org\/{rel}","templated":true}]}}