{"id":83207,"date":"2022-07-07T13:45:32","date_gmt":"2022-07-07T16:45:32","guid":{"rendered":"https:\/\/radiosolaris.com.br\/beta\/?p=83207"},"modified":"2022-07-07T13:51:25","modified_gmt":"2022-07-07T16:51:25","slug":"dois-veiculos-se-envolvem-em-colisao-no-centro-de-flores-da-cunha","status":"publish","type":"post","link":"https:\/\/radiosolaris.com.br\/beta\/dois-veiculos-se-envolvem-em-colisao-no-centro-de-flores-da-cunha\/","title":{"rendered":"Dois ve\u00edculos se envolvem em colis\u00e3o no centro de Flores da Cunha"},"content":{"rendered":"\n<h4 id=\"acidente-aconteceu-no-cruzamento-da-avenida-25-de-julho-com-a-barros-cassal\" class=\"wp-block-heading\">Acidente aconteceu no cruzamento da avenida 25 de Julho com a Barros Cassal<\/h4>\n\n\n\n<p>Uma colis\u00e3o envolvendo dois ve\u00edculos de passeio foi registrada pouco antes das 12h30min desta quinta-feira (7), no centro de Flores da Cunha. O acidente aconteceu no cruzamento da avenida 25 de Julho com a Barros Cassal.<\/p>\n\n\n\n<p>De acordo com testemunhas, o ve\u00edculo Chevrolet Onix seguia pela avenida, na dire\u00e7\u00e3o centro-bairro, quando parou na pista para realizar uma convers\u00e3o \u00e0 esquerda. Quando foi realizar a convers\u00e3o, a condutora n\u00e3o avistou o Volkswagen Fox que seguia na sentido contr\u00e1rio, ocasionando a batida.<\/p>\n\n\n\n<p>Ningu\u00e9m ficou ferido. <\/p>\n\n\n\n<figure class=\"wp-block-gallery has-nested-images columns-1 is-cropped wp-block-gallery-1 is-layout-flex wp-block-gallery-is-layout-flex\">\n<figure class=\"wp-block-image size-large\"><a href=\"https:\/\/radiosolaris.com.br\/beta\/wp-content\/uploads\/2022\/07\/Dois-veiculos-se-envolvem-em-colisao-no-centro-de-Flores-da-Cunha-1.jpeg\"><img  decoding=\"async\"  data-id=\"83209\"  src=\"data:image\/png;base64,iVBORw0KGgoAAAANSUhEUgAAAAEAAAABAQMAAAAl21bKAAAAA1BMVEUAAP+KeNJXAAAAAXRSTlMAQObYZgAAAAlwSFlzAAAOxAAADsQBlSsOGwAAAApJREFUCNdjYAAAAAIAAeIhvDMAAAAASUVORK5CYII=\"  alt=\"\"  class=\"wp-image-83209 pk-lazyload\"  data-pk-sizes=\"auto\"  data-pk-src=\"https:\/\/radiosolaris.com.br\/beta\/wp-content\/uploads\/2022\/07\/Dois-veiculos-se-envolvem-em-colisao-no-centro-de-Flores-da-Cunha-1-1024x768.jpeg\" ><\/a><\/figure>\n\n\n\n<figure class=\"wp-block-image size-large\"><a href=\"https:\/\/radiosolaris.com.br\/beta\/wp-content\/uploads\/2022\/07\/Dois-veiculos-se-envolvem-em-colisao-no-centro-de-Flores-da-Cunha-2.jpeg\"><img  loading=\"lazy\"  decoding=\"async\"  width=\"1024\"  height=\"576\"  data-id=\"83208\"  src=\"data:image\/png;base64,iVBORw0KGgoAAAANSUhEUgAAAAEAAAABAQMAAAAl21bKAAAAA1BMVEUAAP+KeNJXAAAAAXRSTlMAQObYZgAAAAlwSFlzAAAOxAAADsQBlSsOGwAAAApJREFUCNdjYAAAAAIAAeIhvDMAAAAASUVORK5CYII=\"  alt=\"\"  class=\"wp-image-83208 pk-lazyload\"  data-pk-sizes=\"auto\"  data-ls-sizes=\"auto, (max-width: 1024px) 100vw, 1024px\"  data-pk-src=\"https:\/\/radiosolaris.com.br\/beta\/wp-content\/uploads\/2022\/07\/Dois-veiculos-se-envolvem-em-colisao-no-centro-de-Flores-da-Cunha-2-1024x576.jpeg\"  data-pk-srcset=\"https:\/\/radiosolaris.com.br\/beta\/wp-content\/uploads\/2022\/07\/Dois-veiculos-se-envolvem-em-colisao-no-centro-de-Flores-da-Cunha-2-1024x576.jpeg 1024w, https:\/\/radiosolaris.com.br\/beta\/wp-content\/uploads\/2022\/07\/Dois-veiculos-se-envolvem-em-colisao-no-centro-de-Flores-da-Cunha-2-300x169.jpeg 300w, https:\/\/radiosolaris.com.br\/beta\/wp-content\/uploads\/2022\/07\/Dois-veiculos-se-envolvem-em-colisao-no-centro-de-Flores-da-Cunha-2-768x432.jpeg 768w, https:\/\/radiosolaris.com.br\/beta\/wp-content\/uploads\/2022\/07\/Dois-veiculos-se-envolvem-em-colisao-no-centro-de-Flores-da-Cunha-2.jpeg 1280w\" ><\/a><\/figure>\n<\/figure>\n","protected":false},"excerpt":{"rendered":"<p>Acidente aconteceu no cruzamento da avenida 25 de Julho com a Barros Cassal Uma colis\u00e3o envolvendo dois ve\u00edculos de passeio foi registrada pouco antes das 12h30min desta quinta-feira (7), no&hellip;<\/p>\n","protected":false},"author":13,"featured_media":83209,"comment_status":"closed","ping_status":"closed","sticky":false,"template":"","format":"standard","meta":{"_lmt_disableupdate":"","_lmt_disable":"","footnotes":""},"categories":[83],"tags":[307,4354,114,3040,7977,992,283,351],"powerkit_post_featured":[],"class_list":{"0":"post-83207","1":"post","2":"type-post","3":"status-publish","4":"format-standard","5":"has-post-thumbnail","7":"category-serra-gaucha","8":"tag-acidente","9":"tag-avenida-25-de-julho","10":"tag-flores-da-cunha","11":"tag-ocorrencia","12":"tag-rua-barros-cassal","13":"tag-serra","14":"tag-serra-gaucha","15":"tag-transito"},"modified_by":"Filipe Brogliatto","_links":{"self":[{"href":"https:\/\/radiosolaris.com.br\/beta\/wp-json\/wp\/v2\/posts\/83207","targetHints":{"allow":["GET"]}}],"collection":[{"href":"https:\/\/radiosolaris.com.br\/beta\/wp-json\/wp\/v2\/posts"}],"about":[{"href":"https:\/\/radiosolaris.com.br\/beta\/wp-json\/wp\/v2\/types\/post"}],"author":[{"embeddable":true,"href":"https:\/\/radiosolaris.com.br\/beta\/wp-json\/wp\/v2\/users\/13"}],"replies":[{"embeddable":true,"href":"https:\/\/radiosolaris.com.br\/beta\/wp-json\/wp\/v2\/comments?post=83207"}],"version-history":[{"count":0,"href":"https:\/\/radiosolaris.com.br\/beta\/wp-json\/wp\/v2\/posts\/83207\/revisions"}],"wp:featuredmedia":[{"embeddable":true,"href":"https:\/\/radiosolaris.com.br\/beta\/wp-json\/wp\/v2\/media\/83209"}],"wp:attachment":[{"href":"https:\/\/radiosolaris.com.br\/beta\/wp-json\/wp\/v2\/media?parent=83207"}],"wp:term":[{"taxonomy":"category","embeddable":true,"href":"https:\/\/radiosolaris.com.br\/beta\/wp-json\/wp\/v2\/categories?post=83207"},{"taxonomy":"post_tag","embeddable":true,"href":"https:\/\/radiosolaris.com.br\/beta\/wp-json\/wp\/v2\/tags?post=83207"},{"taxonomy":"powerkit_post_featured","embeddable":true,"href":"https:\/\/radiosolaris.com.br\/beta\/wp-json\/wp\/v2\/powerkit_post_featured?post=83207"}],"curies":[{"name":"wp","href":"https:\/\/api.w.org\/{rel}","templated":true}]}}