{"id":83014,"date":"2022-07-05T16:19:37","date_gmt":"2022-07-05T19:19:37","guid":{"rendered":"https:\/\/radiosolaris.com.br\/beta\/?p=83014"},"modified":"2022-07-05T17:24:07","modified_gmt":"2022-07-05T20:24:07","slug":"adolescente-esta-desaparecida-ha-tres-semanas-em-caxias-do-sul","status":"publish","type":"post","link":"https:\/\/radiosolaris.com.br\/beta\/adolescente-esta-desaparecida-ha-tres-semanas-em-caxias-do-sul\/","title":{"rendered":"Adolescente est\u00e1 desaparecida h\u00e1 tr\u00eas semanas em Caxias do Sul"},"content":{"rendered":"\n<h4 id=\"na-ultima-vez-em-que-alguem-falou-com-ela-julia-karoliny-sarmento-oeiras-disse-que-nao-estava-bem-e-pedia-por-oracoes\" class=\"wp-block-heading\">Na \u00faltima vez em que algu\u00e9m falou com ela, Julia Karoliny Sarmento Oeiras disse que n\u00e3o estava bem e pedia por ora\u00e7\u00f5es<\/h4>\n\n\n\n<p>Julia Karoliny Sarmento Oeiras, de 15 anos, est\u00e1 desparecida h\u00e1 tr\u00eas semanas em Caxias do Sul. Conforme relato da fam\u00edlia, ela saiu de casa na rua Dionisio Adami, no bairro Nossa Senhora das Gra\u00e7as, em uma ter\u00e7a-feira, dia 14 de junho, para ir a escola. Por\u00e9m, conforme a institui\u00e7\u00e3o onde Julia estudava, ela n\u00e3o apareceu desde aquele dia.<\/p>\n\n\n\n<p>Conforme o testemunho da m\u00e3e, no dia em que Julia sumiu, ela chegou a trocar mensagens com a filha, mas sem que esta manifestasse qualquer indicativo de que havia um problema com ela. Ap\u00f3s n\u00e3o voltar mais pra casa no final do dia, a conta de uma rede social da menina foi exclu\u00edda e o celular permanece desligado.<\/p>\n\n\n\n<p>Uma das melhores amigas da menina, foi quem recebeu a \u00faltima mensagem de Julia. No texto, ela dizia que n\u00e3o estava bem e pedia que a amiga rezasse por ela.<\/p>\n\n\n\n<p>Qualquer informa\u00e7\u00e3o sobre o paradeiro de Julia pode ser repassado para a Pol\u00edcia Civil pelo (54) 3238-7708, ou diretamente para a Brigada Militar, pelo 190.<\/p>\n\n\n\n<figure class=\"wp-block-gallery has-nested-images columns-default is-cropped wp-block-gallery-1 is-layout-flex wp-block-gallery-is-layout-flex\">\n<figure class=\"wp-block-image size-large\"><img  loading=\"lazy\"  decoding=\"async\"  width=\"900\"  height=\"719\"  data-id=\"83016\"  src=\"data:image\/png;base64,iVBORw0KGgoAAAANSUhEUgAAA4QAAALPAQMAAAAAaJxjAAAAA1BMVEUAAP+KeNJXAAAAAXRSTlMAQObYZgAAAAlwSFlzAAAOxAAADsQBlSsOGwAAAGZJREFUeNrtwQENAAAAwqD3T20ON6AAAAAAAAAAAAAAAAAAAAAAAAAAAAAAAAAAAAAAAAAAAAAAAAAAAAAAAAAAAAAAAAAAAAAAAAAAAAAAAAAAAAAAAAAAAAAAAAAAAAAAAAAA+DNAPQAB4jaSFwAAAABJRU5ErkJggg==\"  alt=\"\"  class=\"wp-image-83016 pk-lazyload\"  data-pk-sizes=\"auto\"  data-ls-sizes=\"auto, (max-width: 900px) 100vw, 900px\"  data-pk-src=\"https:\/\/radiosolaris.com.br\/beta\/wp-content\/uploads\/2022\/07\/WhatsApp-Image-2022-07-05-at-08.57.03.jpeg\"  data-pk-srcset=\"https:\/\/radiosolaris.com.br\/beta\/wp-content\/uploads\/2022\/07\/WhatsApp-Image-2022-07-05-at-08.57.03.jpeg 900w, https:\/\/radiosolaris.com.br\/beta\/wp-content\/uploads\/2022\/07\/WhatsApp-Image-2022-07-05-at-08.57.03-800x639.jpeg 800w\" ><\/figure>\n<figcaption class=\"blocks-gallery-caption\">Julia saiu de casa no dia 14 de junho<br>Foto: Divulga\u00e7\u00e3o<\/figcaption><\/figure>\n","protected":false},"excerpt":{"rendered":"<p>Na \u00faltima vez em que algu\u00e9m falou com ela, Julia Karoliny Sarmento Oeiras disse que n\u00e3o estava bem e pedia por ora\u00e7\u00f5es Julia Karoliny Sarmento Oeiras, de 15 anos, est\u00e1&hellip;<\/p>\n","protected":false},"author":17,"featured_media":83016,"comment_status":"closed","ping_status":"closed","sticky":false,"template":"","format":"standard","meta":{"_lmt_disableupdate":"","_lmt_disable":"","footnotes":""},"categories":[93],"tags":[12415,12414,148,12416,283],"powerkit_post_featured":[],"class_list":{"0":"post-83014","1":"post","2":"type-post","3":"status-publish","4":"format-standard","5":"has-post-thumbnail","7":"category-noticias-rs","8":"tag-adolescente-desaparecida","9":"tag-bairro-nossa-senhora-das-gracas","10":"tag-caxias-do-sul","11":"tag-julia-karoliny-sarmento-oeiras","12":"tag-serra-gaucha"},"modified_by":"Igor Panzenhagen","_links":{"self":[{"href":"https:\/\/radiosolaris.com.br\/beta\/wp-json\/wp\/v2\/posts\/83014","targetHints":{"allow":["GET"]}}],"collection":[{"href":"https:\/\/radiosolaris.com.br\/beta\/wp-json\/wp\/v2\/posts"}],"about":[{"href":"https:\/\/radiosolaris.com.br\/beta\/wp-json\/wp\/v2\/types\/post"}],"author":[{"embeddable":true,"href":"https:\/\/radiosolaris.com.br\/beta\/wp-json\/wp\/v2\/users\/17"}],"replies":[{"embeddable":true,"href":"https:\/\/radiosolaris.com.br\/beta\/wp-json\/wp\/v2\/comments?post=83014"}],"version-history":[{"count":0,"href":"https:\/\/radiosolaris.com.br\/beta\/wp-json\/wp\/v2\/posts\/83014\/revisions"}],"wp:featuredmedia":[{"embeddable":true,"href":"https:\/\/radiosolaris.com.br\/beta\/wp-json\/wp\/v2\/media\/83016"}],"wp:attachment":[{"href":"https:\/\/radiosolaris.com.br\/beta\/wp-json\/wp\/v2\/media?parent=83014"}],"wp:term":[{"taxonomy":"category","embeddable":true,"href":"https:\/\/radiosolaris.com.br\/beta\/wp-json\/wp\/v2\/categories?post=83014"},{"taxonomy":"post_tag","embeddable":true,"href":"https:\/\/radiosolaris.com.br\/beta\/wp-json\/wp\/v2\/tags?post=83014"},{"taxonomy":"powerkit_post_featured","embeddable":true,"href":"https:\/\/radiosolaris.com.br\/beta\/wp-json\/wp\/v2\/powerkit_post_featured?post=83014"}],"curies":[{"name":"wp","href":"https:\/\/api.w.org\/{rel}","templated":true}]}}