{"id":82850,"date":"2022-07-04T18:00:54","date_gmt":"2022-07-04T21:00:54","guid":{"rendered":"https:\/\/radiosolaris.com.br\/beta\/?p=82850"},"modified":"2022-07-04T18:04:24","modified_gmt":"2022-07-04T21:04:24","slug":"pesquisa-mostra-eduardo-leite-na-frente-de-onyx-lorenzoni-na-disputa-pelo-governo-do-rs","status":"publish","type":"post","link":"https:\/\/radiosolaris.com.br\/beta\/pesquisa-mostra-eduardo-leite-na-frente-de-onyx-lorenzoni-na-disputa-pelo-governo-do-rs\/","title":{"rendered":"Pesquisa mostra Eduardo Leite na frente de Onyx Lorenzoni na disputa pelo governo do RS"},"content":{"rendered":"\n<h4 id=\"de-acordo-com-o-parana-pesquisas-o-ex-governador-tem-29-e-o-ex-ministro-onyx-lorenzoni-pl-aparece-com-22\" class=\"wp-block-heading\">De acordo com o Paran\u00e1 Pesquisas, o ex-governador tem 29% e o ex-ministro Onyx Lorenzoni (PL) aparece com 22% <\/h4>\n\n\n\n<p>O novo levantamento do Paran\u00e1 Pesquisas para o governo do Rio Grande do Sul foi divulgado nesta segunda-feira (4) e mostra o ex-governador Eduardo Leite (PSDB), na lideran\u00e7a da inten\u00e7\u00e3o de votos, com 29%. O deputado federal e ex-ministro Onyx Lorenzoni (PL) aparece atr\u00e1s, com 22%.<br><br>O instituto de pesquisas explica que este \u00e9 o resultado da pesquisa estimulada, quando a lista de candidatos \u00e9 apresentada ao entrevistado. No entanto, na pesquisa espont\u00e2nea, quando n\u00e3o s\u00e3o apresentadas listas, 62% dos entrevistados n\u00e3o sabem ou n\u00e3o indicaram um nome.<\/p>\n\n\n\n<figure class=\"wp-block-gallery has-nested-images columns-default is-cropped wp-block-gallery-1 is-layout-flex wp-block-gallery-is-layout-flex\">\n<figure class=\"wp-block-image size-large\"><img  loading=\"lazy\"  decoding=\"async\"  width=\"800\"  height=\"533\"  data-id=\"82851\"  src=\"data:image\/png;base64,iVBORw0KGgoAAAANSUhEUgAAAAEAAAABAQMAAAAl21bKAAAAA1BMVEUAAP+KeNJXAAAAAXRSTlMAQObYZgAAAAlwSFlzAAAOxAAADsQBlSsOGwAAAApJREFUCNdjYAAAAAIAAeIhvDMAAAAASUVORK5CYII=\"  alt=\"\"  class=\"wp-image-82851 pk-lazyload\"  data-pk-sizes=\"auto\"  data-pk-src=\"https:\/\/radiosolaris.com.br\/beta\/wp-content\/uploads\/2022\/07\/08102939_1637782_gdo-8683628.jpg\" ><\/figure>\n<figcaption class=\"blocks-gallery-caption\">Encontro entre os atuais candidatos ainda em 2019, quando Lorenzoni era ministro do Governo Bolsonaro e Leite, governador do RS<br>Gustavo Mansur\/Divulga\u00e7\u00e3o Pal\u00e1cio Piratini<\/figcaption><\/figure>\n\n\n\n<h4 class=\"wp-block-heading\" id=\"primeiro-turno-estimulada-quando-uma-lista-de-candidatos-e-apresentada-ao-entrevistado\"><strong>Primeiro turno: estimulada (quando uma lista de candidatos \u00e9 apresentada ao entrevistado):<\/strong><\/h4>\n\n\n\n<p>Eduardo Leite (PSDB) \u2013 29,5%<br>Onyx Lorenzoni (PL) \u2013 22,1%<br>Beto Albuquerque (PSB) \u2013 7,6%<br>Luiz Carlos Heinze (Progressistas) \u2013 6,6%<br>Edegar Pretto (PT) \u2013 5,3%<br>Pedro Ruas (Psol) \u2013 2,5%<br>Vieira da Cunha (PDT) \u2013 2,2%<br>Gabriel Souza (MDB) \u2013 2,1%<br>Roberto Argenta (PSC) \u2013 1,2%<br>Brancos e nulos \u2013 10,5%<br>N\u00e3o sabem ou n\u00e3o responderam \u2013 10,5%<\/p>\n\n\n\n<h4 class=\"wp-block-heading\" id=\"primeiro-turno-espontanea-quando-os-entrevistados-nao-recebem-lista-de-candidatos-para-responder\"><strong>Primeiro turno: espont\u00e2nea (quando os entrevistados n\u00e3o recebem lista de candidatos para responder):<\/strong><\/h4>\n\n\n\n<p>N\u00e3o sabem ou n\u00e3o responderam \u2013 76,8%<br>Brancos e nulos \u2013 5,3%<br>Eduardo Leite (PSDB) \u2013 6,2%<br>Onyx Lorenzoni (PL) \u2013 5%<br>Luiz Carlos Heinze (Progressistas) \u2013 1,6%<br>Edegar Pretto (PT) \u2013 1,4%<br>Beto Albuquerque (PSB) \u2013 1,2%<br>Gabriel Souza (MDB) \u2013 0,8%<br>Pedro Ruas (Psol) \u2013 0,5%<br>Vieira da Cunha (PDT) \u2013 0,3%<br>Roberto Argenta (PSC) \u2013 0,3%<\/p>\n\n\n\n<p>Na pesquisa para segundo turno, foram testados tr\u00eas cen\u00e1rios. No primeiro, Leite venceria Onyx, com 43% contra 35% dos votos. No segundo, Leite venceria Beto Albuquerque, com 42% contra 28% dos votos. No terceiro, Onyx venceria Beto Albuquerque, com 35% contra 31% dos votos.<\/p>\n","protected":false},"excerpt":{"rendered":"<p>De acordo com o Paran\u00e1 Pesquisas, o ex-governador tem 29% e o ex-ministro Onyx Lorenzoni (PL) aparece com 22% O novo levantamento do Paran\u00e1 Pesquisas para o governo do Rio&hellip;<\/p>\n","protected":false},"author":17,"featured_media":82852,"comment_status":"closed","ping_status":"closed","sticky":false,"template":"","format":"standard","meta":{"_lmt_disableupdate":"","_lmt_disable":"","footnotes":""},"categories":[84,93],"tags":[1630,12384,1967,12385,12386,283],"powerkit_post_featured":[],"class_list":{"0":"post-82850","1":"post","2":"type-post","3":"status-publish","4":"format-standard","5":"has-post-thumbnail","7":"category-brasil","8":"category-noticias-rs","9":"tag-eduardo-leite","10":"tag-eleicoes-no-rs","11":"tag-onyx-lorenzoni","12":"tag-parana-pesquisas","13":"tag-pesquisa-de-intencao-de-voto-para-governo-do-rs","14":"tag-serra-gaucha"},"modified_by":"Igor Panzenhagen","_links":{"self":[{"href":"https:\/\/radiosolaris.com.br\/beta\/wp-json\/wp\/v2\/posts\/82850","targetHints":{"allow":["GET"]}}],"collection":[{"href":"https:\/\/radiosolaris.com.br\/beta\/wp-json\/wp\/v2\/posts"}],"about":[{"href":"https:\/\/radiosolaris.com.br\/beta\/wp-json\/wp\/v2\/types\/post"}],"author":[{"embeddable":true,"href":"https:\/\/radiosolaris.com.br\/beta\/wp-json\/wp\/v2\/users\/17"}],"replies":[{"embeddable":true,"href":"https:\/\/radiosolaris.com.br\/beta\/wp-json\/wp\/v2\/comments?post=82850"}],"version-history":[{"count":0,"href":"https:\/\/radiosolaris.com.br\/beta\/wp-json\/wp\/v2\/posts\/82850\/revisions"}],"wp:featuredmedia":[{"embeddable":true,"href":"https:\/\/radiosolaris.com.br\/beta\/wp-json\/wp\/v2\/media\/82852"}],"wp:attachment":[{"href":"https:\/\/radiosolaris.com.br\/beta\/wp-json\/wp\/v2\/media?parent=82850"}],"wp:term":[{"taxonomy":"category","embeddable":true,"href":"https:\/\/radiosolaris.com.br\/beta\/wp-json\/wp\/v2\/categories?post=82850"},{"taxonomy":"post_tag","embeddable":true,"href":"https:\/\/radiosolaris.com.br\/beta\/wp-json\/wp\/v2\/tags?post=82850"},{"taxonomy":"powerkit_post_featured","embeddable":true,"href":"https:\/\/radiosolaris.com.br\/beta\/wp-json\/wp\/v2\/powerkit_post_featured?post=82850"}],"curies":[{"name":"wp","href":"https:\/\/api.w.org\/{rel}","templated":true}]}}