{"id":82677,"date":"2022-07-02T01:06:39","date_gmt":"2022-07-02T04:06:39","guid":{"rendered":"https:\/\/radiosolaris.com.br\/beta\/?p=82677"},"modified":"2022-07-02T01:06:41","modified_gmt":"2022-07-02T04:06:41","slug":"bombeiros-visitam-apae-de-flores-da-cunha-e-sao-marcos","status":"publish","type":"post","link":"https:\/\/radiosolaris.com.br\/beta\/bombeiros-visitam-apae-de-flores-da-cunha-e-sao-marcos\/","title":{"rendered":"Bombeiros visitam Apae de Flores da Cunha e S\u00e3o Marcos"},"content":{"rendered":"\n<h4 id=\"na-semana-de-combate-contra-incendios-estudantes-de-varios-municipios-da-serra-gaucha-foram-mobilizados-para-entender-a-importancia-da-profissao\" class=\"wp-block-heading\">Na Semana de Combate Contra Inc\u00eandios estudantes de v\u00e1rios munic\u00edpios da Serra ga\u00facha foram mobilizados para entender a import\u00e2ncia da profiss\u00e3o<\/h4>\n\n\n\n<p>Esta semana certamente ficou um pouco mais alegre e trouxe inspira\u00e7\u00e3o e conhecimento para os alunos da Associa\u00e7\u00e3o de Pais e Amigos dos Excepcionais (Apae) de Flores da Cunha e S\u00e3o Marcos. Na Semana da Preven\u00e7\u00e3o Contra Inc\u00eandios do Corpo de Bombeiros Militar, profissionais visitaram as institui\u00e7\u00f5es para ensinar sobre situa\u00e7\u00f5es de emerg\u00eancia e sobre como acionar o socorro.<\/p>\n\n\n\n<p>A unidade florense foi visitada na ter\u00e7a-feira (28), pela tarde. Os bombeiros explicaram sobre riscos e cuidados dentro de casa e na escola.<\/p>\n\n\n\n<p>Em S\u00e3o Marcos, durante manh\u00e3 e tarde desta quinta-feira (30), integrantes de uma corpora\u00e7\u00e3o tamb\u00e9m visitaram os excepcionais. Ter o contato com o caminh\u00e3o dos bombeiros e as mangueiras para combate \u00e0 inc\u00eandios, por exemplo, trouxe momentos muito divertidos para todos.<\/p>\n\n\n\n<figure class=\"wp-block-gallery has-nested-images columns-default is-cropped wp-block-gallery-1 is-layout-flex wp-block-gallery-is-layout-flex\">\n<figure class=\"wp-block-image size-large\"><img  loading=\"lazy\"  decoding=\"async\"  width=\"1024\"  height=\"867\"  data-id=\"82709\"  src=\"data:image\/png;base64,iVBORw0KGgoAAAANSUhEUgAAAAEAAAABAQMAAAAl21bKAAAAA1BMVEUAAP+KeNJXAAAAAXRSTlMAQObYZgAAAAlwSFlzAAAOxAAADsQBlSsOGwAAAApJREFUCNdjYAAAAAIAAeIhvDMAAAAASUVORK5CYII=\"  alt=\"\"  class=\"wp-image-82709 pk-lazyload\"  data-pk-sizes=\"auto\"  data-ls-sizes=\"auto, (max-width: 1024px) 100vw, 1024px\"  data-pk-src=\"https:\/\/radiosolaris.com.br\/beta\/wp-content\/uploads\/2022\/07\/290313028_400942892076237_559140860590368322_n-2-1024x867.jpg\"  data-pk-srcset=\"https:\/\/radiosolaris.com.br\/beta\/wp-content\/uploads\/2022\/07\/290313028_400942892076237_559140860590368322_n-2-1024x867.jpg 1024w, https:\/\/radiosolaris.com.br\/beta\/wp-content\/uploads\/2022\/07\/290313028_400942892076237_559140860590368322_n-2-300x254.jpg 300w, https:\/\/radiosolaris.com.br\/beta\/wp-content\/uploads\/2022\/07\/290313028_400942892076237_559140860590368322_n-2-768x650.jpg 768w, https:\/\/radiosolaris.com.br\/beta\/wp-content\/uploads\/2022\/07\/290313028_400942892076237_559140860590368322_n-2.jpg 1353w\" ><\/figure>\n<\/figure>\n\n\n\n<figure class=\"wp-block-gallery has-nested-images columns-default is-cropped wp-block-gallery-2 is-layout-flex wp-block-gallery-is-layout-flex\">\n<figure class=\"wp-block-image size-large\"><img  decoding=\"async\"  data-id=\"82712\"  src=\"data:image\/png;base64,iVBORw0KGgoAAAANSUhEUgAAAAEAAAABAQMAAAAl21bKAAAAA1BMVEUAAP+KeNJXAAAAAXRSTlMAQObYZgAAAAlwSFlzAAAOxAAADsQBlSsOGwAAAApJREFUCNdjYAAAAAIAAeIhvDMAAAAASUVORK5CYII=\"  alt=\"\"  class=\"wp-image-82712 pk-lazyload\"  data-pk-sizes=\"auto\"  data-pk-src=\"https:\/\/radiosolaris.com.br\/beta\/wp-content\/uploads\/2022\/07\/291618716_400948258742367_349907205865939677_n-3-819x1024.jpg\" ><\/figure>\n<figcaption class=\"blocks-gallery-caption\">Na foto superior, visita \u00e0 Apae de Flores da Cunha\/ Na foto inferior, registro da atividade realizada na Apae de S\u00e3o Marcos<br>Foto: Divulga\u00e7\u00e3o\/Batalh\u00e3o de Bombeiros Militar<\/figcaption><\/figure>\n\n\n\n<p><br><br>\u00c9 importante salientar que durante toda a visita\u00e7\u00e3o o servi\u00e7o de emerg\u00eancia se manteve ativo.<\/p>\n\n\n\n<p>Al\u00e9m disso, em Caxias do Sul, Canela, Farroupilha, Flores da Cunha, Vacaria e Veran\u00f3polis, por exemplo, diferentes corpora\u00e7\u00f5es realizaram atividades alusivas a data com estudantes da rede p\u00fablica e privada. Em alguns casos, escolas visitaram as sedes dos bombeiros e em outros foram os bombeiros que foram at\u00e9 os estudantes.<\/p>\n\n\n\n<figure class=\"wp-block-gallery has-nested-images columns-default is-cropped wp-block-gallery-3 is-layout-flex wp-block-gallery-is-layout-flex\">\n<figure class=\"wp-block-image size-large\"><img  loading=\"lazy\"  decoding=\"async\"  width=\"819\"  height=\"1024\"  data-id=\"82685\"  src=\"data:image\/png;base64,iVBORw0KGgoAAAANSUhEUgAAAAEAAAABAQMAAAAl21bKAAAAA1BMVEUAAP+KeNJXAAAAAXRSTlMAQObYZgAAAAlwSFlzAAAOxAAADsQBlSsOGwAAAApJREFUCNdjYAAAAAIAAeIhvDMAAAAASUVORK5CYII=\"  alt=\"\"  class=\"wp-image-82685 pk-lazyload\"  data-pk-sizes=\"auto\"  data-ls-sizes=\"auto, (max-width: 819px) 100vw, 819px\"  data-pk-src=\"https:\/\/radiosolaris.com.br\/beta\/wp-content\/uploads\/2022\/07\/291912463_400948252075701_7421402011210825018_n-819x1024.jpg\"  data-pk-srcset=\"https:\/\/radiosolaris.com.br\/beta\/wp-content\/uploads\/2022\/07\/291912463_400948252075701_7421402011210825018_n-819x1024.jpg 819w, https:\/\/radiosolaris.com.br\/beta\/wp-content\/uploads\/2022\/07\/291912463_400948252075701_7421402011210825018_n-240x300.jpg 240w, https:\/\/radiosolaris.com.br\/beta\/wp-content\/uploads\/2022\/07\/291912463_400948252075701_7421402011210825018_n-768x960.jpg 768w, https:\/\/radiosolaris.com.br\/beta\/wp-content\/uploads\/2022\/07\/291912463_400948252075701_7421402011210825018_n.jpg 1024w\" ><\/figure>\n\n\n\n<figure class=\"wp-block-image size-large\"><img  loading=\"lazy\"  decoding=\"async\"  width=\"819\"  height=\"1024\"  data-id=\"82679\"  src=\"data:image\/png;base64,iVBORw0KGgoAAAANSUhEUgAAAAEAAAABAQMAAAAl21bKAAAAA1BMVEUAAP+KeNJXAAAAAXRSTlMAQObYZgAAAAlwSFlzAAAOxAAADsQBlSsOGwAAAApJREFUCNdjYAAAAAIAAeIhvDMAAAAASUVORK5CYII=\"  alt=\"\"  class=\"wp-image-82679 pk-lazyload\"  data-pk-sizes=\"auto\"  data-ls-sizes=\"auto, (max-width: 819px) 100vw, 819px\"  data-pk-src=\"https:\/\/radiosolaris.com.br\/beta\/wp-content\/uploads\/2022\/07\/291671911_400948255409034_2726452524977063152_n-819x1024.jpg\"  data-pk-srcset=\"https:\/\/radiosolaris.com.br\/beta\/wp-content\/uploads\/2022\/07\/291671911_400948255409034_2726452524977063152_n-819x1024.jpg 819w, https:\/\/radiosolaris.com.br\/beta\/wp-content\/uploads\/2022\/07\/291671911_400948255409034_2726452524977063152_n-240x300.jpg 240w, https:\/\/radiosolaris.com.br\/beta\/wp-content\/uploads\/2022\/07\/291671911_400948255409034_2726452524977063152_n-768x960.jpg 768w, https:\/\/radiosolaris.com.br\/beta\/wp-content\/uploads\/2022\/07\/291671911_400948255409034_2726452524977063152_n.jpg 1024w\" ><\/figure>\n\n\n\n<figure class=\"wp-block-image size-large\"><img  decoding=\"async\"  data-id=\"82684\"  src=\"data:image\/png;base64,iVBORw0KGgoAAAANSUhEUgAAAAEAAAABAQMAAAAl21bKAAAAA1BMVEUAAP+KeNJXAAAAAXRSTlMAQObYZgAAAAlwSFlzAAAOxAAADsQBlSsOGwAAAApJREFUCNdjYAAAAAIAAeIhvDMAAAAASUVORK5CYII=\"  alt=\"\"  class=\"wp-image-82684 pk-lazyload\"  data-pk-sizes=\"auto\"  data-pk-src=\"https:\/\/radiosolaris.com.br\/beta\/wp-content\/uploads\/2022\/07\/291670346_400948248742368_3005719461883641646_n-819x1024.jpg\" ><\/figure>\n\n\n\n<figure class=\"wp-block-image size-large\"><img  loading=\"lazy\"  decoding=\"async\"  width=\"1024\"  height=\"867\"  data-id=\"82683\"  src=\"data:image\/png;base64,iVBORw0KGgoAAAANSUhEUgAAAAEAAAABAQMAAAAl21bKAAAAA1BMVEUAAP+KeNJXAAAAAXRSTlMAQObYZgAAAAlwSFlzAAAOxAAADsQBlSsOGwAAAApJREFUCNdjYAAAAAIAAeIhvDMAAAAASUVORK5CYII=\"  alt=\"\"  class=\"wp-image-82683 pk-lazyload\"  data-pk-sizes=\"auto\"  data-ls-sizes=\"auto, (max-width: 1024px) 100vw, 1024px\"  data-pk-src=\"https:\/\/radiosolaris.com.br\/beta\/wp-content\/uploads\/2022\/07\/290602492_400942888742904_8531224480185396671_n-1024x867.jpg\"  data-pk-srcset=\"https:\/\/radiosolaris.com.br\/beta\/wp-content\/uploads\/2022\/07\/290602492_400942888742904_8531224480185396671_n-1024x867.jpg 1024w, https:\/\/radiosolaris.com.br\/beta\/wp-content\/uploads\/2022\/07\/290602492_400942888742904_8531224480185396671_n-300x254.jpg 300w, https:\/\/radiosolaris.com.br\/beta\/wp-content\/uploads\/2022\/07\/290602492_400942888742904_8531224480185396671_n-768x650.jpg 768w, https:\/\/radiosolaris.com.br\/beta\/wp-content\/uploads\/2022\/07\/290602492_400942888742904_8531224480185396671_n.jpg 1353w\" ><\/figure>\n<figcaption class=\"blocks-gallery-caption\">Confira alguns registros feitos pelos bombeiros nos encontros nas duas cidades<br>Foto: Corpo de Bombeiros Militar\/Divulga\u00e7\u00e3o<\/figcaption><\/figure>\n\n\n\n<p><\/p>\n\n\n\n<p><strong>Conhe\u00e7a sobre a Semana de Combate Contra Inc\u00eandios<\/strong><\/p>\n\n\n\n<p>A Semana de Preven\u00e7\u00e3o Contra Inc\u00eandios visa celebrar o Dia Nacional do Bombeiro (lembrado em 02 de julho) e conscientizar a popula\u00e7\u00e3o sobre os cuidados preventivos para evitar inc\u00eandios. A data faz refer\u00eancia ao Decreto Imperial assinado por Dom Pedro II, em 1856, que regulamentou pela primeira vez no Brasil, o servi\u00e7o de extin\u00e7\u00e3o de inc\u00eandios.<br><br>Naquela \u00e9poca, o alarme de inc\u00eandio, que era o badalar dos sinos, alertava a popula\u00e7\u00e3o para fazerem uma fila e, do po\u00e7o mais pr\u00f3ximo, pegavam \u00e1gua e a passavam por baldes de m\u00e3o em m\u00e3o, at\u00e9 chegarem ao local que estivesse em chamas.<\/p>\n\n\n\n<p>Para oficializar a import\u00e2ncia da profiss\u00e3o bombeiro, por decreto do presidente Get\u00falio Vargas, em 1954, foi institu\u00eddo o 02 de julho como Dia Nacional do Bombeiro, em atendimento \u00e0s demonstra\u00e7\u00f5es de agradecimento do povo brasileiro pelas frequentes provas de valor e bravura dos bombeiros militares de todo o Brasil.<\/p>\n\n\n\n<figure class=\"wp-block-gallery has-nested-images columns-default is-cropped wp-block-gallery-4 is-layout-flex wp-block-gallery-is-layout-flex\">\n<figure class=\"wp-block-image size-large\"><a href=\"https:\/\/radiosolaris.com.br\/beta\/wp-content\/uploads\/2022\/07\/bombeiros-de-sao-marcos.jpg\"><img  loading=\"lazy\"  decoding=\"async\"  width=\"819\"  height=\"1024\"  data-id=\"82720\"  src=\"data:image\/png;base64,iVBORw0KGgoAAAANSUhEUgAAAAEAAAABAQMAAAAl21bKAAAAA1BMVEUAAP+KeNJXAAAAAXRSTlMAQObYZgAAAAlwSFlzAAAOxAAADsQBlSsOGwAAAApJREFUCNdjYAAAAAIAAeIhvDMAAAAASUVORK5CYII=\"  alt=\"\"  class=\"wp-image-82720 pk-lazyload\"  data-pk-sizes=\"auto\"  data-ls-sizes=\"auto, (max-width: 819px) 100vw, 819px\"  data-pk-src=\"https:\/\/radiosolaris.com.br\/beta\/wp-content\/uploads\/2022\/07\/bombeiros-de-sao-marcos-819x1024.jpg\"  data-pk-srcset=\"https:\/\/radiosolaris.com.br\/beta\/wp-content\/uploads\/2022\/07\/bombeiros-de-sao-marcos-819x1024.jpg 819w, https:\/\/radiosolaris.com.br\/beta\/wp-content\/uploads\/2022\/07\/bombeiros-de-sao-marcos-240x300.jpg 240w, https:\/\/radiosolaris.com.br\/beta\/wp-content\/uploads\/2022\/07\/bombeiros-de-sao-marcos-768x960.jpg 768w, https:\/\/radiosolaris.com.br\/beta\/wp-content\/uploads\/2022\/07\/bombeiros-de-sao-marcos-1229x1536.jpg 1229w, https:\/\/radiosolaris.com.br\/beta\/wp-content\/uploads\/2022\/07\/bombeiros-de-sao-marcos.jpg 1440w\" ><\/a><\/figure>\n<figcaption class=\"blocks-gallery-caption\">Foto: Divulga\u00e7\u00e3o\/Batalh\u00e3o de Bombeiros Militar<\/figcaption><\/figure>\n","protected":false},"excerpt":{"rendered":"<p>Na Semana de Combate Contra Inc\u00eandios estudantes de v\u00e1rios munic\u00edpios da Serra ga\u00facha foram mobilizados para entender a import\u00e2ncia da profiss\u00e3o Esta semana certamente ficou um pouco mais alegre e&hellip;<\/p>\n","protected":false},"author":17,"featured_media":82721,"comment_status":"closed","ping_status":"closed","sticky":false,"template":"","format":"standard","meta":{"_lmt_disableupdate":"","_lmt_disable":"","footnotes":""},"categories":[84,93,83],"tags":[5523,12355,159,148,9876,424,114,624,12356,283,1611],"powerkit_post_featured":[],"class_list":{"0":"post-82677","1":"post","2":"type-post","3":"status-publish","4":"format-standard","5":"has-post-thumbnail","7":"category-brasil","8":"category-noticias-rs","9":"category-serra-gaucha","10":"tag-apae-flores-da-cunha","11":"tag-apae-sao-marcos","12":"tag-bombeiros","13":"tag-caxias-do-sul","14":"tag-corpo-de-bombeiros-militar","15":"tag-farroupilha","16":"tag-flores-da-cunha","17":"tag-sao-marcos","18":"tag-semana-de-combate-contra-incendios-na-serra-gaucha","19":"tag-serra-gaucha","20":"tag-veranopolis"},"modified_by":"Igor Panzenhagen","_links":{"self":[{"href":"https:\/\/radiosolaris.com.br\/beta\/wp-json\/wp\/v2\/posts\/82677","targetHints":{"allow":["GET"]}}],"collection":[{"href":"https:\/\/radiosolaris.com.br\/beta\/wp-json\/wp\/v2\/posts"}],"about":[{"href":"https:\/\/radiosolaris.com.br\/beta\/wp-json\/wp\/v2\/types\/post"}],"author":[{"embeddable":true,"href":"https:\/\/radiosolaris.com.br\/beta\/wp-json\/wp\/v2\/users\/17"}],"replies":[{"embeddable":true,"href":"https:\/\/radiosolaris.com.br\/beta\/wp-json\/wp\/v2\/comments?post=82677"}],"version-history":[{"count":0,"href":"https:\/\/radiosolaris.com.br\/beta\/wp-json\/wp\/v2\/posts\/82677\/revisions"}],"wp:featuredmedia":[{"embeddable":true,"href":"https:\/\/radiosolaris.com.br\/beta\/wp-json\/wp\/v2\/media\/82721"}],"wp:attachment":[{"href":"https:\/\/radiosolaris.com.br\/beta\/wp-json\/wp\/v2\/media?parent=82677"}],"wp:term":[{"taxonomy":"category","embeddable":true,"href":"https:\/\/radiosolaris.com.br\/beta\/wp-json\/wp\/v2\/categories?post=82677"},{"taxonomy":"post_tag","embeddable":true,"href":"https:\/\/radiosolaris.com.br\/beta\/wp-json\/wp\/v2\/tags?post=82677"},{"taxonomy":"powerkit_post_featured","embeddable":true,"href":"https:\/\/radiosolaris.com.br\/beta\/wp-json\/wp\/v2\/powerkit_post_featured?post=82677"}],"curies":[{"name":"wp","href":"https:\/\/api.w.org\/{rel}","templated":true}]}}