{"id":82661,"date":"2022-07-01T20:16:11","date_gmt":"2022-07-01T23:16:11","guid":{"rendered":"https:\/\/radiosolaris.com.br\/beta\/?p=82661"},"modified":"2022-07-01T20:16:13","modified_gmt":"2022-07-01T23:16:13","slug":"saiba-onde-se-vacinar-contra-a-covid-19-em-caxias-do-sul","status":"publish","type":"post","link":"https:\/\/radiosolaris.com.br\/beta\/saiba-onde-se-vacinar-contra-a-covid-19-em-caxias-do-sul\/","title":{"rendered":"Saiba onde se vacinar contra a Covid-19 em Caxias do Sul"},"content":{"rendered":"\n<h4 id=\"a-imunizacao-pode-ser-realizada-nas-ubss-ou-em-farmacias-que-atendem-todos-os-dias\" class=\"wp-block-heading\">A imuniza\u00e7\u00e3o pode ser realizada nas UBSs ou em farm\u00e1cias &#8211; que atendem todos os dias<\/h4>\n\n\n\n<p>Para garantir a imuniza\u00e7\u00e3o contra a Covid-19 em Caxias do Sul, seja com 1\u00aa e  2\u00aa doses, ou doses de refor\u00e7o, a Prefeitura mant\u00e9m 22 Unidades B\u00e1sicas de Sa\u00fade (UBS) abertas, pela manh\u00e3, das 8h \u00e0s 11h30min. Tamb\u00e9m haver\u00e1 vacina\u00e7\u00e3o contra Influenza\/gripe e doses do calend\u00e1rio vacinal de rotina (exceto BCG) nesses mesmos locais.<br><br>No s\u00e1bado e no domingo a vacina\u00e7\u00e3o contra Covid-19 ocorre tamb\u00e9m nas quatro farm\u00e1cias S\u00e3o Jo\u00e3o parceiras, de forma gratuita. Durante a semana, a imuniza\u00e7\u00e3o segue nas mesmas farm\u00e1cias e tamb\u00e9m nas UBSs que tradicionalmente ofertam vacina contra covid-19 de segunda a sexta-feira.<br><br>A vacina\u00e7\u00e3o contra Influenza\/ gripe continua em todas as UBSs do Munic\u00edpio a partir de segunda-feira (4), enquanto houver disponibilidade de doses<\/p>\n\n\n\n<p><br><strong>Veja o servi\u00e7o completo abaixo:<\/strong><\/p>\n\n\n\n<blockquote class=\"wp-block-quote is-layout-flow wp-block-quote-is-layout-flow\"><p><strong>S\u00e1bado 02\/07<\/strong><\/p><\/blockquote>\n\n\n\n<p><strong>UNIDADES B\u00c1SICAS (vacinas contra Covid-19, gripe e calend\u00e1rio vacinal de rotina \u2013 exceto BCG)<\/strong><\/p>\n\n\n\n<p>UBSs Alvorada, Bela Vista, Campos da Serra, Centro de Sa\u00fade, Cinquenten\u00e1rio, Cristo Oper\u00e1rio, Cristo Redentor, Cruzeiro, Desvio Rizzo, Diamantino, Esplanada, Fazenda Souza, Forqueta, Parque O\u00e1sis, Pioneiro, Planalto Rio Branco, Rio Branco, S\u00e3o Jos\u00e9, S\u00e3o Victor Cohab, Serrano, Vila Cristina, Vila Ip\u00ea.<\/p>\n\n\n\n<p>Hor\u00e1rio: 8h \u00e0s 11h30.<\/p>\n\n\n\n<p>Covid-19:<\/p>\n\n\n\n<p>1\u00aa dose e 2\u00aa dose 5 anos ou mais<\/p>\n\n\n\n<p>3\u00aa dose 12 anos ou mais<\/p>\n\n\n\n<p>4\u00aa dose (40 anos ou mais ou profissionais de sa\u00fade)<\/p>\n\n\n\n<p>Refor\u00e7os da Janssen (1\u00ba e 2\u00ba refor\u00e7o para todos de 18 anos ou mais)<\/p>\n\n\n\n<blockquote class=\"wp-block-quote is-layout-flow wp-block-quote-is-layout-flow\"><p><strong>S\u00e1bado e Domingo<\/strong><strong>(<\/strong><strong>02 e 03\/07<\/strong><strong>)<\/strong><\/p><\/blockquote>\n\n\n\n<p><strong>PONTOS DE APOIO<\/strong><\/p>\n\n\n\n<blockquote class=\"wp-block-quote is-layout-flow wp-block-quote-is-layout-flow\"><p>&nbsp;&nbsp;Farm\u00e1cia S\u00e3o Jo\u00e3o&nbsp;<\/p><\/blockquote>\n\n\n\n<blockquote class=\"wp-block-quote is-layout-flow wp-block-quote-is-layout-flow\"><p>Loja &#8211; Avenida J\u00falio de Castilhos 2411, Centro<br>&nbsp; &nbsp; &nbsp;&nbsp;Loja &#8211; Rua Luiz Michielon 1364, Cruzeiro<br>&nbsp; &nbsp; &nbsp;&nbsp;Loja &#8211; Rua Moreira Cesar 460, Pio X<br>&nbsp; &nbsp; &nbsp;&nbsp;Loja &#8211; Avenida Rubem Bento Alves, 5051, Santa Catarina<\/p><\/blockquote>\n\n\n\n<blockquote class=\"wp-block-quote is-layout-flow wp-block-quote-is-layout-flow\"><p>&nbsp; &nbsp; &nbsp;&nbsp; &nbsp; &nbsp;&nbsp;<strong>Hor\u00e1rio:<\/strong>&nbsp;s\u00e1bado das 8h \u00e0s 17h e domingo das 9h \u00e0s 17h.<br>&nbsp; &nbsp; &nbsp;&nbsp;Realiza vacinas para pessoas de 18 anos ou mais: segunda terceira e quarta doses (exceto profissionais de sa\u00fade). N\u00e3o oferta refor\u00e7o da Janssen.<\/p><\/blockquote>\n\n\n\n<blockquote class=\"wp-block-quote is-layout-flow wp-block-quote-is-layout-flow\"><p><\/p><\/blockquote>\n\n\n\n<blockquote class=\"wp-block-quote is-layout-flow wp-block-quote-is-layout-flow\"><p>&#8230;&#8230;&#8230;&#8230;.<\/p><\/blockquote>\n\n\n\n<blockquote class=\"wp-block-quote is-layout-flow wp-block-quote-is-layout-flow\"><p><\/p><\/blockquote>\n\n\n\n<p><strong>Segunda a sexta-feira (04 a 08\/07)<\/strong><\/p>\n\n\n\n<p><strong>PONTOS DE APOIO<\/strong><\/p>\n\n\n\n<p>&#8211; Farm\u00e1cia S\u00e3o Jo\u00e3o (Loja Avenida J\u00falio de Castilhos 2411, Centro; Loja Rua Luiz Michielon 1364, Cruzeiro; Loja Rua Moreira Cesar 460, Pio X; Loja Avenida Rubem Bento Alves, 5051, Santa Catarina)<br><strong>Realiza&nbsp;<\/strong>vacinas para pessoas de 18 anos ou mais: segunda terceira&nbsp;e quarta doses&nbsp;(exceto profissionais de sa\u00fade). N\u00e3o oferta refor\u00e7o da Janssen.<br><strong>Hor\u00e1rio:<\/strong>&nbsp;das 8h \u00e0s 17h<\/p>\n\n\n\n<p><strong>UNIDADES B\u00c1SICAS<\/strong><\/p>\n\n\n\n<p><strong>Locais:<\/strong><br>&#8211; UBSs Cinquenten\u00e1rio, Cruzeiro, Desvio Rizzo, Eldorado, Esplanada, Reolon, Vila Ip\u00ea: 8h \u00e0s 19h.<br><br>P\u00fablico-alvo nas sete UBSs acima:<br>1\u00aa dose&nbsp;crian\u00e7as&nbsp;5 anos ou&nbsp;de&nbsp;6 a 11&nbsp;imunocomprometidas&nbsp;(apenas nas TER\u00c7AS E QUINTAS-FEIRAS)<br>2\u00aa dose crian\u00e7as de 5 a 11 anos vacinadas com Pfizer&nbsp;(apenas nas TER\u00c7AS E QUINTAS-FEIRAS)<br>2\u00aa dose&nbsp;adolescentes de 12 a 17 anos vacinados com Pfizer<br>3\u00aa e 4\u00aa dose apenas adolescentes de 12 a 17 anos imunocomprometidos<br>\u2026.<\/p>\n\n\n\n<p><strong>Locais:<\/strong><br>&#8211; UBSs Alvorada, Bela Vista, Centro de Sa\u00fade, Cristo Redentor, F\u00e1tima Alta, Madureira, Pioneiro, Rio Branco, Santa L\u00facia Cohab, S\u00e3o Caetano, S\u00e3o Leopoldo, Serrano: 8h \u00e0s 15h.<br>&#8211; UBSs Cinquenten\u00e1rio, Cruzeiro, Desvio Rizzo, Eldorado, Esplanada, Reolon, Vila Ip\u00ea: 8h \u00e0s 19h.<br><br>P\u00fablico-alvo nas 19 UBSs acima:<br>1\u00aa dose 6 anos ou mais<br>2\u00aa dose 6 a&nbsp;17 anos&nbsp;vacinados&nbsp;com Coronavac<br>2\u00aa dose todos de&nbsp;18 anos&nbsp;ou mais<br>3\u00aa dose (12 anos ou mais)<br>4\u00aa dose (pessoas de&nbsp;40&nbsp;anos ou mais;&nbsp;profissionais de sa\u00fade)<br>Refor\u00e7os&nbsp;da Janssen<\/p>\n\n\n\n<p><em><u>&gt; &gt; ESQUEMA DE DATAS PARA VACINADOS COM ASTRAZENECA, CORONAVAC OU PFIZER NA 1\u00aa APLICA\u00c7\u00c3O:<\/u><\/em><\/p>\n\n\n\n<p><strong>DATAS PARA SEGUNDA DOSE:<\/strong><\/p>\n\n\n\n<p>&#8211;&nbsp;Vacinados com&nbsp;AstraZeneca\/ Oxford e Pfizer\/ Biontech:<br>S\u00e1bado:&nbsp;pode ir quem fez primeira dose dia&nbsp;07\/05&nbsp;ou antes.<br>Domingo:&nbsp;pode ir quem fez primeira dose dia&nbsp;08\/05&nbsp;ou antes.<br>Segunda-feira: pode ir quem fez primeira dose dia&nbsp;09\/05&nbsp;ou antes.<br>Ter\u00e7a-feira: pode ir quem fez primeira dose dia&nbsp;10\/05&nbsp;ou antes.<br>Quarta-feira: pode ir quem fez primeira dose dia&nbsp;11\/05&nbsp;ou antes.<br>Quinta-feira: pode ir quem fez primeira dose dia&nbsp;12\/05&nbsp;ou antes<br>Sexta-feira: pode ir quem fez primeira dose dia&nbsp;13\/05&nbsp;ou antes.<\/p>\n\n\n\n<p>&#8211;&nbsp;Vacinados com&nbsp;Coronavac\/ Butantan:<br>S\u00e1bado:&nbsp;pode ir quem fez primeira dose dia&nbsp;04\/06&nbsp;ou antes.<br>Domingo:&nbsp;pode ir quem fez primeira dose dia&nbsp;05\/06&nbsp;ou antes.<br>Segunda-feira: pode ir quem fez primeira dose dia&nbsp;06\/06&nbsp;ou antes.<br>Ter\u00e7a-feira: pode ir quem fez primeira dose dia&nbsp;07\/06&nbsp;ou antes.<br>Quarta-feira: pode ir quem fez primeira dose dia&nbsp;08\/06&nbsp;ou antes.<br>Quinta-feira: pode ir quem fez primeira dose dia&nbsp;09\/06&nbsp;ou antes.<br>Sexta-feira: pode ir quem fez primeira dose dia&nbsp;10\/06&nbsp;ou antes.<\/p>\n\n\n\n<p><br><strong>DATAS PARA TERCEIRA DOSE:<\/strong><br>&#8211; Pessoas de&nbsp;12 anos ou mais:<br>S\u00e1bado:&nbsp;pode ir quem fez segunda dose dia&nbsp;02\/03&nbsp;ou antes.<br>Domingo:&nbsp;pode ir quem fez segunda dose dia&nbsp;03\/03&nbsp;ou antes<strong>&nbsp;<\/strong><strong>(no domingo somente pessoas de 18 anos ou mais, nas Farm\u00e1cias S\u00e3o Jo\u00e3o)<\/strong><br>Segunda-feira: pode ir quem fez segunda dose dia&nbsp;04\/03&nbsp;ou antes.<br>Ter\u00e7a-feira: pode ir quem fez segunda dose dia&nbsp;05\/03&nbsp;ou antes.<br>Quarta-feira: pode ir quem fez segunda dose dia&nbsp;06\/03ou antes.<br>Quinta-feira: pode ir quem fez segunda dose dia&nbsp;07\/03&nbsp;ou antes.<br>Sexta-feira: pode ir quem fez segunda dose dia&nbsp;08\/03&nbsp;ou antes.<br><br>&#8211; Pessoas de&nbsp;12&nbsp;anos ou mais&nbsp;imunocomprometidas.<br>S\u00e1bado:&nbsp;pode ir quem fez segunda dose dia&nbsp;07\/05&nbsp;ou antes.<br>Segunda-feira: pode ir quem fez segunda dose dia&nbsp;09\/05&nbsp;ou antes.<br>Ter\u00e7a-feira: pode ir quem fez segunda dose dia&nbsp;10\/05&nbsp;ou antes.<br>Quarta-feira: pode ir quem fez segunda dose dia&nbsp;11\/05&nbsp;ou antes.<br>Quinta-feira: pode ir quem fez segunda dose dia&nbsp;12\/05&nbsp;ou antes.<br>Sexta-feira: pode ir quem fez segunda dose dia&nbsp;13\/05&nbsp;ou antes.<br><br><strong>DATAS PARA QUARTA DOSE<\/strong><\/p>\n\n\n\n<p>Pessoas de&nbsp;40&nbsp;anos ou mais;&nbsp;trabalhadores da sa\u00fade.<br>S\u00e1bado:&nbsp;pode ir quem fez terceira dose dia&nbsp;04\/03&nbsp;ou antes.<br>Domingo:&nbsp;pode ir quem fez terceira dose dia&nbsp;05\/03&nbsp;ou antes&nbsp;<em><strong>(<\/strong><\/em><em><strong>no domingo&nbsp;<\/strong><\/em><em><strong>apenas p<\/strong><\/em><em><strong>essoas de 40 anos ou mais &#8211; farm\u00e1cias n\u00e3o aplicam quarta dose para profissionais de sa\u00fade)<\/strong><\/em><em><strong><\/strong><\/em><br>Segunda-feira:&nbsp;pode ir quem fez terceira dose dia&nbsp;06\/03&nbsp;ou antes.<br>Ter\u00e7a-feira: pode ir quem fez terceira dose dia&nbsp;07\/03&nbsp;ou antes.<br>Quarta-feira: pode ir quem fez terceira dose dia&nbsp;08\/03&nbsp;ou antes.<br>Quinta-feira: pode ir quem fez terceira dose dia&nbsp;09\/03&nbsp;ou antes<br>Sexta-feira: pode ir quem fez terceira dose dia&nbsp;10\/03&nbsp;ou antes.<br><br><br><\/p>\n\n\n\n<p><em>&gt; &gt; ESQUEMA PARA&nbsp;VACINADOS COM&nbsp;<strong>JANSSEN<\/strong>&nbsp;NA PRIMEIRA APLICA\u00c7\u00c3O<\/em><\/p>\n\n\n\n<p><a><\/a><a><\/a>1\u00ba Refor\u00e7o&nbsp;(2\u00aa dose)<br>&#8211;&nbsp;Pessoas de 18 anos ou mais que foram vacinadas com&nbsp;1&nbsp;dose de&nbsp;Janssen&nbsp;h\u00e1&nbsp;2&nbsp;meses ou mais.<br>&#8211;&nbsp;Pessoas de 18 anos ou mais imunocomprometidas vacinadas com&nbsp;1&nbsp;dose de Janssen h\u00e1 8 semanas ou mais.<\/p>\n\n\n\n<p>2\u00ba Refor\u00e7o&nbsp;(3\u00aa dose)<br>&#8211; Pessoas de&nbsp;18&nbsp;anos ou mais&nbsp;que fizeram o 1\u00ba refor\u00e7o&nbsp;h\u00e1&nbsp;4&nbsp;meses ou mais.<br><br><\/p>\n\n\n\n<p>3\u00ba Refor\u00e7o (4\u00aa dose)<\/p>\n\n\n\n<p>&#8211; Pessoas de 40 anos ou mais que fizeram o 2\u00ba refor\u00e7o&nbsp;h\u00e1 quatro meses ou mais.<\/p>\n\n\n\n<blockquote class=\"wp-block-quote is-layout-flow wp-block-quote-is-layout-flow\"><p>OBS: A lista de casos que se enquadram como imunossupress\u00e3o est\u00e1 no link&nbsp;<a href=\"https:\/\/tinyurl.com\/casos-imuno\" rel=\"noreferrer noopener\" target=\"_blank\">tinyurl.com\/casos-imuno<\/a>.<\/p><\/blockquote>\n","protected":false},"excerpt":{"rendered":"<p>A imuniza\u00e7\u00e3o pode ser realizada nas UBSs ou em farm\u00e1cias &#8211; que atendem todos os dias Para garantir a imuniza\u00e7\u00e3o contra a Covid-19 em Caxias do Sul, seja com 1\u00aa&hellip;<\/p>\n","protected":false},"author":17,"featured_media":80221,"comment_status":"closed","ping_status":"closed","sticky":false,"template":"","format":"standard","meta":{"_lmt_disableupdate":"","_lmt_disable":"","footnotes":""},"categories":[83],"tags":[148,2752,3137,283,396,161],"powerkit_post_featured":[],"class_list":{"0":"post-82661","1":"post","2":"type-post","3":"status-publish","4":"format-standard","5":"has-post-thumbnail","7":"category-serra-gaucha","8":"tag-caxias-do-sul","9":"tag-coronavirus","10":"tag-covid-19","11":"tag-serra-gaucha","12":"tag-vacina","13":"tag-vacinacao"},"modified_by":"Igor Panzenhagen","_links":{"self":[{"href":"https:\/\/radiosolaris.com.br\/beta\/wp-json\/wp\/v2\/posts\/82661","targetHints":{"allow":["GET"]}}],"collection":[{"href":"https:\/\/radiosolaris.com.br\/beta\/wp-json\/wp\/v2\/posts"}],"about":[{"href":"https:\/\/radiosolaris.com.br\/beta\/wp-json\/wp\/v2\/types\/post"}],"author":[{"embeddable":true,"href":"https:\/\/radiosolaris.com.br\/beta\/wp-json\/wp\/v2\/users\/17"}],"replies":[{"embeddable":true,"href":"https:\/\/radiosolaris.com.br\/beta\/wp-json\/wp\/v2\/comments?post=82661"}],"version-history":[{"count":0,"href":"https:\/\/radiosolaris.com.br\/beta\/wp-json\/wp\/v2\/posts\/82661\/revisions"}],"wp:featuredmedia":[{"embeddable":true,"href":"https:\/\/radiosolaris.com.br\/beta\/wp-json\/wp\/v2\/media\/80221"}],"wp:attachment":[{"href":"https:\/\/radiosolaris.com.br\/beta\/wp-json\/wp\/v2\/media?parent=82661"}],"wp:term":[{"taxonomy":"category","embeddable":true,"href":"https:\/\/radiosolaris.com.br\/beta\/wp-json\/wp\/v2\/categories?post=82661"},{"taxonomy":"post_tag","embeddable":true,"href":"https:\/\/radiosolaris.com.br\/beta\/wp-json\/wp\/v2\/tags?post=82661"},{"taxonomy":"powerkit_post_featured","embeddable":true,"href":"https:\/\/radiosolaris.com.br\/beta\/wp-json\/wp\/v2\/powerkit_post_featured?post=82661"}],"curies":[{"name":"wp","href":"https:\/\/api.w.org\/{rel}","templated":true}]}}