{"id":82511,"date":"2022-06-30T07:59:23","date_gmt":"2022-06-30T10:59:23","guid":{"rendered":"https:\/\/radiosolaris.com.br\/beta\/?p=82511"},"modified":"2022-06-30T07:59:25","modified_gmt":"2022-06-30T10:59:25","slug":"caminhao-carregado-com-suco-tomba-na-ers-122-em-flores-da-cunha","status":"publish","type":"post","link":"https:\/\/radiosolaris.com.br\/beta\/caminhao-carregado-com-suco-tomba-na-ers-122-em-flores-da-cunha\/","title":{"rendered":"Caminh\u00e3o carregado com suco tomba na ERS-122 em Flores da Cunha"},"content":{"rendered":"\n<h4 id=\"motorista-sofreu-ferimentos-leves-parte-da-carga-ficou-sobre-a-pista\" class=\"wp-block-heading\">Motorista sofreu ferimentos leves. Parte da carga ficou sobre a pista<\/h4>\n\n\n\n<p>Um caminh\u00e3o carregado com suco tombou na ERS-122 em Flores da Cunha. O acidente aconteceu na noite desta quarta-feira (29), por volta das 20h, na altura do km 93, nas proximidades do bairro P\u00e9rola.<\/p>\n\n\n\n<p>De acordo com informa\u00e7\u00f5es da Pol\u00edcia Rodovi\u00e1ria Estadual (PRE), o caminh\u00e3o, com placas de Vacaria, seguia no sentido Flores da Cunha\/Ant\u00f4nio Prado, quando por motivos desconhecidos, teria perdido o controle e tombado sobre a pista.<\/p>\n\n\n\n<p>Ainda segundo a PRE, o caminhoneiro sofreu apenas ferimentos leves e foi socorrido por uma ambul\u00e2ncia da Empresa Ga\u00facha de Rodovias (EGR). Parte da carga ficou sobre a pista bloqueando parcialmente o tr\u00e1fego.<\/p>\n\n\n\n<p><\/p>\n\n\n\n<figure class=\"wp-block-image size-large\"><img  loading=\"lazy\"  decoding=\"async\"  width=\"576\"  height=\"1024\"  src=\"data:image\/png;base64,iVBORw0KGgoAAAANSUhEUgAAAAEAAAABAQMAAAAl21bKAAAAA1BMVEUAAP+KeNJXAAAAAXRSTlMAQObYZgAAAAlwSFlzAAAOxAAADsQBlSsOGwAAAApJREFUCNdjYAAAAAIAAeIhvDMAAAAASUVORK5CYII=\"  alt=\"\"  class=\"wp-image-82512 pk-lazyload\"  data-pk-sizes=\"auto\"  data-ls-sizes=\"auto, (max-width: 576px) 100vw, 576px\"  data-pk-src=\"https:\/\/radiosolaris.com.br\/beta\/wp-content\/uploads\/2022\/06\/WhatsApp-Image-2022-06-29-at-20.29.42-1-576x1024.jpeg\"  data-pk-srcset=\"https:\/\/radiosolaris.com.br\/beta\/wp-content\/uploads\/2022\/06\/WhatsApp-Image-2022-06-29-at-20.29.42-1-576x1024.jpeg 576w, https:\/\/radiosolaris.com.br\/beta\/wp-content\/uploads\/2022\/06\/WhatsApp-Image-2022-06-29-at-20.29.42-1-169x300.jpeg 169w, https:\/\/radiosolaris.com.br\/beta\/wp-content\/uploads\/2022\/06\/WhatsApp-Image-2022-06-29-at-20.29.42-1.jpeg 720w\" ><\/figure>\n\n\n\n<figure class=\"wp-block-image size-large\"><img  loading=\"lazy\"  decoding=\"async\"  width=\"576\"  height=\"1024\"  src=\"data:image\/png;base64,iVBORw0KGgoAAAANSUhEUgAAAAEAAAABAQMAAAAl21bKAAAAA1BMVEUAAP+KeNJXAAAAAXRSTlMAQObYZgAAAAlwSFlzAAAOxAAADsQBlSsOGwAAAApJREFUCNdjYAAAAAIAAeIhvDMAAAAASUVORK5CYII=\"  alt=\"\"  class=\"wp-image-82513 pk-lazyload\"  data-pk-sizes=\"auto\"  data-ls-sizes=\"auto, (max-width: 576px) 100vw, 576px\"  data-pk-src=\"https:\/\/radiosolaris.com.br\/beta\/wp-content\/uploads\/2022\/06\/WhatsApp-Image-2022-06-29-at-20.29.42-576x1024.jpeg\"  data-pk-srcset=\"https:\/\/radiosolaris.com.br\/beta\/wp-content\/uploads\/2022\/06\/WhatsApp-Image-2022-06-29-at-20.29.42-576x1024.jpeg 576w, https:\/\/radiosolaris.com.br\/beta\/wp-content\/uploads\/2022\/06\/WhatsApp-Image-2022-06-29-at-20.29.42-169x300.jpeg 169w, https:\/\/radiosolaris.com.br\/beta\/wp-content\/uploads\/2022\/06\/WhatsApp-Image-2022-06-29-at-20.29.42.jpeg 720w\" ><figcaption>Fotos: Redes Sociais<\/figcaption><\/figure>\n\n\n\n<p><\/p>\n","protected":false},"excerpt":{"rendered":"<p>Motorista sofreu ferimentos leves. Parte da carga ficou sobre a pista Um caminh\u00e3o carregado com suco tombou na ERS-122 em Flores da Cunha. O acidente aconteceu na noite desta quarta-feira&hellip;<\/p>\n","protected":false},"author":19,"featured_media":82514,"comment_status":"closed","ping_status":"closed","sticky":false,"template":"","format":"standard","meta":{"_lmt_disableupdate":"","_lmt_disable":"","footnotes":""},"categories":[83],"tags":[307,580,5103,114,425,283,9013],"powerkit_post_featured":[],"class_list":{"0":"post-82511","1":"post","2":"type-post","3":"status-publish","4":"format-standard","5":"has-post-thumbnail","7":"category-serra-gaucha","8":"tag-acidente","9":"tag-caminhao","10":"tag-ferido","11":"tag-flores-da-cunha","12":"tag-pre","13":"tag-serra-gaucha","14":"tag-suco"},"modified_by":"Luciano Pettorini","_links":{"self":[{"href":"https:\/\/radiosolaris.com.br\/beta\/wp-json\/wp\/v2\/posts\/82511","targetHints":{"allow":["GET"]}}],"collection":[{"href":"https:\/\/radiosolaris.com.br\/beta\/wp-json\/wp\/v2\/posts"}],"about":[{"href":"https:\/\/radiosolaris.com.br\/beta\/wp-json\/wp\/v2\/types\/post"}],"author":[{"embeddable":true,"href":"https:\/\/radiosolaris.com.br\/beta\/wp-json\/wp\/v2\/users\/19"}],"replies":[{"embeddable":true,"href":"https:\/\/radiosolaris.com.br\/beta\/wp-json\/wp\/v2\/comments?post=82511"}],"version-history":[{"count":0,"href":"https:\/\/radiosolaris.com.br\/beta\/wp-json\/wp\/v2\/posts\/82511\/revisions"}],"wp:featuredmedia":[{"embeddable":true,"href":"https:\/\/radiosolaris.com.br\/beta\/wp-json\/wp\/v2\/media\/82514"}],"wp:attachment":[{"href":"https:\/\/radiosolaris.com.br\/beta\/wp-json\/wp\/v2\/media?parent=82511"}],"wp:term":[{"taxonomy":"category","embeddable":true,"href":"https:\/\/radiosolaris.com.br\/beta\/wp-json\/wp\/v2\/categories?post=82511"},{"taxonomy":"post_tag","embeddable":true,"href":"https:\/\/radiosolaris.com.br\/beta\/wp-json\/wp\/v2\/tags?post=82511"},{"taxonomy":"powerkit_post_featured","embeddable":true,"href":"https:\/\/radiosolaris.com.br\/beta\/wp-json\/wp\/v2\/powerkit_post_featured?post=82511"}],"curies":[{"name":"wp","href":"https:\/\/api.w.org\/{rel}","templated":true}]}}