{"id":82216,"date":"2022-06-26T15:41:06","date_gmt":"2022-06-26T18:41:06","guid":{"rendered":"https:\/\/radiosolaris.com.br\/beta\/?p=82216"},"modified":"2022-06-26T15:41:08","modified_gmt":"2022-06-26T18:41:08","slug":"integrante-de-faccao-criminosa-e-preso-no-bairro-santa-fe-em-caxias","status":"publish","type":"post","link":"https:\/\/radiosolaris.com.br\/beta\/integrante-de-faccao-criminosa-e-preso-no-bairro-santa-fe-em-caxias\/","title":{"rendered":"Integrante de fac\u00e7\u00e3o criminosa \u00e9 preso no bairro Santa F\u00e9, em Caxias"},"content":{"rendered":"\n<h4 id=\"o-homem-de-22-anos-estava-guardando-armamentos-em-um-deposito-quando-foi-preso\" class=\"wp-block-heading\">O homem de 22 anos estava guardando armamentos em um dep\u00f3sito quando foi preso<\/h4>\n\n\n\n<p>Um jovem foi preso ap\u00f3s ser flagrado guardando armas em um dep\u00f3sito na rua Dos Pardais, no bairro Santa F\u00e9, em Caxias do Sul. A pris\u00e3o ocorreu na manh\u00e3 de s\u00e1bado pelo 4\u00ba Batalh\u00e3o de Pol\u00edcia de Choque (4\u00ba BPChq), que recebeu informa\u00e7\u00f5es do setor de intelig\u00eancia informando que as armas seriam de uma fac\u00e7\u00e3o criminosa atuante na regi\u00e3o.<\/p>\n\n\n\n<p>Com o homem foram recolhidas duas armas de fogo, sendo uma Taurus calibre 9mm e uma IMBEL calibre 380mm., al\u00e9m de muni\u00e7\u00f5es e carregador.<\/p>\n\n\n\n<p>O criminoso que foi capturado tinha antecedentes por homic\u00eddio culposo, roubo a pedestre e posse irregular de arma de fogo.<\/p>\n\n\n\n<figure class=\"wp-block-gallery has-nested-images columns-default is-cropped wp-block-gallery-1 is-layout-flex wp-block-gallery-is-layout-flex\">\n<figure class=\"wp-block-image size-large\"><a href=\"https:\/\/radiosolaris.com.br\/beta\/wp-content\/uploads\/2022\/06\/WhatsApp-Image-2022-06-25-at-14.44.21-1.jpeg\"><img  decoding=\"async\"  data-id=\"82218\"  src=\"data:image\/png;base64,iVBORw0KGgoAAAANSUhEUgAAAAEAAAABAQMAAAAl21bKAAAAA1BMVEUAAP+KeNJXAAAAAXRSTlMAQObYZgAAAAlwSFlzAAAOxAAADsQBlSsOGwAAAApJREFUCNdjYAAAAAIAAeIhvDMAAAAASUVORK5CYII=\"  alt=\"\"  class=\"wp-image-82218 pk-lazyload\"  data-pk-sizes=\"auto\"  data-pk-src=\"https:\/\/radiosolaris.com.br\/beta\/wp-content\/uploads\/2022\/06\/WhatsApp-Image-2022-06-25-at-14.44.21-1-1024x784.jpeg\" ><\/a><\/figure>\n<figcaption class=\"blocks-gallery-caption\">Foto: 4\u00baBPChq<\/figcaption><\/figure>\n","protected":false},"excerpt":{"rendered":"<p>O homem de 22 anos estava guardando armamentos em um dep\u00f3sito quando foi preso Um jovem foi preso ap\u00f3s ser flagrado guardando armas em um dep\u00f3sito na rua Dos Pardais,&hellip;<\/p>\n","protected":false},"author":17,"featured_media":82218,"comment_status":"closed","ping_status":"closed","sticky":false,"template":"","format":"standard","meta":{"_lmt_disableupdate":"","_lmt_disable":"","footnotes":""},"categories":[83],"tags":[514,4418,2003,8255,303],"powerkit_post_featured":[],"class_list":{"0":"post-82216","1":"post","2":"type-post","3":"status-publish","4":"format-standard","5":"has-post-thumbnail","7":"category-serra-gaucha","8":"tag-arma-de-fogo","9":"tag-bairro-santa-fe","10":"tag-batalhao-de-choque","11":"tag-faccao-criminosa","12":"tag-prisao"},"modified_by":"Luciano Pettorini","_links":{"self":[{"href":"https:\/\/radiosolaris.com.br\/beta\/wp-json\/wp\/v2\/posts\/82216","targetHints":{"allow":["GET"]}}],"collection":[{"href":"https:\/\/radiosolaris.com.br\/beta\/wp-json\/wp\/v2\/posts"}],"about":[{"href":"https:\/\/radiosolaris.com.br\/beta\/wp-json\/wp\/v2\/types\/post"}],"author":[{"embeddable":true,"href":"https:\/\/radiosolaris.com.br\/beta\/wp-json\/wp\/v2\/users\/17"}],"replies":[{"embeddable":true,"href":"https:\/\/radiosolaris.com.br\/beta\/wp-json\/wp\/v2\/comments?post=82216"}],"version-history":[{"count":0,"href":"https:\/\/radiosolaris.com.br\/beta\/wp-json\/wp\/v2\/posts\/82216\/revisions"}],"wp:featuredmedia":[{"embeddable":true,"href":"https:\/\/radiosolaris.com.br\/beta\/wp-json\/wp\/v2\/media\/82218"}],"wp:attachment":[{"href":"https:\/\/radiosolaris.com.br\/beta\/wp-json\/wp\/v2\/media?parent=82216"}],"wp:term":[{"taxonomy":"category","embeddable":true,"href":"https:\/\/radiosolaris.com.br\/beta\/wp-json\/wp\/v2\/categories?post=82216"},{"taxonomy":"post_tag","embeddable":true,"href":"https:\/\/radiosolaris.com.br\/beta\/wp-json\/wp\/v2\/tags?post=82216"},{"taxonomy":"powerkit_post_featured","embeddable":true,"href":"https:\/\/radiosolaris.com.br\/beta\/wp-json\/wp\/v2\/powerkit_post_featured?post=82216"}],"curies":[{"name":"wp","href":"https:\/\/api.w.org\/{rel}","templated":true}]}}