{"id":82027,"date":"2022-06-23T08:54:05","date_gmt":"2022-06-23T11:54:05","guid":{"rendered":"https:\/\/radiosolaris.com.br\/beta\/?p=82027"},"modified":"2022-06-23T08:54:08","modified_gmt":"2022-06-23T11:54:08","slug":"confira-a-programacao-da-festa-do-colono-e-motorista-de-nova-padua","status":"publish","type":"post","link":"https:\/\/radiosolaris.com.br\/beta\/confira-a-programacao-da-festa-do-colono-e-motorista-de-nova-padua\/","title":{"rendered":"Confira a programa\u00e7\u00e3o da Festa do Colono e Motorista\u00a0de nova P\u00e1dua"},"content":{"rendered":"\n<h4 id=\"a-festa-do-colono-e-motorista-2022-promovida-pela-prefeitura-de-nova-padua-ocorre-de-02-a-29-de-julho\" class=\"wp-block-heading\">A Festa do Colono e Motorista 2022, promovida pela Prefeitura de Nova P\u00e1dua, ocorre de 02 a 29 de julho<\/h4>\n\n\n\n<p>As comemora\u00e7\u00f5es come\u00e7am com o Show de Calouros, realizado pela R\u00e1dio Solaris 99.1, no dia 02. Ainda acontece a escolha da Mamma Mia \u2013 Edi\u00e7\u00e3o Especial, no dia 16 de julho. No dia 24 de julho ser\u00e1 realizada homenagem ao colono e Motorista, com missa na Igreja Matriz, desfile e ben\u00e7\u00e3o de tratores e caminh\u00f5es e almo\u00e7o no Sal\u00e3o Paroquial.<\/p>\n\n\n\n<p><strong>Confira a programa\u00e7\u00e3o:<\/strong><\/p>\n\n\n\n<p><strong><em>2 de Julho \u2013 S\u00e1bado \u2013 24\u00ba Show de Calouros &#8211; Com realiza\u00e7\u00e3o da R\u00e1dio Solaris 99.1<\/em><\/strong><\/p>\n\n\n\n<p>Local: Sal\u00e3o Paroquial de Nova P\u00e1dua<br>Hor\u00e1rio: A partir das 18h30min<br>Show do Intervalo e Baile com o Grupo Sanfona\u00e7o<\/p>\n\n\n\n<p><strong><em>9 de Julho \u2013 S\u00e1bado &#8211; Final do Campeonato Municipal de Bochas \u2013 Ta\u00e7a Tom\u00e9 Tonet<br><\/em><\/strong>Hor\u00e1rio: 13h30min<\/p>\n\n\n\n<p><strong><em>16 de Julho \u2013 S\u00e1bado \u2013 Trilha Indom\u00e1veis Off Road<br><\/em><\/strong>Sa\u00edda: Parque de Rodeios Alceu Mar\u00f3stica<br>Hor\u00e1rio: 8h30min<br>Inscri\u00e7\u00f5es: (54) 9.9925.9279 (Samoel) ou (54) 9.9997.4260 (Rodrigo)<\/p>\n\n\n\n<p><strong><em>16 de Julho \u2013 S\u00e1bado \u2013 Jantar e Escolha da Mamma Mia \u2013 15\u00aa Feprocol<br><\/em><\/strong>Local: Restaurante Parque dos Peixes<br>Hor\u00e1rio: 19h<br>Anima\u00e7\u00e3o: Grupo Gera\u00e7\u00e3o Amigos<br>Informa\u00e7\u00f5es: (54) 3296.1600 \u2013 (54) 9.9644.6208<\/p>\n\n\n\n<p><strong><em>22 de Julho \u2013 Sexta-feira \u2013 Final do Campeonato Municipal de Futsal Juniores<br><\/em><\/strong>Local: Gin\u00e1sio de Esportes de Nova P\u00e1dua<br>Hor\u00e1rio: 20h<\/p>\n\n\n\n<p><strong><em>Dia 23 de julho \u2013 S\u00e1bado \u2013 Inaugura\u00e7\u00e3o do trecho de asfalto do Barra ao Bonito<br><\/em><\/strong>Hor\u00e1rio: 11h<br>Local: Trevo de Acesso ao Travess\u00e3o Barra<br>12h: Almo\u00e7o<br>Local: Sal\u00e3o da Comunidade do Travess\u00e3o Barra<br>Informa\u00e7\u00f5es e Ingressos: (54) 3296.1600 &#8211; (54) 9.9945.6964 (Arlei C. da Silva) ou (54) 9.9625.9176 (El\u00f3i Marin)<\/p>\n\n\n\n<p><strong><em>23 de Julho \u2013 S\u00e1bado \u2013 Pedal Solid\u00e1rio \u201cGiro de P\u00e1dua\u201d<br><\/em><\/strong>Sa\u00edda: Igreja Matriz de Nova P\u00e1dua<br>Hor\u00e1rio: 13h30min<br>Inscri\u00e7\u00f5es: <a href=\"http:\/\/www.novapadua.rs.gov.br\" data-type=\"URL\" data-id=\"www.novapadua.rs.gov.br\">www.novapadua.rs.gov.br<\/a> no banner do evento<\/p>\n\n\n\n<p><strong><em>24 de Julho \u2013 Domingo \u2013 Missa em homenagem ao Colono e Motorista<br><\/em><\/strong>Hor\u00e1rio: 9h na Igreja Matriz<br>10h30min \u2013 Desfile e ben\u00e7\u00e3o de tratores e caminh\u00f5es na Avenida dos Imigrantes<br>12h \u2013 Almo\u00e7o no Sal\u00e3o Paroquial<br>Informa\u00e7\u00f5es e Ingressos: (54) 3296.1600 ou (54) 9.9968.3727 (Ronildo Bernardi &#8211; Joca)<\/p>\n\n\n\n<p><strong><em>28 de Julho \u2013 Quinta-feira \u2013 2\u00ba F\u00f3rum Municipal da Agricultura:<br><\/em><\/strong>Experi\u00eancias Inovadoras no AGRO<br>Local: Sal\u00e3o Paroquial de Nova P\u00e1dua<br>Hor\u00e1rio: 13h30min<br>Inscri\u00e7\u00f5es: (54) 3296.1600 ou (54) 3296.1140 (Let\u00edcia)<br>Informa\u00e7\u00f5es: www.novapadua.rs.gov.br<\/p>\n\n\n\n<p><strong><em>29 de Julho \u2013 Sexta-feira \u2013 Encontro da Bella Idade<br><\/em><\/strong>Local: Sal\u00e3o Paroquial de Nova P\u00e1dua<br>Hor\u00e1rio: 14h<br>Apresenta\u00e7\u00e3o do Grupo N\u00e1ni<\/p>\n\n\n\n<p><\/p>\n","protected":false},"excerpt":{"rendered":"<p>A Festa do Colono e Motorista 2022, promovida pela Prefeitura de Nova P\u00e1dua, ocorre de 02 a 29 de julho As comemora\u00e7\u00f5es come\u00e7am com o Show de Calouros, realizado pela&hellip;<\/p>\n","protected":false},"author":19,"featured_media":80666,"comment_status":"closed","ping_status":"closed","sticky":false,"template":"","format":"standard","meta":{"_lmt_disableupdate":"","_lmt_disable":"","footnotes":""},"categories":[83],"tags":[7740,537,167,471,283],"powerkit_post_featured":[],"class_list":{"0":"post-82027","1":"post","2":"type-post","3":"status-publish","4":"format-standard","5":"has-post-thumbnail","7":"category-serra-gaucha","8":"tag-colono-e-motorista","9":"tag-festa","10":"tag-nova-padua","11":"tag-programacao","12":"tag-serra-gaucha"},"modified_by":"Luciano Pettorini","_links":{"self":[{"href":"https:\/\/radiosolaris.com.br\/beta\/wp-json\/wp\/v2\/posts\/82027","targetHints":{"allow":["GET"]}}],"collection":[{"href":"https:\/\/radiosolaris.com.br\/beta\/wp-json\/wp\/v2\/posts"}],"about":[{"href":"https:\/\/radiosolaris.com.br\/beta\/wp-json\/wp\/v2\/types\/post"}],"author":[{"embeddable":true,"href":"https:\/\/radiosolaris.com.br\/beta\/wp-json\/wp\/v2\/users\/19"}],"replies":[{"embeddable":true,"href":"https:\/\/radiosolaris.com.br\/beta\/wp-json\/wp\/v2\/comments?post=82027"}],"version-history":[{"count":0,"href":"https:\/\/radiosolaris.com.br\/beta\/wp-json\/wp\/v2\/posts\/82027\/revisions"}],"wp:featuredmedia":[{"embeddable":true,"href":"https:\/\/radiosolaris.com.br\/beta\/wp-json\/wp\/v2\/media\/80666"}],"wp:attachment":[{"href":"https:\/\/radiosolaris.com.br\/beta\/wp-json\/wp\/v2\/media?parent=82027"}],"wp:term":[{"taxonomy":"category","embeddable":true,"href":"https:\/\/radiosolaris.com.br\/beta\/wp-json\/wp\/v2\/categories?post=82027"},{"taxonomy":"post_tag","embeddable":true,"href":"https:\/\/radiosolaris.com.br\/beta\/wp-json\/wp\/v2\/tags?post=82027"},{"taxonomy":"powerkit_post_featured","embeddable":true,"href":"https:\/\/radiosolaris.com.br\/beta\/wp-json\/wp\/v2\/powerkit_post_featured?post=82027"}],"curies":[{"name":"wp","href":"https:\/\/api.w.org\/{rel}","templated":true}]}}