{"id":81931,"date":"2022-06-22T11:29:03","date_gmt":"2022-06-22T14:29:03","guid":{"rendered":"https:\/\/radiosolaris.com.br\/beta\/?p=81931"},"modified":"2022-06-22T11:31:12","modified_gmt":"2022-06-22T14:31:12","slug":"balsas-de-nova-roma-do-sul-sao-interditadas-novamente-por-causa-da-chuva","status":"publish","type":"post","link":"https:\/\/radiosolaris.com.br\/beta\/balsas-de-nova-roma-do-sul-sao-interditadas-novamente-por-causa-da-chuva\/","title":{"rendered":"Balsas de Nova Roma do Sul s\u00e3o novamente interditadas por causa da chuva"},"content":{"rendered":"\n<h4 id=\"a-cheia-dos-rios-das-antas-e-da-prata-faz-com-que-as-embarcacoes-fiquem-fora-de-operacao-por-tempo-indeterminado\" class=\"wp-block-heading\">A cheia dos Rios das Antas e da Prata, faz com que as embarca\u00e7\u00f5es fiquem fora de opera\u00e7\u00e3o por tempo indeterminado<\/h4>\n\n\n\n<p>Novamente, devido \u00e0s fortes chuvas que atingem a regi\u00e3o, as balsas que interligam Nova Roma do Sul aos munic\u00edpios de Veran\u00f3polis e Nova P\u00e1dua foram bloqueadas. A cheia dos Rios das Antas e da Prata, faz com que as embarca\u00e7\u00f5es fiquem fora de opera\u00e7\u00e3o por tempo indeterminado.<\/p>\n\n\n\n<p>Conforme a Prefeitura de Nova Roma do Sul, ainda n\u00e3o h\u00e1 previs\u00e3o para retorno do funcionamento das balsas. A previs\u00e3o de chuva para os pr\u00f3ximos dias, pode fazer com que a libera\u00e7\u00e3o demore mais para acontecer.<\/p>\n\n\n\n<p>Neste ano, frequentemente as embarca\u00e7\u00f5es vem sofrendo bloqueios em decorr\u00eancia das fortes chuvas que atingem a regi\u00e3o e fazem com que aumente o volume de \u00e1gua dos rios. <a href=\"https:\/\/radiosolaris.com.br\/beta\/travessia-da-balsa-no-rio-das-antas-e-novamente-interditada-em-nova-roma-do-sul\/\" data-type=\"URL\" data-id=\"https:\/\/radiosolaris.com.br\/beta\/travessia-da-balsa-no-rio-das-antas-e-novamente-interditada-em-nova-roma-do-sul\/\" target=\"_blank\" rel=\"noreferrer noopener\">A \u00faltima interrup\u00e7\u00e3o aconteceu no dia 6 de junho.<\/a><\/p>\n\n\n\n<p>Quem precisar se deslocar para acessar outras cidades, deve utilizar as vias alternativas pelas rodovias estaduais ERS-448, ERS-453 e ERS-437.<\/p>\n","protected":false},"excerpt":{"rendered":"<p>A cheia dos Rios das Antas e da Prata, faz com que as embarca\u00e7\u00f5es fiquem fora de opera\u00e7\u00e3o por tempo indeterminado Novamente, devido \u00e0s fortes chuvas que atingem a regi\u00e3o,&hellip;<\/p>\n","protected":false},"author":16,"featured_media":80003,"comment_status":"closed","ping_status":"closed","sticky":false,"template":"","format":"standard","meta":{"_lmt_disableupdate":"","_lmt_disable":"","footnotes":""},"categories":[83],"tags":[11128,10216,12152,114,167,1265,283,1611],"powerkit_post_featured":[],"class_list":{"0":"post-81931","1":"post","2":"type-post","3":"status-publish","4":"format-standard","5":"has-post-thumbnail","7":"category-serra-gaucha","8":"tag-balsa-de-nova-padua","9":"tag-balsas","10":"tag-balsas-de-nova-roma","11":"tag-flores-da-cunha","12":"tag-nova-padua","13":"tag-nova-roma","14":"tag-serra-gaucha","15":"tag-veranopolis"},"modified_by":"Bruna Picinini","_links":{"self":[{"href":"https:\/\/radiosolaris.com.br\/beta\/wp-json\/wp\/v2\/posts\/81931","targetHints":{"allow":["GET"]}}],"collection":[{"href":"https:\/\/radiosolaris.com.br\/beta\/wp-json\/wp\/v2\/posts"}],"about":[{"href":"https:\/\/radiosolaris.com.br\/beta\/wp-json\/wp\/v2\/types\/post"}],"author":[{"embeddable":true,"href":"https:\/\/radiosolaris.com.br\/beta\/wp-json\/wp\/v2\/users\/16"}],"replies":[{"embeddable":true,"href":"https:\/\/radiosolaris.com.br\/beta\/wp-json\/wp\/v2\/comments?post=81931"}],"version-history":[{"count":0,"href":"https:\/\/radiosolaris.com.br\/beta\/wp-json\/wp\/v2\/posts\/81931\/revisions"}],"wp:featuredmedia":[{"embeddable":true,"href":"https:\/\/radiosolaris.com.br\/beta\/wp-json\/wp\/v2\/media\/80003"}],"wp:attachment":[{"href":"https:\/\/radiosolaris.com.br\/beta\/wp-json\/wp\/v2\/media?parent=81931"}],"wp:term":[{"taxonomy":"category","embeddable":true,"href":"https:\/\/radiosolaris.com.br\/beta\/wp-json\/wp\/v2\/categories?post=81931"},{"taxonomy":"post_tag","embeddable":true,"href":"https:\/\/radiosolaris.com.br\/beta\/wp-json\/wp\/v2\/tags?post=81931"},{"taxonomy":"powerkit_post_featured","embeddable":true,"href":"https:\/\/radiosolaris.com.br\/beta\/wp-json\/wp\/v2\/powerkit_post_featured?post=81931"}],"curies":[{"name":"wp","href":"https:\/\/api.w.org\/{rel}","templated":true}]}}