{"id":81894,"date":"2022-06-22T10:03:23","date_gmt":"2022-06-22T13:03:23","guid":{"rendered":"https:\/\/radiosolaris.com.br\/beta\/?p=81894"},"modified":"2022-06-22T10:03:28","modified_gmt":"2022-06-22T13:03:28","slug":"patrulha-escolar-da-brigada-militar-discute-demandas-de-seguranca-das-escolas-publicas-de-caxias-do-sul","status":"publish","type":"post","link":"https:\/\/radiosolaris.com.br\/beta\/patrulha-escolar-da-brigada-militar-discute-demandas-de-seguranca-das-escolas-publicas-de-caxias-do-sul\/","title":{"rendered":"Patrulha Escolar da Brigada Militar discute demandas de seguran\u00e7a das escolas p\u00fablicas de Caxias do Sul"},"content":{"rendered":"\n<h4 id=\"secretaria-de-seguranca-publica-e-protecao-social-do-municipio-brigada-militar-policia-civil-e-guarda-municipal-fizeram-parte-da-reuniao\" class=\"wp-block-heading\">Secretaria de Seguran\u00e7a P\u00fablica e Prote\u00e7\u00e3o Social do munic\u00edpio, Brigada Militar, Pol\u00edcia Civil e Guarda Municipal fizeram parte da reuni\u00e3o<\/h4>\n\n\n\n<p>A Patrulha Escolar do 12\u00ba BPM participou de uma reuni\u00e3o, na manh\u00e3 desta ter\u00e7a-feira (21), para tratar de demandas priorit\u00e1rias de seguran\u00e7a das escolas p\u00fablicas do Estado e do Munic\u00edpio de Caxias do Sul.<br>Sob a coordena\u00e7\u00e3o da Secretaria de Seguran\u00e7a P\u00fablica e Prote\u00e7\u00e3o Social do munic\u00edpio, Brigada Militar, Pol\u00edcia Civil e Guarda Municipal, o encontro tra\u00e7ou o planejamento para o atendimento e acompanhamento das escolas eleitas pela 4\u00aa CRE e Secretaria de Educa\u00e7\u00e3o do Munic\u00edpio como priorit\u00e1rias.<\/p>\n\n\n\n<p>De acordo com a Brigada Militar, ficou ajustado outro encontro com as Diretoras das escolas que ser\u00e3o acompanhadas para avalia\u00e7\u00e3o do trabalho e troca de experi\u00eancias das boas pr\u00e1ticas implementadas pelo 12\u00ba BPM, Guarda Municipal e Pol\u00edcia Civil.<\/p>\n\n\n\n<p><\/p>\n\n\n\n<figure class=\"wp-block-image size-large\"><img  decoding=\"async\"  src=\"data:image\/png;base64,iVBORw0KGgoAAAANSUhEUgAABIgAAANmAQMAAACrCyL8AAAAA1BMVEUAAP+KeNJXAAAAAXRSTlMAQObYZgAAAAlwSFlzAAAOxAAADsQBlSsOGwAAAJJJREFUeNrtwTEBAAAAwqD1T20JT6AAAAAAAAAAAAAAAAAAAAAAAAAAAAAAAAAAAAAAAAAAAAAAAAAAAAAAAAAAAAAAAAAAAAAAAAAAAAAAAAAAAAAAAAAAAAAAAAAAAAAAAAAAAAAAAAAAAAAAAAAAAAAAAAAAAAAAAAAAAAAAAAAAAAAAAAAAAAAAAAAAAAD+BvA7AAGTZkFsAAAAAElFTkSuQmCC\"  alt=\"\"  class=\"wp-image-81895 pk-lazyload\"  data-pk-sizes=\"auto\"  data-pk-src=\"https:\/\/radiosolaris.com.br\/beta\/wp-content\/uploads\/2022\/06\/WhatsApp-Image-2022-06-21-at-15.39.56-1024x768.jpeg\" ><figcaption>Foto: Brigada Militar <\/figcaption><\/figure>\n","protected":false},"excerpt":{"rendered":"<p>Secretaria de Seguran\u00e7a P\u00fablica e Prote\u00e7\u00e3o Social do munic\u00edpio, Brigada Militar, Pol\u00edcia Civil e Guarda Municipal fizeram parte da reuni\u00e3o A Patrulha Escolar do 12\u00ba BPM participou de uma reuni\u00e3o,&hellip;<\/p>\n","protected":false},"author":19,"featured_media":81895,"comment_status":"closed","ping_status":"closed","sticky":false,"template":"","format":"standard","meta":{"_lmt_disableupdate":"","_lmt_disable":"","footnotes":""},"categories":[83],"tags":[247,148,12146,283],"powerkit_post_featured":[],"class_list":{"0":"post-81894","1":"post","2":"type-post","3":"status-publish","4":"format-standard","5":"has-post-thumbnail","7":"category-serra-gaucha","8":"tag-brigada-militar","9":"tag-caxias-do-sul","10":"tag-patrulha-escolar","11":"tag-serra-gaucha"},"modified_by":"Luciano Pettorini","_links":{"self":[{"href":"https:\/\/radiosolaris.com.br\/beta\/wp-json\/wp\/v2\/posts\/81894","targetHints":{"allow":["GET"]}}],"collection":[{"href":"https:\/\/radiosolaris.com.br\/beta\/wp-json\/wp\/v2\/posts"}],"about":[{"href":"https:\/\/radiosolaris.com.br\/beta\/wp-json\/wp\/v2\/types\/post"}],"author":[{"embeddable":true,"href":"https:\/\/radiosolaris.com.br\/beta\/wp-json\/wp\/v2\/users\/19"}],"replies":[{"embeddable":true,"href":"https:\/\/radiosolaris.com.br\/beta\/wp-json\/wp\/v2\/comments?post=81894"}],"version-history":[{"count":0,"href":"https:\/\/radiosolaris.com.br\/beta\/wp-json\/wp\/v2\/posts\/81894\/revisions"}],"wp:featuredmedia":[{"embeddable":true,"href":"https:\/\/radiosolaris.com.br\/beta\/wp-json\/wp\/v2\/media\/81895"}],"wp:attachment":[{"href":"https:\/\/radiosolaris.com.br\/beta\/wp-json\/wp\/v2\/media?parent=81894"}],"wp:term":[{"taxonomy":"category","embeddable":true,"href":"https:\/\/radiosolaris.com.br\/beta\/wp-json\/wp\/v2\/categories?post=81894"},{"taxonomy":"post_tag","embeddable":true,"href":"https:\/\/radiosolaris.com.br\/beta\/wp-json\/wp\/v2\/tags?post=81894"},{"taxonomy":"powerkit_post_featured","embeddable":true,"href":"https:\/\/radiosolaris.com.br\/beta\/wp-json\/wp\/v2\/powerkit_post_featured?post=81894"}],"curies":[{"name":"wp","href":"https:\/\/api.w.org\/{rel}","templated":true}]}}