{"id":81792,"date":"2022-06-21T09:24:07","date_gmt":"2022-06-21T12:24:07","guid":{"rendered":"https:\/\/radiosolaris.com.br\/beta\/?p=81792"},"modified":"2022-06-21T09:24:10","modified_gmt":"2022-06-21T12:24:10","slug":"campanhas-contra-gripe-e-sarampo-seguem-ate-sexta-feira-em-caxias","status":"publish","type":"post","link":"https:\/\/radiosolaris.com.br\/beta\/campanhas-contra-gripe-e-sarampo-seguem-ate-sexta-feira-em-caxias\/","title":{"rendered":"Campanhas contra gripe e sarampo seguem at\u00e9 sexta-feira em Caxias"},"content":{"rendered":"\n<h4 id=\"cobertura-vacinal-para-os-grupos-prioritarios-e-de-552-para-a-influenza-gripe-e-368-para-o-sarampo\" class=\"wp-block-heading\">Cobertura vacinal para os grupos priorit\u00e1rios \u00e9 de 55,2% para a influenza\/gripe e 36,8% para o sarampo<\/h4>\n\n\n\n<p>A Secretaria da Sa\u00fade (SMS) de Caxias do Sul lembra que a 24\u00aa Campanha Nacional de Vacina\u00e7\u00e3o contra a Influenza\/gripe e a 8\u00aa Campanha Nacional de Seguimento e Vacina\u00e7\u00e3o de Trabalhadores da Sa\u00fade contra o Sarampo ocorrem at\u00e9 sexta-feira (24). At\u00e9 o momento, a cobertura vacinal em Caxias para os grupos priorit\u00e1rios \u00e9 de 55,2% para a influenza\/gripe e 36,8% para o sarampo.<\/p>\n\n\n\n<p>A vacina contra a gripe est\u00e1 liberada para toda a popula\u00e7\u00e3o e pode ser feita no mesmo dia que a imuniza\u00e7\u00e3o contra a covid-19, com exce\u00e7\u00e3o das crian\u00e7as de at\u00e9 11 anos, que devem obedecer ao intervalo de 15 dias entre cada uma. A SMS refor\u00e7a a import\u00e2ncia de toda a comunidade fazer a vacina, principalmente os grupos elencados como priorit\u00e1rios, uma vez que estes s\u00e3o definidos pelo Minist\u00e9rio da Sa\u00fade em fun\u00e7\u00e3o de serem mais suscet\u00edveis ou estarem mais expostos \u00e0 doen\u00e7a.<\/p>\n\n\n\n<p>J\u00e1 a vacina\u00e7\u00e3o contra o sarampo tem como p\u00fablico-alvo crian\u00e7as de seis meses a menos de cinco anos (independentemente de terem sido vacinadas anteriormente, ou seja, todas da faixa et\u00e1ria devem ser vacinadas na campanha) e profissionais de sa\u00fade (que precisam atualizar a situa\u00e7\u00e3o vacinal, ou seja, devem estar imunizados com duas doses da vacina tr\u00edplice viral).<\/p>\n\n\n\n<p>Ambas vacinas est\u00e3o dispon\u00edveis em todas UBSs. As Unidades tamb\u00e9m est\u00e3o refor\u00e7ando as orienta\u00e7\u00f5es e o chamamento para vacina\u00e7\u00e3o em suas comunidades por meio de contato com escolas e outras entidades.<\/p>\n\n\n\n<p>Grupos Priorit\u00e1rios para vacina contra Influenza\/ gripe<br>Pessoas de 55 anos ou mais, crian\u00e7as (de seis meses a nove anos), profissionais de sa\u00fade, gestantes, pu\u00e9rperas, povos ind\u00edgenas, professores, pessoas com comorbidades ou com defici\u00eancia permanente, caminhoneiros, trabalhadores do transporte coletivo rodovi\u00e1rio urbano e de longo curso, trabalhadores portu\u00e1rios, for\u00e7as de seguran\u00e7a e salvamento, For\u00e7as Armadas, adolescentes e jovens em medidas socioeducativas, funcion\u00e1rios do sistema de priva\u00e7\u00e3o de liberdade e popula\u00e7\u00e3o privada de liberdade.<\/p>\n\n\n\n<p><strong>Onde fazer a vacina<\/strong><br>Todas as UBSs<\/p>\n\n\n\n<p>Hor\u00e1rios<br>UBSs Cinquenten\u00e1rio, Cruzeiro, Desvio Rizzo, Eldorado, Esplanada, Reolon e Vila Ip\u00ea: 8h \u00e0s 19h<br>Demais Unidades: 8h \u00e0s 16h<\/p>\n","protected":false},"excerpt":{"rendered":"<p>Cobertura vacinal para os grupos priorit\u00e1rios \u00e9 de 55,2% para a influenza\/gripe e 36,8% para o sarampo A Secretaria da Sa\u00fade (SMS) de Caxias do Sul lembra que a 24\u00aa&hellip;<\/p>\n","protected":false},"author":19,"featured_media":59010,"comment_status":"closed","ping_status":"closed","sticky":false,"template":"","format":"standard","meta":{"_lmt_disableupdate":"","_lmt_disable":"","footnotes":""},"categories":[83],"tags":[148,282,1106,283,396],"powerkit_post_featured":[],"class_list":{"0":"post-81792","1":"post","2":"type-post","3":"status-publish","4":"format-standard","5":"has-post-thumbnail","7":"category-serra-gaucha","8":"tag-caxias-do-sul","9":"tag-gripe","10":"tag-sarampo","11":"tag-serra-gaucha","12":"tag-vacina"},"modified_by":"Luciano Pettorini","_links":{"self":[{"href":"https:\/\/radiosolaris.com.br\/beta\/wp-json\/wp\/v2\/posts\/81792","targetHints":{"allow":["GET"]}}],"collection":[{"href":"https:\/\/radiosolaris.com.br\/beta\/wp-json\/wp\/v2\/posts"}],"about":[{"href":"https:\/\/radiosolaris.com.br\/beta\/wp-json\/wp\/v2\/types\/post"}],"author":[{"embeddable":true,"href":"https:\/\/radiosolaris.com.br\/beta\/wp-json\/wp\/v2\/users\/19"}],"replies":[{"embeddable":true,"href":"https:\/\/radiosolaris.com.br\/beta\/wp-json\/wp\/v2\/comments?post=81792"}],"version-history":[{"count":0,"href":"https:\/\/radiosolaris.com.br\/beta\/wp-json\/wp\/v2\/posts\/81792\/revisions"}],"wp:featuredmedia":[{"embeddable":true,"href":"https:\/\/radiosolaris.com.br\/beta\/wp-json\/wp\/v2\/media\/59010"}],"wp:attachment":[{"href":"https:\/\/radiosolaris.com.br\/beta\/wp-json\/wp\/v2\/media?parent=81792"}],"wp:term":[{"taxonomy":"category","embeddable":true,"href":"https:\/\/radiosolaris.com.br\/beta\/wp-json\/wp\/v2\/categories?post=81792"},{"taxonomy":"post_tag","embeddable":true,"href":"https:\/\/radiosolaris.com.br\/beta\/wp-json\/wp\/v2\/tags?post=81792"},{"taxonomy":"powerkit_post_featured","embeddable":true,"href":"https:\/\/radiosolaris.com.br\/beta\/wp-json\/wp\/v2\/powerkit_post_featured?post=81792"}],"curies":[{"name":"wp","href":"https:\/\/api.w.org\/{rel}","templated":true}]}}