{"id":81586,"date":"2022-06-17T18:02:18","date_gmt":"2022-06-17T21:02:18","guid":{"rendered":"https:\/\/radiosolaris.com.br\/beta\/?p=81586"},"modified":"2022-06-17T18:20:32","modified_gmt":"2022-06-17T21:20:32","slug":"jovem-alega-ter-sido-vitima-de-bala-perdida-em-seu-local-de-trabalho-em-caxias-do-sul","status":"publish","type":"post","link":"https:\/\/radiosolaris.com.br\/beta\/jovem-alega-ter-sido-vitima-de-bala-perdida-em-seu-local-de-trabalho-em-caxias-do-sul\/","title":{"rendered":"Jovem alega ter sido v\u00edtima de bala perdida em frente ao seu local de trabalho, em Caxias do Sul"},"content":{"rendered":"\n<h4 id=\"a-policia-civil-espera-utilizar-as-imagens-de-cameras-de-monitoramento-para-elucidar-o-caso\" class=\"wp-block-heading\">A Pol\u00edcia Civil espera utilizar as imagens de c\u00e2meras de monitoramento para elucidar o caso<\/h4>\n\n\n\n<p>Um jovem foi baleado na frente de uma hamburgueria na Avenida Benjamin Cust\u00f3dio de Oliveirado, no bairro Charqueadas, em Caxias do Sul, no final da noite desta quinta-feira (16). A informa\u00e7\u00e3o s\u00f3 veio a conhecimento p\u00fablico ap\u00f3s o Hospital Pomp\u00e9ia, aonde o homem de 23 anos est\u00e1 hospitalizado, acionar a pol\u00edcia e relatar o fato.<br><br>A Brigada Militar (BM) atendia uma ocorr\u00eancia de <a href=\"https:\/\/radiosolaris.com.br\/beta\/tres-pessoas-da-mesma-familia-sao-executadas-a-tiros-em-caxias-do-sul\/\">triplo homic\u00eddio no bairro Esplanada<\/a>, quando foi informada de que populares teriam levado esta v\u00edtima ao hospital sem acionar o Servi\u00e7o de Atendimento M\u00f3vel de Urg\u00eancia (Samu). O jovem n\u00e3o corre risco de vida e, nesta sexta (17), ainda permanece em observa\u00e7\u00e3o m\u00e9dica.<\/p>\n\n\n\n<p>Conforme relato da v\u00edtima aos policiais, ele estava nesta hamburgueria \u00e0 trabalho e, ao escutar tiros, saiu at\u00e9 a porta de entrada do estabelecimento, onde foi baleado. N\u00e3o h\u00e1 maiores informa\u00e7\u00f5es sobre o fato, que teria ocorrido por volta de 23h45min.<\/p>\n\n\n\n<p>A Pol\u00edcia Civil est\u00e1 investigando o caso. A expectativa \u00e9 que as imagens de c\u00e2meras de monitoramento possam ajudar a elucidar o caso.<\/p>\n\n\n\n<p><\/p>\n","protected":false},"excerpt":{"rendered":"<p>A Pol\u00edcia Civil espera utilizar as imagens de c\u00e2meras de monitoramento para elucidar o caso Um jovem foi baleado na frente de uma hamburgueria na Avenida Benjamin Cust\u00f3dio de Oliveirado,&hellip;<\/p>\n","protected":false},"author":17,"featured_media":37207,"comment_status":"closed","ping_status":"closed","sticky":false,"template":"","format":"standard","meta":{"_lmt_disableupdate":"","_lmt_disable":"","footnotes":""},"categories":[83],"tags":[9193,11020,12088,8274,3504],"powerkit_post_featured":[],"class_list":{"0":"post-81586","1":"post","2":"type-post","3":"status-publish","4":"format-standard","5":"has-post-thumbnail","7":"category-serra-gaucha","8":"tag-ataque-a-tiros","9":"tag-bairro-charqueadas","10":"tag-homem-baleado","11":"tag-tentativa-de-homicidio","12":"tag-tiroteio"},"modified_by":"Igor Panzenhagen","_links":{"self":[{"href":"https:\/\/radiosolaris.com.br\/beta\/wp-json\/wp\/v2\/posts\/81586","targetHints":{"allow":["GET"]}}],"collection":[{"href":"https:\/\/radiosolaris.com.br\/beta\/wp-json\/wp\/v2\/posts"}],"about":[{"href":"https:\/\/radiosolaris.com.br\/beta\/wp-json\/wp\/v2\/types\/post"}],"author":[{"embeddable":true,"href":"https:\/\/radiosolaris.com.br\/beta\/wp-json\/wp\/v2\/users\/17"}],"replies":[{"embeddable":true,"href":"https:\/\/radiosolaris.com.br\/beta\/wp-json\/wp\/v2\/comments?post=81586"}],"version-history":[{"count":0,"href":"https:\/\/radiosolaris.com.br\/beta\/wp-json\/wp\/v2\/posts\/81586\/revisions"}],"wp:featuredmedia":[{"embeddable":true,"href":"https:\/\/radiosolaris.com.br\/beta\/wp-json\/wp\/v2\/media\/37207"}],"wp:attachment":[{"href":"https:\/\/radiosolaris.com.br\/beta\/wp-json\/wp\/v2\/media?parent=81586"}],"wp:term":[{"taxonomy":"category","embeddable":true,"href":"https:\/\/radiosolaris.com.br\/beta\/wp-json\/wp\/v2\/categories?post=81586"},{"taxonomy":"post_tag","embeddable":true,"href":"https:\/\/radiosolaris.com.br\/beta\/wp-json\/wp\/v2\/tags?post=81586"},{"taxonomy":"powerkit_post_featured","embeddable":true,"href":"https:\/\/radiosolaris.com.br\/beta\/wp-json\/wp\/v2\/powerkit_post_featured?post=81586"}],"curies":[{"name":"wp","href":"https:\/\/api.w.org\/{rel}","templated":true}]}}