{"id":81452,"date":"2022-06-16T11:28:37","date_gmt":"2022-06-16T14:28:37","guid":{"rendered":"https:\/\/radiosolaris.com.br\/beta\/?p=81452"},"modified":"2022-06-16T11:32:44","modified_gmt":"2022-06-16T14:32:44","slug":"romaria-do-frei-salvador-ocorre-domingo-19-em-flores-da-cunha","status":"publish","type":"post","link":"https:\/\/radiosolaris.com.br\/beta\/romaria-do-frei-salvador-ocorre-domingo-19-em-flores-da-cunha\/","title":{"rendered":"Romaria do frei Salvador ocorre domingo (19) em Flores da Cunha"},"content":{"rendered":"\n<h4 id=\"a-partir-desta-edicao-o-evento-religioso-passa-a-ocorrer-no-domingo-seguinte-a-solenidade-de-corpus-christi\" class=\"wp-block-heading\">A partir desta edi\u00e7\u00e3o, o evento religioso passa a ocorrer no domingo seguinte \u00e0 solenidade de Corpus Christi<\/h4>\n\n\n\n<p>No ano em que se recorda os 50 anos de falecimento do Vener\u00e1vel Frei Salvador Pinzetta, a tradicional Romaria ao Eremit\u00e9rio em Flores da Cunha est\u00e1 passando por uma significativa mudan\u00e7a. A partir desta edi\u00e7\u00e3o, a peregrina\u00e7\u00e3o dos fi\u00e9is n\u00e3o ocorre mais na quinta-feira de Corpus Christi, mas sim no domingo seguinte. Por isso, em 2022, a romaria ser\u00e1 realizada no dia 19.<\/p>\n\n\n\n<p>De acordo com a organiza\u00e7\u00e3o do evento, o objetivo da mudan\u00e7a \u00e9 descentralizar as celebra\u00e7\u00f5es e proporcionar uma programa\u00e7\u00e3o diferente aos fi\u00e9is e devotos do Vener\u00e1vel capuchinho que tem fama de santidade. Al\u00e9m disso, a Par\u00f3quia Nossa Senhora de Lourdes quer evidenciar tanto a celebra\u00e7\u00e3o de Corpus Christi como a Romaria ao frei Salvador.<\/p>\n\n\n\n<p>Na programa\u00e7\u00e3o do evento do dia 19, haver\u00e1 acolhida de peregrinos a partir das 7h no Sal\u00e3o Paroquial com o caf\u00e9 da manh\u00e3 e duas missas na igreja do Eremit\u00e9rio frei Salvador: \u00e0s 8h30min e 9h45min. Al\u00e9m disso, um almo\u00e7o partilhado ser\u00e1 realizado ao meio-dia, tamb\u00e9m no Sal\u00e3o Paroquial. Por fim, a romaria a p\u00e9 inicia \u00e0s 13h30min, com sa\u00edda no centro da cidade (na rua Frei Eug\u00eanio, atr\u00e1s do Sal\u00e3o) e a missa campal deve ocorrer \u00e0s 15h, na esplanada do eremit\u00e9rio.<\/p>\n\n\n\n<p><strong>Saiba mais sobre frei Salvador<br><\/strong>Herm\u00ednio Pinzetta, nasceu em 29 de julho de 1911, no munic\u00edpio de Casca. Aos 32 anos ingressou na Ordem dos Frades Menores Capuchinhos, onde adotou o nome de frei Salvador. Teve uma breve passagem por Garibaldi, antes de retornar para Flores da Cunha, cidade que adotou com carinho e onde passou a maior parte de sua vida religiosa e local onde faleceu em 31 de maio de 1972. Atualmente seus restos mortais est\u00e3o sepultados na Igreja Matriz.<\/p>\n\n\n\n<p>O frade Salvador levava uma vida humilde e tinha como principais caracter\u00edsticas a f\u00e9, caridade, ora\u00e7\u00e3o e trabalho. Esses fatores o tornaram uma pessoa muito conhecida e um bom conselheiro para muitos fi\u00e9is cat\u00f3licos de Flores da Cunha. Reconhecendo as virtudes heroicas do religioso, h\u00e1 mais de uma d\u00e9cada, a diocese de Caxias do Sul abriu um processo de beatifica\u00e7\u00e3o no Vaticano, com o objetivo de torna-lo um santo que possa ser venerado nos altares.<\/p>\n\n\n\n<p>A \u00faltima atualiza\u00e7\u00e3o do processo ocorreu em outubro de 2020, quando os documentos que tratam de um presumido milagre que teria acontecido por intercess\u00e3o de frei Salvador, foram entregues \u00e0 Congrega\u00e7\u00e3o para a Causa dos Santos. Desde ent\u00e3o, as mais de 700 p\u00e1ginas do relat\u00f3rio est\u00e3o sendo analisadas pelo Vaticano, que ainda n\u00e3o deu um parecer do processo. Se a Congrega\u00e7\u00e3o reconhecer o presumido milagre, frei Salvador ser\u00e1 declarado beato.<\/p>\n\n\n\n<figure class=\"wp-block-gallery has-nested-images columns-default is-cropped wp-block-gallery-1 is-layout-flex wp-block-gallery-is-layout-flex\">\n<figure class=\"wp-block-image size-large\"><a href=\"https:\/\/radiosolaris.com.br\/beta\/wp-content\/uploads\/2022\/05\/Frei-Salvador-Pinzetta.jpg\"><img  loading=\"lazy\"  decoding=\"async\"  width=\"1920\"  height=\"1080\"  data-id=\"79966\"  src=\"data:image\/png;base64,iVBORw0KGgoAAAANSUhEUgAAAAEAAAABAQMAAAAl21bKAAAAA1BMVEUAAP+KeNJXAAAAAXRSTlMAQObYZgAAAAlwSFlzAAAOxAAADsQBlSsOGwAAAApJREFUCNdjYAAAAAIAAeIhvDMAAAAASUVORK5CYII=\"  alt=\"\"  class=\"wp-image-79966 pk-lazyload\"  data-pk-sizes=\"auto\"  data-ls-sizes=\"auto, (max-width: 1920px) 100vw, 1920px\"  data-pk-src=\"https:\/\/radiosolaris.com.br\/beta\/wp-content\/uploads\/2022\/05\/Frei-Salvador-Pinzetta.jpg\"  data-pk-srcset=\"https:\/\/radiosolaris.com.br\/beta\/wp-content\/uploads\/2022\/05\/Frei-Salvador-Pinzetta.jpg 1920w, https:\/\/radiosolaris.com.br\/beta\/wp-content\/uploads\/2022\/05\/Frei-Salvador-Pinzetta-300x169.jpg 300w, https:\/\/radiosolaris.com.br\/beta\/wp-content\/uploads\/2022\/05\/Frei-Salvador-Pinzetta-1160x653.jpg 1160w, https:\/\/radiosolaris.com.br\/beta\/wp-content\/uploads\/2022\/05\/Frei-Salvador-Pinzetta-768x432.jpg 768w, https:\/\/radiosolaris.com.br\/beta\/wp-content\/uploads\/2022\/05\/Frei-Salvador-Pinzetta-1536x864.jpg 1536w, https:\/\/radiosolaris.com.br\/beta\/wp-content\/uploads\/2022\/05\/Frei-Salvador-Pinzetta-800x450.jpg 800w\" ><\/a><\/figure>\n<figcaption class=\"blocks-gallery-caption\">Vener\u00e1vel frei Salvador Pinzetta<br>Foto: Divulga\u00e7\u00e3o<\/figcaption><\/figure>\n","protected":false},"excerpt":{"rendered":"<p>A partir desta edi\u00e7\u00e3o, o evento religioso passa a ocorrer no domingo seguinte \u00e0 solenidade de Corpus Christi No ano em que se recorda os 50 anos de falecimento do&hellip;<\/p>\n","protected":false},"author":16,"featured_media":81453,"comment_status":"closed","ping_status":"closed","sticky":false,"template":"","format":"standard","meta":{"_lmt_disableupdate":"","_lmt_disable":"","footnotes":""},"categories":[83],"tags":[3572,114,3573,4155,12063,992,283,3913],"powerkit_post_featured":[],"class_list":{"0":"post-81452","1":"post","2":"type-post","3":"status-publish","4":"format-standard","5":"has-post-thumbnail","7":"category-serra-gaucha","8":"tag-corpus-christi","9":"tag-flores-da-cunha","10":"tag-frei-salvador","11":"tag-igreja-catolica","12":"tag-romaria-frei-salvador","13":"tag-serra","14":"tag-serra-gaucha","15":"tag-veneravel-frei-salvador"},"modified_by":"Bruna Picinini","_links":{"self":[{"href":"https:\/\/radiosolaris.com.br\/beta\/wp-json\/wp\/v2\/posts\/81452","targetHints":{"allow":["GET"]}}],"collection":[{"href":"https:\/\/radiosolaris.com.br\/beta\/wp-json\/wp\/v2\/posts"}],"about":[{"href":"https:\/\/radiosolaris.com.br\/beta\/wp-json\/wp\/v2\/types\/post"}],"author":[{"embeddable":true,"href":"https:\/\/radiosolaris.com.br\/beta\/wp-json\/wp\/v2\/users\/16"}],"replies":[{"embeddable":true,"href":"https:\/\/radiosolaris.com.br\/beta\/wp-json\/wp\/v2\/comments?post=81452"}],"version-history":[{"count":0,"href":"https:\/\/radiosolaris.com.br\/beta\/wp-json\/wp\/v2\/posts\/81452\/revisions"}],"wp:featuredmedia":[{"embeddable":true,"href":"https:\/\/radiosolaris.com.br\/beta\/wp-json\/wp\/v2\/media\/81453"}],"wp:attachment":[{"href":"https:\/\/radiosolaris.com.br\/beta\/wp-json\/wp\/v2\/media?parent=81452"}],"wp:term":[{"taxonomy":"category","embeddable":true,"href":"https:\/\/radiosolaris.com.br\/beta\/wp-json\/wp\/v2\/categories?post=81452"},{"taxonomy":"post_tag","embeddable":true,"href":"https:\/\/radiosolaris.com.br\/beta\/wp-json\/wp\/v2\/tags?post=81452"},{"taxonomy":"powerkit_post_featured","embeddable":true,"href":"https:\/\/radiosolaris.com.br\/beta\/wp-json\/wp\/v2\/powerkit_post_featured?post=81452"}],"curies":[{"name":"wp","href":"https:\/\/api.w.org\/{rel}","templated":true}]}}