{"id":81353,"date":"2022-06-15T16:29:25","date_gmt":"2022-06-15T19:29:25","guid":{"rendered":"https:\/\/radiosolaris.com.br\/beta\/?p=81353"},"modified":"2022-06-15T16:29:28","modified_gmt":"2022-06-15T19:29:28","slug":"segundo-processo-seletivo-do-sisu-tem-consulta-de-vagas-disponivel","status":"publish","type":"post","link":"https:\/\/radiosolaris.com.br\/beta\/segundo-processo-seletivo-do-sisu-tem-consulta-de-vagas-disponivel\/","title":{"rendered":"Segundo processo seletivo do Sisu tem consulta de vagas dispon\u00edvel"},"content":{"rendered":"\n<h4 id=\"inscricoes-vao-de-28-de-junho-a-1o-de-julho-e-devem-ser-feitas-no-portal-acesso-unico\" class=\"wp-block-heading\">Inscri\u00e7\u00f5es v\u00e3o de 28 de junho a 1\u00ba de julho e devem ser feitas no <a href=\"https:\/\/acessounico.mec.gov.br\/sisu\" data-type=\"URL\" data-id=\"https:\/\/acessounico.mec.gov.br\/sisu\">Portal Acesso \u00danico<\/a><\/h4>\n\n\n\n<p>O segundo processo seletivo de 2022 do Sistema de Sele\u00e7\u00e3o Unificada (Sisu) disponibilizou a consulta das vagas no portal <a href=\"https:\/\/acessounico.mec.gov.br\/sisu\" data-type=\"URL\" data-id=\"https:\/\/acessounico.mec.gov.br\/sisu\">Acesso \u00danico<\/a>. As inscri\u00e7\u00f5es come\u00e7ar\u00e3o dia 28 de junho e terminar\u00e3o no dia 1\u00ba de julho.<\/p>\n\n\n\n<p>\u00c9 poss\u00edvel visualizar as vagas ofertadas por modalidade de concorr\u00eancia, cursos e turnos, institui\u00e7\u00f5es e localiza\u00e7\u00e3o dos cursos. O candidato precisa ter realizado o Exame Nacional do Ensino M\u00e9dio (Enem), edi\u00e7\u00e3o de 2021, obtido nota superior a zero na prova de reda\u00e7\u00e3o, e n\u00e3o tenha participado do Enem na condi\u00e7\u00e3o de treineiro.<\/p>\n\n\n\n<p>De acordo com o Minist\u00e9rio da Educa\u00e7\u00e3o, o resultado do processo ser\u00e1 conhecido no dia 6 de julho. A matr\u00edcula ou registro acad\u00eamico dever\u00e3o ser feitos de 13 a 18 de julho. J\u00e1 o prazo para interessados manifestarem interesse em participar da lista de espera ser\u00e1 de 6 a 18 de julho.<\/p>\n\n\n\n<p><strong>Sisu<\/strong><\/p>\n\n\n\n<p>O Sisu \u00e9 o sistema informatizado do Minist\u00e9rio da Educa\u00e7\u00e3o (MEC) no qual as institui\u00e7\u00f5es p\u00fablicas de educa\u00e7\u00e3o superior, sejam elas federais, estaduais ou municipais, oferecem vagas a serem disputadas por candidatos inscritos em cada edi\u00e7\u00e3o da sele\u00e7\u00e3o.<\/p>\n\n\n\n<p>Os candidatos s\u00e3o selecionados para as op\u00e7\u00f5es de cursos indicados no ato de inscri\u00e7\u00e3o, de acordo com a melhor classifica\u00e7\u00e3o de nota obtida na edi\u00e7\u00e3o mais recente do Enem, que, nesta edi\u00e7\u00e3o, ser\u00e1 a de 2021.<\/p>\n\n\n\n<p><\/p>\n","protected":false},"excerpt":{"rendered":"<p>Inscri\u00e7\u00f5es v\u00e3o de 28 de junho a 1\u00ba de julho e devem ser feitas no Portal Acesso \u00danico O segundo processo seletivo de 2022 do Sistema de Sele\u00e7\u00e3o Unificada (Sisu)&hellip;<\/p>\n","protected":false},"author":19,"featured_media":30804,"comment_status":"closed","ping_status":"closed","sticky":false,"template":"","format":"standard","meta":{"_lmt_disableupdate":"","_lmt_disable":"","footnotes":""},"categories":[83],"tags":[182,12036,283,2681],"powerkit_post_featured":[],"class_list":{"0":"post-81353","1":"post","2":"type-post","3":"status-publish","4":"format-standard","5":"has-post-thumbnail","7":"category-serra-gaucha","8":"tag-educacao","9":"tag-precesso-seletivo","10":"tag-serra-gaucha","11":"tag-sisu"},"modified_by":"Luciano Pettorini","_links":{"self":[{"href":"https:\/\/radiosolaris.com.br\/beta\/wp-json\/wp\/v2\/posts\/81353","targetHints":{"allow":["GET"]}}],"collection":[{"href":"https:\/\/radiosolaris.com.br\/beta\/wp-json\/wp\/v2\/posts"}],"about":[{"href":"https:\/\/radiosolaris.com.br\/beta\/wp-json\/wp\/v2\/types\/post"}],"author":[{"embeddable":true,"href":"https:\/\/radiosolaris.com.br\/beta\/wp-json\/wp\/v2\/users\/19"}],"replies":[{"embeddable":true,"href":"https:\/\/radiosolaris.com.br\/beta\/wp-json\/wp\/v2\/comments?post=81353"}],"version-history":[{"count":0,"href":"https:\/\/radiosolaris.com.br\/beta\/wp-json\/wp\/v2\/posts\/81353\/revisions"}],"wp:featuredmedia":[{"embeddable":true,"href":"https:\/\/radiosolaris.com.br\/beta\/wp-json\/wp\/v2\/media\/30804"}],"wp:attachment":[{"href":"https:\/\/radiosolaris.com.br\/beta\/wp-json\/wp\/v2\/media?parent=81353"}],"wp:term":[{"taxonomy":"category","embeddable":true,"href":"https:\/\/radiosolaris.com.br\/beta\/wp-json\/wp\/v2\/categories?post=81353"},{"taxonomy":"post_tag","embeddable":true,"href":"https:\/\/radiosolaris.com.br\/beta\/wp-json\/wp\/v2\/tags?post=81353"},{"taxonomy":"powerkit_post_featured","embeddable":true,"href":"https:\/\/radiosolaris.com.br\/beta\/wp-json\/wp\/v2\/powerkit_post_featured?post=81353"}],"curies":[{"name":"wp","href":"https:\/\/api.w.org\/{rel}","templated":true}]}}