{"id":81082,"date":"2022-06-13T18:00:02","date_gmt":"2022-06-13T21:00:02","guid":{"rendered":"https:\/\/radiosolaris.com.br\/beta\/?p=81082"},"modified":"2022-06-13T18:00:06","modified_gmt":"2022-06-13T21:00:06","slug":"devido-a-chuva-secretaria-de-obras-realizou-reparos-em-redes-pluviais-em-flores-da-cunha","status":"publish","type":"post","link":"https:\/\/radiosolaris.com.br\/beta\/devido-a-chuva-secretaria-de-obras-realizou-reparos-em-redes-pluviais-em-flores-da-cunha\/","title":{"rendered":"Devido \u00e0 chuva, Secretaria de Obras realizou reparos em redes pluviais em Flores da Cunha"},"content":{"rendered":"\n<h4 id=\"uma-atitude-simples-como-descartar-lixo-e-entulho-no-lugar-adequado-reduziria-as-obstrucoes-nas-bocas-de-lobo\" class=\"wp-block-heading\">Uma atitude simples como descartar lixo e entulho no lugar adequado reduziria as obstru\u00e7\u00f5es nas bocas de lobo<\/h4>\n\n\n\n<p>O volume de chuva dos \u00faltimos dias exigiu reparos emergenciais em alguns pontos p\u00fablicos de Flores da Cunha. Em per\u00edodos de instabilidade e de ac\u00famulo de \u00e1gua o lixo descartado incorretamente acaba indo parar nas bocas de lobo e redes pluviais, resultando na diminui\u00e7\u00e3o do fluxo do escoamento de \u00e1gua. Com isso, a Secretaria de Obras e Servi\u00e7os P\u00fablicos, trabalhou na desobstru\u00e7\u00e3o do sistema de drenagem pluvial e, por vezes, na substitui\u00e7\u00e3o da tubula\u00e7\u00e3o, como foi o caso na \u00faltima semana (veja abaixo).<\/p>\n\n\n\n<p>Materiais resistentes, como fios de equipamentos eletr\u00f4nicos, garrafas pet, entre outros res\u00edduos, foram retirados desses locais.<\/p>\n\n\n\n<p>A Prefeitura orienta, que esta \u00e9 uma situa\u00e7\u00e3o que pode ser prevenida com a ajuda da popula\u00e7\u00e3o por meio de medidas simples, como o descarte de lixos e entulhos em local adequado.<\/p>\n\n\n\n<p>Segundo o secret\u00e1rio, Lucas Daniel Carenhato, pequenas a\u00e7\u00f5es j\u00e1 ajudam \u2013 e muito \u2013 para amenizar os reparos de urg\u00eancia devido ao entupimento de bueiros, al\u00e9m de manter a cidade mais limpa.<\/p>\n\n\n\n<p>Pontos que receberam manuten\u00e7\u00e3o na \u00faltima semana:<\/p>\n\n\n\n<ul class=\"wp-block-list\"><li>Avenida 25 de Julho, no Acesso Norte<\/li><li>Rua Bento Gon\u00e7alves, esquina com Severo Ravizzoni<\/li><li>Rua Jo\u00e3o Jos\u00e9 Oliboni, pr\u00f3ximo \u00e0 Escola Professor Targa e ao Est\u00e1dio Municipal Homero Soldatelli<\/li><\/ul>\n\n\n\n<figure class=\"wp-block-gallery has-nested-images columns-1 is-cropped wp-block-gallery-1 is-layout-flex wp-block-gallery-is-layout-flex\">\n<figure class=\"wp-block-image size-large\"><a href=\"https:\/\/radiosolaris.com.br\/beta\/wp-content\/uploads\/2022\/06\/reparos-emergenciais-flores-da-cunha-3.jpeg\"><img  loading=\"lazy\"  decoding=\"async\"  width=\"1024\"  height=\"576\"  data-id=\"81083\"  src=\"data:image\/png;base64,iVBORw0KGgoAAAANSUhEUgAAAAEAAAABAQMAAAAl21bKAAAAA1BMVEUAAP+KeNJXAAAAAXRSTlMAQObYZgAAAAlwSFlzAAAOxAAADsQBlSsOGwAAAApJREFUCNdjYAAAAAIAAeIhvDMAAAAASUVORK5CYII=\"  alt=\"\"  class=\"wp-image-81083 pk-lazyload\"  data-pk-sizes=\"auto\"  data-ls-sizes=\"auto, (max-width: 1024px) 100vw, 1024px\"  data-pk-src=\"https:\/\/radiosolaris.com.br\/beta\/wp-content\/uploads\/2022\/06\/reparos-emergenciais-flores-da-cunha-3-1024x576.jpeg\"  data-pk-srcset=\"https:\/\/radiosolaris.com.br\/beta\/wp-content\/uploads\/2022\/06\/reparos-emergenciais-flores-da-cunha-3-1024x576.jpeg 1024w, https:\/\/radiosolaris.com.br\/beta\/wp-content\/uploads\/2022\/06\/reparos-emergenciais-flores-da-cunha-3-300x169.jpeg 300w, https:\/\/radiosolaris.com.br\/beta\/wp-content\/uploads\/2022\/06\/reparos-emergenciais-flores-da-cunha-3-768x432.jpeg 768w, https:\/\/radiosolaris.com.br\/beta\/wp-content\/uploads\/2022\/06\/reparos-emergenciais-flores-da-cunha-3.jpeg 1280w\" ><\/a><\/figure>\n\n\n\n<figure class=\"wp-block-image size-large\"><a href=\"https:\/\/radiosolaris.com.br\/beta\/wp-content\/uploads\/2022\/06\/reparos-emergenciais-flores-da-cunha-1-scaled.jpg\"><img  decoding=\"async\"  data-id=\"81084\"  src=\"data:image\/png;base64,iVBORw0KGgoAAAANSUhEUgAAAAEAAAABAQMAAAAl21bKAAAAA1BMVEUAAP+KeNJXAAAAAXRSTlMAQObYZgAAAAlwSFlzAAAOxAAADsQBlSsOGwAAAApJREFUCNdjYAAAAAIAAeIhvDMAAAAASUVORK5CYII=\"  alt=\"\"  class=\"wp-image-81084 pk-lazyload\"  data-pk-sizes=\"auto\"  data-pk-src=\"https:\/\/radiosolaris.com.br\/beta\/wp-content\/uploads\/2022\/06\/reparos-emergenciais-flores-da-cunha-1-1024x681.jpg\" ><\/a><\/figure>\n<\/figure>\n","protected":false},"excerpt":{"rendered":"<p>Uma atitude simples como descartar lixo e entulho no lugar adequado reduziria as obstru\u00e7\u00f5es nas bocas de lobo O volume de chuva dos \u00faltimos dias exigiu reparos emergenciais em alguns&hellip;<\/p>\n","protected":false},"author":17,"featured_media":81084,"comment_status":"closed","ping_status":"closed","sticky":false,"template":"","format":"standard","meta":{"_lmt_disableupdate":"","_lmt_disable":"","footnotes":""},"categories":[83],"tags":[11961,114,1627,691,11963,283,11962],"powerkit_post_featured":[],"class_list":{"0":"post-81082","1":"post","2":"type-post","3":"status-publish","4":"format-standard","5":"has-post-thumbnail","7":"category-serra-gaucha","8":"tag-bocas-de-lobo","9":"tag-flores-da-cunha","10":"tag-lixo","11":"tag-obras","12":"tag-obras-da-prefeitura-de-flores-da-cunha","13":"tag-serra-gaucha","14":"tag-sistema-de-drenagem-em-flores-da-cunha"},"modified_by":"Igor Panzenhagen","_links":{"self":[{"href":"https:\/\/radiosolaris.com.br\/beta\/wp-json\/wp\/v2\/posts\/81082","targetHints":{"allow":["GET"]}}],"collection":[{"href":"https:\/\/radiosolaris.com.br\/beta\/wp-json\/wp\/v2\/posts"}],"about":[{"href":"https:\/\/radiosolaris.com.br\/beta\/wp-json\/wp\/v2\/types\/post"}],"author":[{"embeddable":true,"href":"https:\/\/radiosolaris.com.br\/beta\/wp-json\/wp\/v2\/users\/17"}],"replies":[{"embeddable":true,"href":"https:\/\/radiosolaris.com.br\/beta\/wp-json\/wp\/v2\/comments?post=81082"}],"version-history":[{"count":0,"href":"https:\/\/radiosolaris.com.br\/beta\/wp-json\/wp\/v2\/posts\/81082\/revisions"}],"wp:featuredmedia":[{"embeddable":true,"href":"https:\/\/radiosolaris.com.br\/beta\/wp-json\/wp\/v2\/media\/81084"}],"wp:attachment":[{"href":"https:\/\/radiosolaris.com.br\/beta\/wp-json\/wp\/v2\/media?parent=81082"}],"wp:term":[{"taxonomy":"category","embeddable":true,"href":"https:\/\/radiosolaris.com.br\/beta\/wp-json\/wp\/v2\/categories?post=81082"},{"taxonomy":"post_tag","embeddable":true,"href":"https:\/\/radiosolaris.com.br\/beta\/wp-json\/wp\/v2\/tags?post=81082"},{"taxonomy":"powerkit_post_featured","embeddable":true,"href":"https:\/\/radiosolaris.com.br\/beta\/wp-json\/wp\/v2\/powerkit_post_featured?post=81082"}],"curies":[{"name":"wp","href":"https:\/\/api.w.org\/{rel}","templated":true}]}}