{"id":80882,"date":"2022-06-10T13:42:09","date_gmt":"2022-06-10T16:42:09","guid":{"rendered":"https:\/\/radiosolaris.com.br\/beta\/?p=80882"},"modified":"2022-06-10T16:48:51","modified_gmt":"2022-06-10T19:48:51","slug":"bombeiros-de-antonio-prado-controlam-principio-de-incendio","status":"publish","type":"post","link":"https:\/\/radiosolaris.com.br\/beta\/bombeiros-de-antonio-prado-controlam-principio-de-incendio\/","title":{"rendered":"Bombeiros de Ant\u00f4nio Prado controlam princ\u00edpio de inc\u00eandio em avi\u00e1rio"},"content":{"rendered":"\n<h4 id=\"o-fogo-iniciou-na-caldeira-de-um-aviario-localizado-na-linha-21-de-abril\" class=\"wp-block-heading\">O fogo iniciou na caldeira de um avi\u00e1rio, localizado na Linha 21 de Abril<\/h4>\n\n\n\n<p>No final da manh\u00e3 desta sexta-feira (10), o Corpo de Bombeiros Volunt\u00e1rios de Ant\u00f4nio Prado atendeu um principio de inc\u00eandio no interior do munic\u00edpio, linha 21 de Abril, Beltrame.<\/p>\n\n\n\n<p>As chamas iniciaram em uma caldeira de um avi\u00e1rio de frangos, atingindo parte da estrutura e a lona de prote\u00e7\u00e3o.<\/p>\n\n\n\n<p>A guarni\u00e7\u00e3o foi acionada por volta do meio-dia e conseguiu controlar as chamas antes que se alastrassem para o restante da estrutura.<\/p>\n\n\n\n<p>Nenhuma ave se feriu.<\/p>\n\n\n\n<figure class=\"wp-block-image size-full is-style-default\"><img  loading=\"lazy\"  decoding=\"async\"  width=\"768\"  height=\"1024\"  src=\"data:image\/png;base64,iVBORw0KGgoAAAANSUhEUgAAAAEAAAABAQMAAAAl21bKAAAAA1BMVEUAAP+KeNJXAAAAAXRSTlMAQObYZgAAAAlwSFlzAAAOxAAADsQBlSsOGwAAAApJREFUCNdjYAAAAAIAAeIhvDMAAAAASUVORK5CYII=\"  alt=\"\"  class=\"wp-image-80883 pk-lazyload\"  data-pk-sizes=\"auto\"  data-pk-src=\"https:\/\/radiosolaris.com.br\/beta\/wp-content\/uploads\/2022\/06\/WhatsApp-Image-2022-06-10-at-13.29.47.jpeg\" ><\/figure>\n\n\n\n<p>Informa\u00e7\u00f5es e imagem\/Corpo de Bombeiros<\/p>\n","protected":false},"excerpt":{"rendered":"<p>O fogo iniciou na caldeira de um avi\u00e1rio, localizado na Linha 21 de Abril No final da manh\u00e3 desta sexta-feira (10), o Corpo de Bombeiros Volunt\u00e1rios de Ant\u00f4nio Prado atendeu&hellip;<\/p>\n","protected":false},"author":1,"featured_media":80915,"comment_status":"closed","ping_status":"closed","sticky":false,"template":"","format":"standard","meta":{"_lmt_disableupdate":"","_lmt_disable":"","footnotes":""},"categories":[83],"tags":[143,500,283],"powerkit_post_featured":[],"class_list":{"0":"post-80882","1":"post","2":"type-post","3":"status-publish","4":"format-standard","5":"has-post-thumbnail","7":"category-serra-gaucha","8":"tag-antonio-prado","9":"tag-bombeiros-voluntarios","10":"tag-serra-gaucha"},"modified_by":"Gustavo Zanotto","_links":{"self":[{"href":"https:\/\/radiosolaris.com.br\/beta\/wp-json\/wp\/v2\/posts\/80882","targetHints":{"allow":["GET"]}}],"collection":[{"href":"https:\/\/radiosolaris.com.br\/beta\/wp-json\/wp\/v2\/posts"}],"about":[{"href":"https:\/\/radiosolaris.com.br\/beta\/wp-json\/wp\/v2\/types\/post"}],"author":[{"embeddable":true,"href":"https:\/\/radiosolaris.com.br\/beta\/wp-json\/wp\/v2\/users\/1"}],"replies":[{"embeddable":true,"href":"https:\/\/radiosolaris.com.br\/beta\/wp-json\/wp\/v2\/comments?post=80882"}],"version-history":[{"count":0,"href":"https:\/\/radiosolaris.com.br\/beta\/wp-json\/wp\/v2\/posts\/80882\/revisions"}],"wp:featuredmedia":[{"embeddable":true,"href":"https:\/\/radiosolaris.com.br\/beta\/wp-json\/wp\/v2\/media\/80915"}],"wp:attachment":[{"href":"https:\/\/radiosolaris.com.br\/beta\/wp-json\/wp\/v2\/media?parent=80882"}],"wp:term":[{"taxonomy":"category","embeddable":true,"href":"https:\/\/radiosolaris.com.br\/beta\/wp-json\/wp\/v2\/categories?post=80882"},{"taxonomy":"post_tag","embeddable":true,"href":"https:\/\/radiosolaris.com.br\/beta\/wp-json\/wp\/v2\/tags?post=80882"},{"taxonomy":"powerkit_post_featured","embeddable":true,"href":"https:\/\/radiosolaris.com.br\/beta\/wp-json\/wp\/v2\/powerkit_post_featured?post=80882"}],"curies":[{"name":"wp","href":"https:\/\/api.w.org\/{rel}","templated":true}]}}