{"id":80850,"date":"2022-06-10T09:30:10","date_gmt":"2022-06-10T12:30:10","guid":{"rendered":"https:\/\/radiosolaris.com.br\/beta\/?p=80850"},"modified":"2022-06-10T09:30:13","modified_gmt":"2022-06-10T12:30:13","slug":"acusado-de-estuprar-e-torturar-enteados-e-preso-em-caxias-do-sul","status":"publish","type":"post","link":"https:\/\/radiosolaris.com.br\/beta\/acusado-de-estuprar-e-torturar-enteados-e-preso-em-caxias-do-sul\/","title":{"rendered":"Acusado de estuprar e torturar enteados \u00e9 preso em Caxias do Sul"},"content":{"rendered":"\n<h4 id=\"de-acordo-com-a-policia-civil-crimes-ocorrem-ha-pelo-menos-cinco-anos\" class=\"wp-block-heading\">De acordo com a Pol\u00edcia Civil, crimes ocorrem h\u00e1 pelo menos cinco anos<\/h4>\n\n\n\n<p>Um homem de 34 anos suspeito de estuprar e torturar seus enteados foi preso pela Pol\u00edcia Civil em Caxias do Sul. O fato aconteceu na manh\u00e3 desta sexta-feira (10), em cumprimento a Mandado de Pris\u00e3o Tempor\u00e1ria, expedido pela 3\u00b0 Vara Criminal da Comarca de Caxias do Sul.<\/p>\n\n\n\n<p>De acordo com a Pol\u00edcia Civil, o acusado, de iniciais J.C.S.S, \u00e9 suspeito da pr\u00e1tica do crime de estupro de vulner\u00e1vel contra a enteada, hoje com 13 anos de idade, fato praticado desde que a v\u00edtima tinha oito anos. A pris\u00e3o tamb\u00e9m se deu em raz\u00e3o da investiga\u00e7\u00e3o da pr\u00e1tica do crime de tortura contra o enteado, hoje com 15 anos de idade, fato que ocorre desde os seus nove anos. O caso est\u00e1 sendo investigado no mesmo procedimento pela Delegacia de Pol\u00edcia Especializada, a partir de registro pelo Conselho Tutelar, que abrigou as v\u00edtimas ap\u00f3s tomar conhecimento dos fatos.<\/p>\n\n\n\n<figure class=\"wp-block-image size-large\"><img  decoding=\"async\"  src=\"data:image\/png;base64,iVBORw0KGgoAAAANSUhEUgAABIgAAAKNAQMAAABx\/8IJAAAAA1BMVEUAAP+KeNJXAAAAAXRSTlMAQObYZgAAAAlwSFlzAAAOxAAADsQBlSsOGwAAAHNJREFUeNrtwTEBAAAAwqD1T20ND6AAAAAAAAAAAAAAAAAAAAAAAAAAAAAAAAAAAAAAAAAAAAAAAAAAAAAAAAAAAAAAAAAAAAAAAAAAAAAAAAAAAAAAAAAAAAAAAAAAAAAAAAAAAAAAAAAAAAAAAAAAAPgwdHkAAc7CT7QAAAAASUVORK5CYII=\"  alt=\"\"  class=\"wp-image-80851 pk-lazyload\"  data-pk-sizes=\"auto\"  data-pk-src=\"https:\/\/radiosolaris.com.br\/beta\/wp-content\/uploads\/2022\/06\/Design-sem-nome-1-1024x576.jpg\" ><figcaption>Foto: Pol\u00edcia Civil<\/figcaption><\/figure>\n\n\n\n<p><\/p>\n","protected":false},"excerpt":{"rendered":"<p>De acordo com a Pol\u00edcia Civil, crimes ocorrem h\u00e1 pelo menos cinco anos Um homem de 34 anos suspeito de estuprar e torturar seus enteados foi preso pela Pol\u00edcia Civil&hellip;<\/p>\n","protected":false},"author":19,"featured_media":80851,"comment_status":"closed","ping_status":"closed","sticky":false,"template":"","format":"standard","meta":{"_lmt_disableupdate":"","_lmt_disable":"","footnotes":""},"categories":[83],"tags":[11913,148,158,11914,742,283,2782,1643],"powerkit_post_featured":[],"class_list":{"0":"post-80850","1":"post","2":"type-post","3":"status-publish","4":"format-standard","5":"has-post-thumbnail","7":"category-serra-gaucha","8":"tag-acusado","9":"tag-caxias-do-sul","10":"tag-crime","11":"tag-enteados","12":"tag-estupro","13":"tag-serra-gaucha","14":"tag-suspeito","15":"tag-tortura"},"modified_by":"Luciano Pettorini","_links":{"self":[{"href":"https:\/\/radiosolaris.com.br\/beta\/wp-json\/wp\/v2\/posts\/80850","targetHints":{"allow":["GET"]}}],"collection":[{"href":"https:\/\/radiosolaris.com.br\/beta\/wp-json\/wp\/v2\/posts"}],"about":[{"href":"https:\/\/radiosolaris.com.br\/beta\/wp-json\/wp\/v2\/types\/post"}],"author":[{"embeddable":true,"href":"https:\/\/radiosolaris.com.br\/beta\/wp-json\/wp\/v2\/users\/19"}],"replies":[{"embeddable":true,"href":"https:\/\/radiosolaris.com.br\/beta\/wp-json\/wp\/v2\/comments?post=80850"}],"version-history":[{"count":0,"href":"https:\/\/radiosolaris.com.br\/beta\/wp-json\/wp\/v2\/posts\/80850\/revisions"}],"wp:featuredmedia":[{"embeddable":true,"href":"https:\/\/radiosolaris.com.br\/beta\/wp-json\/wp\/v2\/media\/80851"}],"wp:attachment":[{"href":"https:\/\/radiosolaris.com.br\/beta\/wp-json\/wp\/v2\/media?parent=80850"}],"wp:term":[{"taxonomy":"category","embeddable":true,"href":"https:\/\/radiosolaris.com.br\/beta\/wp-json\/wp\/v2\/categories?post=80850"},{"taxonomy":"post_tag","embeddable":true,"href":"https:\/\/radiosolaris.com.br\/beta\/wp-json\/wp\/v2\/tags?post=80850"},{"taxonomy":"powerkit_post_featured","embeddable":true,"href":"https:\/\/radiosolaris.com.br\/beta\/wp-json\/wp\/v2\/powerkit_post_featured?post=80850"}],"curies":[{"name":"wp","href":"https:\/\/api.w.org\/{rel}","templated":true}]}}