{"id":80801,"date":"2022-06-09T16:18:09","date_gmt":"2022-06-09T19:18:09","guid":{"rendered":"https:\/\/radiosolaris.com.br\/beta\/?p=80801"},"modified":"2022-06-09T17:24:22","modified_gmt":"2022-06-09T20:24:22","slug":"ou-eles-me-matam-ou-eu-mudo-isso-afirma-ciro-gomes-em-caxias-do-sul","status":"publish","type":"post","link":"https:\/\/radiosolaris.com.br\/beta\/ou-eles-me-matam-ou-eu-mudo-isso-afirma-ciro-gomes-em-caxias-do-sul\/","title":{"rendered":"\u201cOu eles me matam, ou eu mudo isso\u201d, afirma Ciro Gomes em Caxias do Sul"},"content":{"rendered":"\n<h4 id=\"pre-candidato-a-presidencia-pelo-pdt-que-esteve-na-serra-gaucha-nesta-quinta-feira-9-disse-tambem-que-o-brasil-e-assaltado\" class=\"wp-block-heading\">Pr\u00e9-candidato \u00e0 presid\u00eancia pelo PDT, que esteve na Serra ga\u00facha nesta quinta-feira (9), disse tamb\u00e9m que o Brasil &#8220;\u00e9 assaltado&#8221;<\/h4>\n\n\n\n<p>O pr\u00e9-candidato a presidente da Rep\u00fablica, Ciro Gomes (PDT), cumpre agenda em Caxias do Sul nesta quinta-feira (9). O ex-ministro e ex-governador do Cear\u00e1, esteve na Serra ga\u00facha ap\u00f3s participar, na quarta (8), em Porto Alegre, do evento de lan\u00e7amento da campanha do pr\u00e9-candidato a governador do Rio Grande do Sul, Vieira da Cunha (PDT).<\/p>\n\n\n\n<p>Na primeira parte da agenda, o presidenci\u00e1vel visitou a fabricante de carrocerias de \u00f4nibus Marcopolo, concedeu entrevista coletiva \u00e0 imprensa em um evento com correligion\u00e1rios que ocorreu no come\u00e7o da tarde, na sede da 25\u00aa Regi\u00e3o Tradicionalista no bairro Sagrada Fam\u00edlia e visitou a C\u00e2mara de Ind\u00fastria Com\u00e9rcio e Servi\u00e7os (CIC) de Caxias do Sul.<\/p>\n\n\n\n<p>Na coletiva de imprensa concedida aos ve\u00edculos de comunica\u00e7\u00e3o da regi\u00e3o, o pr\u00e9-candidato n\u00e3o poupou cr\u00edticas aos seus dois principais oponentes nas elei\u00e7\u00f5es de outubro deste ano: o ex-presidente Lula (PT) \u2013 de quem j\u00e1 foi ministro \u2013 e o presidente Jair Bolsonaro (PL). Apesar disso, respondeu que, em um eventual segundo turno com sua presen\u00e7a, prefere enfrentar o candidato do PT, pois prev\u00ea a oportunidade de \u201cpacificar a democracia\u201d e escapar do \u201cju\u00edzo odiento que o bolsonarismo e o lulismo radicais imp\u00f5em um ao outro\u201d.<\/p>\n\n\n\n<p>\u201cNosso pa\u00eds \u00e9 um pa\u00eds assaltado. Comigo \u2013 se eu tiver a honra um dia de servir esse pa\u00eds \u2013 acaba tudo. Ou eles me matam, ou eu mudo isso\u201d, afirmou Ciro na coletiva. O presidenci\u00e1vel tamb\u00e9m afirmou que o pa\u00eds est\u00e1 incendiado por um ambiente de \u201cdesagrega\u00e7\u00e3o odienta do n\u00f3s contra eles\u201d. Por fim, em um discurso incendiado aos apoiadores que participaram do encontro, o pedetista exaltou o hist\u00f3rico pol\u00edtico e econ\u00f4mico do Rio Grande do Sul e pediu apoio para engrandecer sua campanha pelo pa\u00eds.<\/p>\n\n\n\n<p>Os compromissos de Ciro Gomes na segunda maior cidade do Estado e segundo polo metalmec\u00e2nico do Brasil tamb\u00e9m contemplam visita \u00e0 fabricante de implementos Randon, visita \u00e0 Reitoria da Universidade de Caxias do Sul (UCS) e, por fim, \u00e0s 18h45min, uma conversa com estudantes no audit\u00f3rio do Bloco A da UCS. O pr\u00e9-candidato permanece at\u00e9 s\u00e1bado (11) no RS, onde ainda visita Pelotas e Novo Hamburgo.<\/p>\n","protected":false},"excerpt":{"rendered":"<p>Pr\u00e9-candidato \u00e0 presid\u00eancia pelo PDT, que esteve na Serra ga\u00facha nesta quinta-feira (9), disse tamb\u00e9m que o Brasil &#8220;\u00e9 assaltado&#8221; O pr\u00e9-candidato a presidente da Rep\u00fablica, Ciro Gomes (PDT), cumpre&hellip;<\/p>\n","protected":false},"author":13,"featured_media":80803,"comment_status":"closed","ping_status":"closed","sticky":false,"template":"","format":"standard","meta":{"_lmt_disableupdate":"","_lmt_disable":"","footnotes":""},"categories":[83],"tags":[148,11896,4765,4693,11897,992,283],"powerkit_post_featured":[],"class_list":{"0":"post-80801","1":"post","2":"type-post","3":"status-publish","4":"format-standard","5":"has-post-thumbnail","7":"category-serra-gaucha","8":"tag-caxias-do-sul","9":"tag-ciro-gomes","10":"tag-pdt","11":"tag-pre-candidatos","12":"tag-presidencia-da-republica","13":"tag-serra","14":"tag-serra-gaucha"},"modified_by":"Filipe Brogliatto","_links":{"self":[{"href":"https:\/\/radiosolaris.com.br\/beta\/wp-json\/wp\/v2\/posts\/80801","targetHints":{"allow":["GET"]}}],"collection":[{"href":"https:\/\/radiosolaris.com.br\/beta\/wp-json\/wp\/v2\/posts"}],"about":[{"href":"https:\/\/radiosolaris.com.br\/beta\/wp-json\/wp\/v2\/types\/post"}],"author":[{"embeddable":true,"href":"https:\/\/radiosolaris.com.br\/beta\/wp-json\/wp\/v2\/users\/13"}],"replies":[{"embeddable":true,"href":"https:\/\/radiosolaris.com.br\/beta\/wp-json\/wp\/v2\/comments?post=80801"}],"version-history":[{"count":0,"href":"https:\/\/radiosolaris.com.br\/beta\/wp-json\/wp\/v2\/posts\/80801\/revisions"}],"wp:featuredmedia":[{"embeddable":true,"href":"https:\/\/radiosolaris.com.br\/beta\/wp-json\/wp\/v2\/media\/80803"}],"wp:attachment":[{"href":"https:\/\/radiosolaris.com.br\/beta\/wp-json\/wp\/v2\/media?parent=80801"}],"wp:term":[{"taxonomy":"category","embeddable":true,"href":"https:\/\/radiosolaris.com.br\/beta\/wp-json\/wp\/v2\/categories?post=80801"},{"taxonomy":"post_tag","embeddable":true,"href":"https:\/\/radiosolaris.com.br\/beta\/wp-json\/wp\/v2\/tags?post=80801"},{"taxonomy":"powerkit_post_featured","embeddable":true,"href":"https:\/\/radiosolaris.com.br\/beta\/wp-json\/wp\/v2\/powerkit_post_featured?post=80801"}],"curies":[{"name":"wp","href":"https:\/\/api.w.org\/{rel}","templated":true}]}}