{"id":80600,"date":"2022-06-07T16:24:55","date_gmt":"2022-06-07T19:24:55","guid":{"rendered":"https:\/\/radiosolaris.com.br\/beta\/?p=80600"},"modified":"2022-06-08T09:38:48","modified_gmt":"2022-06-08T12:38:48","slug":"bombeiros-combatem-principio-de-incendio-em-antonio-prado","status":"publish","type":"post","link":"https:\/\/radiosolaris.com.br\/beta\/bombeiros-combatem-principio-de-incendio-em-antonio-prado\/","title":{"rendered":"Bombeiros combatem principio de inc\u00eandio em Ant\u00f4nio Prado"},"content":{"rendered":"\n<h4 id=\"as-chamas-iniciaram-em-uma-panela-esquecida-sobre-um-fogao\" class=\"wp-block-heading\">As chamas iniciaram em uma panela esquecida sobre um fog\u00e3o<\/h4>\n\n\n\n<p>Um principia de inc\u00eandio mobilizou a guarni\u00e7\u00e3o do Corpo de Bombeiros Volunt\u00e1rios de Ant\u00f4nio Prado nesta ter\u00e7a-feira (07).<\/p>\n\n\n\n<p>Por volta das 15h30min a guarni\u00e7\u00e3o foi acionada para combater as chamas na rua Adiles Ampessam n\u00famero 98, em frente a UBS Centro, esquina com a rua Cezira Barrueco.<\/p>\n\n\n\n<p>Os socorristas conseguiram conter as chamas que teriam iniciado em uma panela esquecida sobre o fog\u00e3o a g\u00e1s.<\/p>\n\n\n\n<p>O fogo atingiu a parede onde estava o fog\u00e3o.<\/p>\n\n\n\n<p>Se n\u00e3o fosse a r\u00e1pida a\u00e7\u00e3o dos bombeiros, as chamas se alastrariam rapidamente, devido a casa ser de madeira e bastante antiga.<\/p>\n\n\n\n<p>N\u00e3o havia ningu\u00e9m em casa no in\u00edcio do fogo, ningu\u00e9m ficou ferido.<\/p>\n\n\n\n<figure class=\"wp-block-gallery has-nested-images columns-default is-cropped wp-block-gallery-1 is-layout-flex wp-block-gallery-is-layout-flex\">\n<figure class=\"wp-block-image size-large is-style-default\"><a href=\"https:\/\/radiosolaris.com.br\/beta\/wp-content\/uploads\/2022\/06\/WhatsApp-Image-2022-06-07-at-16.16.39-1.jpeg\"><img  loading=\"lazy\"  decoding=\"async\"  width=\"1024\"  height=\"766\"  data-id=\"80602\"  src=\"data:image\/png;base64,iVBORw0KGgoAAAANSUhEUgAAAAEAAAABAQMAAAAl21bKAAAAA1BMVEUAAP+KeNJXAAAAAXRSTlMAQObYZgAAAAlwSFlzAAAOxAAADsQBlSsOGwAAAApJREFUCNdjYAAAAAIAAeIhvDMAAAAASUVORK5CYII=\"  alt=\"\"  class=\"wp-image-80602 pk-lazyload\"  data-pk-sizes=\"auto\"  data-ls-sizes=\"auto, (max-width: 1024px) 100vw, 1024px\"  data-pk-src=\"https:\/\/radiosolaris.com.br\/beta\/wp-content\/uploads\/2022\/06\/WhatsApp-Image-2022-06-07-at-16.16.39-1-1024x766.jpeg\"  data-pk-srcset=\"https:\/\/radiosolaris.com.br\/beta\/wp-content\/uploads\/2022\/06\/WhatsApp-Image-2022-06-07-at-16.16.39-1-1024x766.jpeg 1024w, https:\/\/radiosolaris.com.br\/beta\/wp-content\/uploads\/2022\/06\/WhatsApp-Image-2022-06-07-at-16.16.39-1-300x224.jpeg 300w, https:\/\/radiosolaris.com.br\/beta\/wp-content\/uploads\/2022\/06\/WhatsApp-Image-2022-06-07-at-16.16.39-1-768x574.jpeg 768w, https:\/\/radiosolaris.com.br\/beta\/wp-content\/uploads\/2022\/06\/WhatsApp-Image-2022-06-07-at-16.16.39-1.jpeg 1280w\" ><\/a><\/figure>\n\n\n\n<figure class=\"wp-block-image size-large is-style-default\"><a href=\"https:\/\/radiosolaris.com.br\/beta\/wp-content\/uploads\/2022\/06\/WhatsApp-Image-2022-06-07-at-16.16.39.jpeg\"><img  decoding=\"async\"  data-id=\"80601\"  src=\"data:image\/png;base64,iVBORw0KGgoAAAANSUhEUgAAAAEAAAABAQMAAAAl21bKAAAAA1BMVEUAAP+KeNJXAAAAAXRSTlMAQObYZgAAAAlwSFlzAAAOxAAADsQBlSsOGwAAAApJREFUCNdjYAAAAAIAAeIhvDMAAAAASUVORK5CYII=\"  alt=\"\"  class=\"wp-image-80601 pk-lazyload\"  data-pk-sizes=\"auto\"  data-pk-src=\"https:\/\/radiosolaris.com.br\/beta\/wp-content\/uploads\/2022\/06\/WhatsApp-Image-2022-06-07-at-16.16.39-1024x766.jpeg\" ><\/a><\/figure>\n<\/figure>\n","protected":false},"excerpt":{"rendered":"<p>As chamas iniciaram em uma panela esquecida sobre um fog\u00e3o Um principia de inc\u00eandio mobilizou a guarni\u00e7\u00e3o do Corpo de Bombeiros Volunt\u00e1rios de Ant\u00f4nio Prado nesta ter\u00e7a-feira (07). Por volta&hellip;<\/p>\n","protected":false},"author":1,"featured_media":80601,"comment_status":"closed","ping_status":"closed","sticky":false,"template":"","format":"standard","meta":{"_lmt_disableupdate":"","_lmt_disable":"","footnotes":""},"categories":[83],"tags":[143,500,283],"powerkit_post_featured":[],"class_list":{"0":"post-80600","1":"post","2":"type-post","3":"status-publish","4":"format-standard","5":"has-post-thumbnail","7":"category-serra-gaucha","8":"tag-antonio-prado","9":"tag-bombeiros-voluntarios","10":"tag-serra-gaucha"},"modified_by":null,"_links":{"self":[{"href":"https:\/\/radiosolaris.com.br\/beta\/wp-json\/wp\/v2\/posts\/80600","targetHints":{"allow":["GET"]}}],"collection":[{"href":"https:\/\/radiosolaris.com.br\/beta\/wp-json\/wp\/v2\/posts"}],"about":[{"href":"https:\/\/radiosolaris.com.br\/beta\/wp-json\/wp\/v2\/types\/post"}],"author":[{"embeddable":true,"href":"https:\/\/radiosolaris.com.br\/beta\/wp-json\/wp\/v2\/users\/1"}],"replies":[{"embeddable":true,"href":"https:\/\/radiosolaris.com.br\/beta\/wp-json\/wp\/v2\/comments?post=80600"}],"version-history":[{"count":0,"href":"https:\/\/radiosolaris.com.br\/beta\/wp-json\/wp\/v2\/posts\/80600\/revisions"}],"wp:featuredmedia":[{"embeddable":true,"href":"https:\/\/radiosolaris.com.br\/beta\/wp-json\/wp\/v2\/media\/80601"}],"wp:attachment":[{"href":"https:\/\/radiosolaris.com.br\/beta\/wp-json\/wp\/v2\/media?parent=80600"}],"wp:term":[{"taxonomy":"category","embeddable":true,"href":"https:\/\/radiosolaris.com.br\/beta\/wp-json\/wp\/v2\/categories?post=80600"},{"taxonomy":"post_tag","embeddable":true,"href":"https:\/\/radiosolaris.com.br\/beta\/wp-json\/wp\/v2\/tags?post=80600"},{"taxonomy":"powerkit_post_featured","embeddable":true,"href":"https:\/\/radiosolaris.com.br\/beta\/wp-json\/wp\/v2\/powerkit_post_featured?post=80600"}],"curies":[{"name":"wp","href":"https:\/\/api.w.org\/{rel}","templated":true}]}}