{"id":80429,"date":"2022-06-06T14:09:18","date_gmt":"2022-06-06T17:09:18","guid":{"rendered":"https:\/\/radiosolaris.com.br\/beta\/?p=80429"},"modified":"2022-06-06T14:10:33","modified_gmt":"2022-06-06T17:10:33","slug":"travessia-da-balsa-no-rio-das-antas-e-novamente-interditada-em-nova-roma-do-sul","status":"publish","type":"post","link":"https:\/\/radiosolaris.com.br\/beta\/travessia-da-balsa-no-rio-das-antas-e-novamente-interditada-em-nova-roma-do-sul\/","title":{"rendered":"Travessia da balsa \u00e9 novamente interditada em Nova Roma do Sul"},"content":{"rendered":"\n<h4 id=\"fortes-chuvas-dos-ultimos-dias-ocasionaram-a-terceira-paralisacao-em-pouco-mais-de-30-dias\" class=\"wp-block-heading\">Fortes chuvas dos \u00faltimos dias ocasionaram a terceira paralisa\u00e7\u00e3o em pouco mais de 30 dias<\/h4>\n\n\n\n<p>A travessia de balsa no Rio das Antas entre as cidades de Nova P\u00e1dua e Nova Roma do Sul est\u00e1 novamente interrompida. Esta \u00e9 a terceira vez em pouco mais de um m\u00eas que o tr\u00e1fego de ve\u00edculo no local \u00e9 paralisado por conta das chuvas, que aumentam o volume de \u00e1gua do rio. A balsa entre Nova Roma e Veran\u00f3polis tamb\u00e9m est\u00e1 desativada momentaneamente.<\/p>\n\n\n\n<p>A atual interrup\u00e7\u00e3o iniciou na madrugada desta segunda-feira (6), depois de um final de muita chuva na regi\u00e3o. De acordo com a Prefeitura de Nova Roma do Sul, o fechamento das duas balsas se d\u00e1, principalmente, pela seguran\u00e7a de quem trafega pela regi\u00e3o e precisa utilizar a via. Al\u00e9m disso, a prefeitura afirma que ainda n\u00e3o h\u00e1 previs\u00e3o para libera\u00e7\u00e3o dos equipamentos.<\/p>\n\n\n\n<p>O \u00faltimo fechamento da balsa havia ocorrido no \u00faltimo dia 30 de maio e voltaram a operar no dia seguinte. Em 2 de maio, a travessia foi paralisada, sendo que a balsa foi liberada tr\u00eas dias depois.<\/p>\n\n\n\n<p>Quem precisar se deslocar para acessar outras cidades, deve utilizar as vias alternativas pelas rodovias estaduais ERS-448, ERS-453 e ERS-437.<\/p>\n","protected":false},"excerpt":{"rendered":"<p>Fortes chuvas dos \u00faltimos dias ocasionaram a terceira paralisa\u00e7\u00e3o em pouco mais de 30 dias A travessia de balsa no Rio das Antas entre as cidades de Nova P\u00e1dua e&hellip;<\/p>\n","protected":false},"author":13,"featured_media":73686,"comment_status":"closed","ping_status":"closed","sticky":false,"template":"","format":"standard","meta":{"_lmt_disableupdate":"","_lmt_disable":"","footnotes":""},"categories":[83],"tags":[2434,10197,10218,167,217,992,283,11818,1611],"powerkit_post_featured":[],"class_list":{"0":"post-80429","1":"post","2":"type-post","3":"status-publish","4":"format-standard","5":"has-post-thumbnail","7":"category-serra-gaucha","8":"tag-balsa","9":"tag-balsa-nova-roma-do-sul","10":"tag-balsas-interditadas","11":"tag-nova-padua","12":"tag-nova-roma-do-sul","13":"tag-serra","14":"tag-serra-gaucha","15":"tag-travessia-da-balsa","16":"tag-veranopolis"},"modified_by":"Filipe Brogliatto","_links":{"self":[{"href":"https:\/\/radiosolaris.com.br\/beta\/wp-json\/wp\/v2\/posts\/80429","targetHints":{"allow":["GET"]}}],"collection":[{"href":"https:\/\/radiosolaris.com.br\/beta\/wp-json\/wp\/v2\/posts"}],"about":[{"href":"https:\/\/radiosolaris.com.br\/beta\/wp-json\/wp\/v2\/types\/post"}],"author":[{"embeddable":true,"href":"https:\/\/radiosolaris.com.br\/beta\/wp-json\/wp\/v2\/users\/13"}],"replies":[{"embeddable":true,"href":"https:\/\/radiosolaris.com.br\/beta\/wp-json\/wp\/v2\/comments?post=80429"}],"version-history":[{"count":0,"href":"https:\/\/radiosolaris.com.br\/beta\/wp-json\/wp\/v2\/posts\/80429\/revisions"}],"wp:featuredmedia":[{"embeddable":true,"href":"https:\/\/radiosolaris.com.br\/beta\/wp-json\/wp\/v2\/media\/73686"}],"wp:attachment":[{"href":"https:\/\/radiosolaris.com.br\/beta\/wp-json\/wp\/v2\/media?parent=80429"}],"wp:term":[{"taxonomy":"category","embeddable":true,"href":"https:\/\/radiosolaris.com.br\/beta\/wp-json\/wp\/v2\/categories?post=80429"},{"taxonomy":"post_tag","embeddable":true,"href":"https:\/\/radiosolaris.com.br\/beta\/wp-json\/wp\/v2\/tags?post=80429"},{"taxonomy":"powerkit_post_featured","embeddable":true,"href":"https:\/\/radiosolaris.com.br\/beta\/wp-json\/wp\/v2\/powerkit_post_featured?post=80429"}],"curies":[{"name":"wp","href":"https:\/\/api.w.org\/{rel}","templated":true}]}}