{"id":80130,"date":"2022-06-01T16:43:29","date_gmt":"2022-06-01T19:43:29","guid":{"rendered":"https:\/\/radiosolaris.com.br\/beta\/?p=80130"},"modified":"2022-06-01T16:43:32","modified_gmt":"2022-06-01T19:43:32","slug":"secretaria-da-saude-de-antonio-prado-aumenta-horario-de-atendimento-da-ubs-centro","status":"publish","type":"post","link":"https:\/\/radiosolaris.com.br\/beta\/secretaria-da-saude-de-antonio-prado-aumenta-horario-de-atendimento-da-ubs-centro\/","title":{"rendered":"Secretaria da Sa\u00fade de Ant\u00f4nio Prado aumenta hor\u00e1rio de atendimento da UBS Centro"},"content":{"rendered":"\n<h4 id=\"a-ubs-centro-passa-a-atender-em-horario-estendido-das-17h30min-as-21h\" class=\"wp-block-heading\">A UBS Centro passa a atender em hor\u00e1rio estendido das 17h30min \u00e0s 21h<\/h4>\n\n\n\n<p>Devido o grande aumento de atendimento de pacientes com sintomas gripais no hospital S\u00e3o Jos\u00e9 a Secretaria da Sa\u00fade optou por estender o hor\u00e1rio de atendimento da UBS Centro. Segundo a secret\u00e1ria da sa\u00fade Jordana Serafim e o prefeito Roberto Dalle Molle, a demanda triplicou nos \u00faltimos dias, tanto nas UBSs como no hospital. Mediante esse quadro, o Executivo municipal optou por oferecer mais 43 horas de atendimento m\u00e9dico, dividido no hor\u00e1rio estendido das 17h30min \u00e0s 21h, somente na UBS Centro, de segunda-feira a sexta-feira.<\/p>\n\n\n\n<p>A campanha de conscientiza\u00e7\u00e3o da popula\u00e7\u00e3o de quais mol\u00e9stias podem ser atendidas nas UBSs e quais devem ser atendidas no hospital. Atendimentos de urg\u00eancia e emerg\u00eancia a popula\u00e7\u00e3o deve procurar o hospital e os atendimentos eletivos de baixa complexidade podem ser feitos nas UBSs.<\/p>\n\n\n\n<figure class=\"wp-block-image size-large is-style-default\"><img  decoding=\"async\"  src=\"data:image\/png;base64,iVBORw0KGgoAAAANSUhEUgAAAAEAAAABAQMAAAAl21bKAAAAA1BMVEUAAP+KeNJXAAAAAXRSTlMAQObYZgAAAAlwSFlzAAAOxAAADsQBlSsOGwAAAApJREFUCNdjYAAAAAIAAeIhvDMAAAAASUVORK5CYII=\"  alt=\"\"  class=\"wp-image-80131 pk-lazyload\"  data-pk-sizes=\"auto\"  data-pk-src=\"https:\/\/radiosolaris.com.br\/beta\/wp-content\/uploads\/2022\/06\/WhatsApp-Image-2022-06-01-at-16.39.25-819x1024.jpeg\" ><\/figure>\n\n\n\n<p>Com essas medidas de separa\u00e7\u00e3o de atendimento a Secretaria da Sa\u00fade acredita que ira ajudar a diminuir as filas de atendimento no hospital, para isso \u00e9 preciso a conscientiza\u00e7\u00e3o da popula\u00e7\u00e3o \u201c\u00c9 de fundamental import\u00e2ncia que a popula\u00e7\u00e3o procure seguir os atendimentos conforme colocado, pois 70% dos atendimentos do hospital s\u00e3o de pessoas que poderiam ser atendidos na UBS\u201d, diz Dalle Molle. Ainda segundo o prefeito a popula\u00e7\u00e3o tem que mudar a cultura de procurar o hospital por qualquer pequeno sintoma. \u201cImagina, de 100 pessoas que est\u00e3o no hospital 70 poderiam estar na UBS\u201d, complemente.<\/p>\n","protected":false},"excerpt":{"rendered":"<p>A UBS Centro passa a atender em hor\u00e1rio estendido das 17h30min \u00e0s 21h Devido o grande aumento de atendimento de pacientes com sintomas gripais no hospital S\u00e3o Jos\u00e9 a Secretaria&hellip;<\/p>\n","protected":false},"author":1,"featured_media":80132,"comment_status":"closed","ping_status":"closed","sticky":false,"template":"","format":"standard","meta":{"_lmt_disableupdate":"","_lmt_disable":"","footnotes":""},"categories":[83],"tags":[143,903,283],"powerkit_post_featured":[],"class_list":{"0":"post-80130","1":"post","2":"type-post","3":"status-publish","4":"format-standard","5":"has-post-thumbnail","7":"category-serra-gaucha","8":"tag-antonio-prado","9":"tag-secretaria-da-saude","10":"tag-serra-gaucha"},"modified_by":null,"_links":{"self":[{"href":"https:\/\/radiosolaris.com.br\/beta\/wp-json\/wp\/v2\/posts\/80130","targetHints":{"allow":["GET"]}}],"collection":[{"href":"https:\/\/radiosolaris.com.br\/beta\/wp-json\/wp\/v2\/posts"}],"about":[{"href":"https:\/\/radiosolaris.com.br\/beta\/wp-json\/wp\/v2\/types\/post"}],"author":[{"embeddable":true,"href":"https:\/\/radiosolaris.com.br\/beta\/wp-json\/wp\/v2\/users\/1"}],"replies":[{"embeddable":true,"href":"https:\/\/radiosolaris.com.br\/beta\/wp-json\/wp\/v2\/comments?post=80130"}],"version-history":[{"count":0,"href":"https:\/\/radiosolaris.com.br\/beta\/wp-json\/wp\/v2\/posts\/80130\/revisions"}],"wp:featuredmedia":[{"embeddable":true,"href":"https:\/\/radiosolaris.com.br\/beta\/wp-json\/wp\/v2\/media\/80132"}],"wp:attachment":[{"href":"https:\/\/radiosolaris.com.br\/beta\/wp-json\/wp\/v2\/media?parent=80130"}],"wp:term":[{"taxonomy":"category","embeddable":true,"href":"https:\/\/radiosolaris.com.br\/beta\/wp-json\/wp\/v2\/categories?post=80130"},{"taxonomy":"post_tag","embeddable":true,"href":"https:\/\/radiosolaris.com.br\/beta\/wp-json\/wp\/v2\/tags?post=80130"},{"taxonomy":"powerkit_post_featured","embeddable":true,"href":"https:\/\/radiosolaris.com.br\/beta\/wp-json\/wp\/v2\/powerkit_post_featured?post=80130"}],"curies":[{"name":"wp","href":"https:\/\/api.w.org\/{rel}","templated":true}]}}