{"id":80027,"date":"2022-06-01T07:59:35","date_gmt":"2022-06-01T10:59:35","guid":{"rendered":"https:\/\/radiosolaris.com.br\/beta\/?p=80027"},"modified":"2022-06-01T07:59:37","modified_gmt":"2022-06-01T10:59:37","slug":"numero-de-mortes-por-dengue-no-rs-sobe-para-45","status":"publish","type":"post","link":"https:\/\/radiosolaris.com.br\/beta\/numero-de-mortes-por-dengue-no-rs-sobe-para-45\/","title":{"rendered":"N\u00famero de mortes por dengue no RS sobe para 45"},"content":{"rendered":"\n<h4 id=\"ultimos-obitos-foram-confirmados-em-residentes-de-porto-alegre-boa-vista-do-burica-jaboticaba-lajeado-putinga-alem-de-dois-em-rondinha\" class=\"wp-block-heading\">\u00daltimos \u00f3bitos foram confirmados em residentes de Porto Alegre, Boa Vista do Buric\u00e1, Jaboticaba, Lajeado, Putinga, al\u00e9m de dois em Rondinha<\/h4>\n\n\n\n<p>J\u00e1 s\u00e3o 45 os \u00f3bitos registrados por dengue no Rio Grande do Sul neste ano. Conforme a Secretaria Estadual da Sa\u00fade (SES), os \u00faltimos sete \u00f3bitos foram registrados em Porto Alegre, Boa Vista do Buric\u00e1, Jaboticaba, Lajeado, Putinga e Rondinha, essa \u00faltima com duas mortes.<\/p>\n\n\n\n<p>De acordo com a SES, 24 munic\u00edpios ga\u00fachos j\u00e1 tiveram ao menos um \u00f3bito em raz\u00e3o da dengue em 2022. Com seis, Igrejinha \u00e9 a cidade onde mais pessoas morreram at\u00e9 o momento. O munic\u00edpio do Vale do Sinos \u00e9 seguido por Horizontina e Porto Alegre, que registraram quatro mortes, cada.<\/p>\n\n\n\n<p>As pessoas contaminadas com a doen\u00e7a j\u00e1 somam 32.887. Desses, 28.190 foram casos aut\u00f3ctones, ou seja, contra\u00eddos sem que o paciente tenha viajado. Dos 497 munic\u00edpios do Rio Grande do Sul, 446 s\u00e3o considerados infestados pelo Aedes aegypti \u2013 mosquito transmissor da doen\u00e7a.<\/p>\n\n\n\n<p><strong>Hospitaliza\u00e7\u00f5es<\/strong><\/p>\n\n\n\n<p>Conforme a SES, 53 pessoas permanecem internadas em tratamento pela dengue, sendo oito delas \u2013 sete adultos e uma crian\u00e7a \u2013 em leitos de unidade de terapia intensiva (UTI). Outros 45 pacientes \u2013 42 adultos e tr\u00eas crian\u00e7as \u2013 recebem tratamento em leitos cl\u00ednicos, destinados a casos de baixa e m\u00e9dia complexidade.<\/p>\n\n\n\n<p>Ainda de acordo com a Pasta, houve uma redu\u00e7\u00e3o no n\u00famero de hospitalizados nos \u00faltimos sete dias j\u00e1 que, h\u00e1 uma semana, eram 136 pessoas nessa situa\u00e7\u00e3o, somando leitos cl\u00ednicos e de UTI.<\/p>\n\n\n\n<p><\/p>\n","protected":false},"excerpt":{"rendered":"<p>\u00daltimos \u00f3bitos foram confirmados em residentes de Porto Alegre, Boa Vista do Buric\u00e1, Jaboticaba, Lajeado, Putinga, al\u00e9m de dois em Rondinha J\u00e1 s\u00e3o 45 os \u00f3bitos registrados por dengue no&hellip;<\/p>\n","protected":false},"author":19,"featured_media":20193,"comment_status":"closed","ping_status":"closed","sticky":false,"template":"","format":"standard","meta":{"_lmt_disableupdate":"","_lmt_disable":"","footnotes":""},"categories":[93,83],"tags":[699,698,417,11727,135,283],"powerkit_post_featured":[],"class_list":{"0":"post-80027","1":"post","2":"type-post","3":"status-publish","4":"format-standard","5":"has-post-thumbnail","7":"category-noticias-rs","8":"category-serra-gaucha","9":"tag-dengue","10":"tag-doenca","11":"tag-infestacao","12":"tag-morte-por-dengue","13":"tag-rio-grande-do-sul","14":"tag-serra-gaucha"},"modified_by":"Luciano Pettorini","_links":{"self":[{"href":"https:\/\/radiosolaris.com.br\/beta\/wp-json\/wp\/v2\/posts\/80027","targetHints":{"allow":["GET"]}}],"collection":[{"href":"https:\/\/radiosolaris.com.br\/beta\/wp-json\/wp\/v2\/posts"}],"about":[{"href":"https:\/\/radiosolaris.com.br\/beta\/wp-json\/wp\/v2\/types\/post"}],"author":[{"embeddable":true,"href":"https:\/\/radiosolaris.com.br\/beta\/wp-json\/wp\/v2\/users\/19"}],"replies":[{"embeddable":true,"href":"https:\/\/radiosolaris.com.br\/beta\/wp-json\/wp\/v2\/comments?post=80027"}],"version-history":[{"count":0,"href":"https:\/\/radiosolaris.com.br\/beta\/wp-json\/wp\/v2\/posts\/80027\/revisions"}],"wp:featuredmedia":[{"embeddable":true,"href":"https:\/\/radiosolaris.com.br\/beta\/wp-json\/wp\/v2\/media\/20193"}],"wp:attachment":[{"href":"https:\/\/radiosolaris.com.br\/beta\/wp-json\/wp\/v2\/media?parent=80027"}],"wp:term":[{"taxonomy":"category","embeddable":true,"href":"https:\/\/radiosolaris.com.br\/beta\/wp-json\/wp\/v2\/categories?post=80027"},{"taxonomy":"post_tag","embeddable":true,"href":"https:\/\/radiosolaris.com.br\/beta\/wp-json\/wp\/v2\/tags?post=80027"},{"taxonomy":"powerkit_post_featured","embeddable":true,"href":"https:\/\/radiosolaris.com.br\/beta\/wp-json\/wp\/v2\/powerkit_post_featured?post=80027"}],"curies":[{"name":"wp","href":"https:\/\/api.w.org\/{rel}","templated":true}]}}