{"id":79965,"date":"2022-05-31T11:18:27","date_gmt":"2022-05-31T14:18:27","guid":{"rendered":"https:\/\/radiosolaris.com.br\/beta\/?p=79965"},"modified":"2022-05-31T11:18:29","modified_gmt":"2022-05-31T14:18:29","slug":"celebracoes-marcam-os-50-anos-da-morte-do-veneravel-frei-salvador-em-flores-da-cunha","status":"publish","type":"post","link":"https:\/\/radiosolaris.com.br\/beta\/celebracoes-marcam-os-50-anos-da-morte-do-veneravel-frei-salvador-em-flores-da-cunha\/","title":{"rendered":"Celebra\u00e7\u00f5es marcam os 50 anos da morte do vener\u00e1vel frei Salvador em Flores da Cunha"},"content":{"rendered":"\n<h4 id=\"oracao-do-terco-e-missa-serao-realizadas-na-igreja-matriz-nesta-terca-feira-31\" class=\"wp-block-heading\">Ora\u00e7\u00e3o do ter\u00e7o e missa ser\u00e3o realizadas na Igreja Matriz nesta ter\u00e7a-feira (31)<\/h4>\n\n\n\n<p>Com a r\u00e9cita do ter\u00e7o e uma missa, os fi\u00e9is cat\u00f3licos de Flores da Cunha recordam nesta ter\u00e7a-feira (31), os 50 anos do falecimento do vener\u00e1vel frei Salvador Pinzetta. As celebra\u00e7\u00f5es ocorrem na Igreja Matriz Nossa Senhora de Lourdes, com a ora\u00e7\u00e3o do ter\u00e7o \u00e0s 17h30min e a missa \u00e0s 18h. Haver\u00e1 tamb\u00e9m transmiss\u00e3o pela p\u00e1gina do Facebook @paroquiaflores. &nbsp;<\/p>\n\n\n\n<p>A cerim\u00f4nia desta ter\u00e7a, marca o in\u00edcio das celebra\u00e7\u00f5es da Romaria Vocacional do frei Salvador, que, neste ano, ocorre no dia 19 de junho. A novidade desta edi\u00e7\u00e3o, \u00e9 que, diferente do que ocorria antes da pandemia, a romaria n\u00e3o deve ser realizada na quinta-feira de Corpus Christi, mas sim no domingo seguinte. Os organizadores afirmam que o objetivo \u00e9 atrair um n\u00famero ainda maior de fi\u00e9is para as duas celebra\u00e7\u00f5es.<\/p>\n\n\n\n<p>Na programa\u00e7\u00e3o do evento do dia 19, haver\u00e1 acolhida de peregrinos a partir das 7h no Sal\u00e3o Paroquial e duas missas na igreja do Eremit\u00e9rio frei Salvador, \u00e0s 8h30min e 9h45min. Al\u00e9m disso, um almo\u00e7o partilhado ser\u00e1 realizado ao meio-dia, tamb\u00e9m no Sal\u00e3o Paroquial. Por fim, a romaria a p\u00e9 inicia \u00e0s 13h30min, com sa\u00edda no centro da cidade e a missa campal deve ocorrer \u00e0s 15h, na esplanada do eremit\u00e9rio.<\/p>\n\n\n\n<p><strong>Saiba mais sobre frei Salvador<br><\/strong>Herm\u00ednio Pinzetta, nasceu em 29 de julho de 1911, no munic\u00edpio de Casca. Aos 32 anos ingressou na Ordem dos Frades Menores Capuchinhos, onde adotou o nome de frei Salvador. Teve uma breve passagem por Garibaldi, antes de retornar para Flores da Cunha, cidade que adotou com carinho e onde passou a maior parte de sua vida religiosa e local onde faleceu em 31 de maio de 1972. Atualmente seus restos mortais est\u00e3o sepultados na Igreja Matriz.<\/p>\n\n\n\n<p>O frade Salvador levava uma vida humilde e tinha como principais caracter\u00edsticas a f\u00e9, caridade, ora\u00e7\u00e3o e trabalho. Esses fatores o tornaram uma pessoa muito conhecida e um bom conselheiro para muitos fi\u00e9is cat\u00f3licos de Flores da Cunha. Reconhecendo as virtudes heroicas do religioso, h\u00e1 mais de uma d\u00e9cada, a diocese de Caxias do Sul abriu um processo de beatifica\u00e7\u00e3o no Vaticano, com o objetivo de torna-lo um santo que possa ser venerado nos altares.<\/p>\n\n\n\n<p>A \u00faltima atualiza\u00e7\u00e3o do processo ocorreu em outubro de 2020, quando os documentos que tratam de um presumido milagre que teria acontecido por intercess\u00e3o de frei Salvador, foram entregues \u00e0 Congrega\u00e7\u00e3o para a Causa dos Santos. Desde ent\u00e3o, as mais de 700 p\u00e1ginas do relat\u00f3rio est\u00e3o sendo analisadas pelo Vaticano, que ainda n\u00e3o deu um parecer do processo. Se a Congrega\u00e7\u00e3o reconhecer o presumido milagre, frei Salvador ser\u00e1 declarado beato.<\/p>\n","protected":false},"excerpt":{"rendered":"<p>Ora\u00e7\u00e3o do ter\u00e7o e missa ser\u00e3o realizadas na Igreja Matriz nesta ter\u00e7a-feira (31) Com a r\u00e9cita do ter\u00e7o e uma missa, os fi\u00e9is cat\u00f3licos de Flores da Cunha recordam nesta&hellip;<\/p>\n","protected":false},"author":13,"featured_media":79966,"comment_status":"closed","ping_status":"closed","sticky":false,"template":"","format":"standard","meta":{"_lmt_disableupdate":"","_lmt_disable":"","footnotes":""},"categories":[83],"tags":[11708,114,3573,5015,4155,992,283,11707,3913],"powerkit_post_featured":[],"class_list":{"0":"post-79965","1":"post","2":"type-post","3":"status-publish","4":"format-standard","5":"has-post-thumbnail","7":"category-serra-gaucha","8":"tag-50-anos-da-morte","9":"tag-flores-da-cunha","10":"tag-frei-salvador","11":"tag-frei-salvador-pinzetta","12":"tag-igreja-catolica","13":"tag-serra","14":"tag-serra-gaucha","15":"tag-veneravel","16":"tag-veneravel-frei-salvador"},"modified_by":"Filipe Brogliatto","_links":{"self":[{"href":"https:\/\/radiosolaris.com.br\/beta\/wp-json\/wp\/v2\/posts\/79965","targetHints":{"allow":["GET"]}}],"collection":[{"href":"https:\/\/radiosolaris.com.br\/beta\/wp-json\/wp\/v2\/posts"}],"about":[{"href":"https:\/\/radiosolaris.com.br\/beta\/wp-json\/wp\/v2\/types\/post"}],"author":[{"embeddable":true,"href":"https:\/\/radiosolaris.com.br\/beta\/wp-json\/wp\/v2\/users\/13"}],"replies":[{"embeddable":true,"href":"https:\/\/radiosolaris.com.br\/beta\/wp-json\/wp\/v2\/comments?post=79965"}],"version-history":[{"count":0,"href":"https:\/\/radiosolaris.com.br\/beta\/wp-json\/wp\/v2\/posts\/79965\/revisions"}],"wp:featuredmedia":[{"embeddable":true,"href":"https:\/\/radiosolaris.com.br\/beta\/wp-json\/wp\/v2\/media\/79966"}],"wp:attachment":[{"href":"https:\/\/radiosolaris.com.br\/beta\/wp-json\/wp\/v2\/media?parent=79965"}],"wp:term":[{"taxonomy":"category","embeddable":true,"href":"https:\/\/radiosolaris.com.br\/beta\/wp-json\/wp\/v2\/categories?post=79965"},{"taxonomy":"post_tag","embeddable":true,"href":"https:\/\/radiosolaris.com.br\/beta\/wp-json\/wp\/v2\/tags?post=79965"},{"taxonomy":"powerkit_post_featured","embeddable":true,"href":"https:\/\/radiosolaris.com.br\/beta\/wp-json\/wp\/v2\/powerkit_post_featured?post=79965"}],"curies":[{"name":"wp","href":"https:\/\/api.w.org\/{rel}","templated":true}]}}