{"id":79879,"date":"2022-05-30T10:51:08","date_gmt":"2022-05-30T13:51:08","guid":{"rendered":"https:\/\/radiosolaris.com.br\/beta\/?p=79879"},"modified":"2022-05-30T11:56:06","modified_gmt":"2022-05-30T14:56:06","slug":"em-menos-de-um-mes-balsas-de-nova-roma-do-sul-estao-novamente-interrompidas","status":"publish","type":"post","link":"https:\/\/radiosolaris.com.br\/beta\/em-menos-de-um-mes-balsas-de-nova-roma-do-sul-estao-novamente-interrompidas\/","title":{"rendered":"Em menos de um m\u00eas, balsas de Nova Roma do Sul est\u00e3o novamente interrompidas"},"content":{"rendered":"\n<h4 id=\"a-interdicao-das-embarcacoes-entre-o-municipio-e-as-cidades-de-veranopolis-e-nova-padua-se-deu-por-conta-da-cheia-do-rio-das-antas-e-da-prata\" class=\"wp-block-heading\">A interdi\u00e7\u00e3o das embarca\u00e7\u00f5es entre o munic\u00edpio e as cidades de Veran\u00f3polis e Nova P\u00e1dua se deu por conta da cheia do Rio das Antas e da Prata<\/h4>\n\n\n\n<p>As balsas que interligam Nova Roma do Sul aos munic\u00edpios de Nova P\u00e1dua e Veran\u00f3polis est\u00e3o novamente interrompidas por causa da cheia do Rio das Antas e da Prata. <a href=\"https:\/\/radiosolaris.com.br\/beta\/balsa-entre-nova-padua-e-nova-roma-do-sul-e-interrompida-por-conta-do-mau-tempo\/\" data-type=\"URL\" data-id=\"https:\/\/radiosolaris.com.br\/beta\/balsa-entre-nova-padua-e-nova-roma-do-sul-e-interrompida-por-conta-do-mau-tempo\/\" target=\"_blank\" rel=\"noreferrer noopener\">Esta \u00e9 a segunda vez em 27 dias que as embarca\u00e7\u00f5es ficam fora de opera\u00e7\u00e3o por causa do mau tempo. <\/a>A interrup\u00e7\u00e3o ocorreu na tarde de domingo (29).<\/p>\n\n\n\n<p>Segundo a Prefeitura de Nova Roma do Sul, ainda n\u00e3o h\u00e1 uma poss\u00edvel data de libera\u00e7\u00e3o do fluxo. Como a previs\u00e3o para esta semana \u00e9 de chuva, pode ser que demore mais para que as balsas voltem a funcionar.<\/p>\n\n\n\n<p><a href=\"https:\/\/radiosolaris.com.br\/beta\/balsa-entre-nova-padua-e-nova-roma-do-sul-e-interrompida-por-conta-do-mau-tempo\/\" data-type=\"URL\" data-id=\"https:\/\/radiosolaris.com.br\/beta\/balsa-entre-nova-padua-e-nova-roma-do-sul-e-interrompida-por-conta-do-mau-tempo\/\" target=\"_blank\" rel=\"noreferrer noopener\">H\u00e1 menos de um m\u00eas, na madrugada do dia 2 de maio, tamb\u00e9m houve a interrup\u00e7\u00e3o das embarca\u00e7\u00f5es por causa de um temporal que atingiu a regi\u00e3o. <\/a>Na ocasi\u00e3o, as balsas foram liberadas tr\u00eas dias depois.<\/p>\n\n\n\n<p>Quem precisar se deslocar para acessar outras cidades, deve utilizar as vias alternativas pelas rodovias estaduais ERS-448, ERS-453 e ERS-437.<\/p>\n","protected":false},"excerpt":{"rendered":"<p>A interdi\u00e7\u00e3o das embarca\u00e7\u00f5es entre o munic\u00edpio e as cidades de Veran\u00f3polis e Nova P\u00e1dua se deu por conta da cheia do Rio das Antas e da Prata As balsas&hellip;<\/p>\n","protected":false},"author":16,"featured_media":79880,"comment_status":"closed","ping_status":"closed","sticky":false,"template":"","format":"standard","meta":{"_lmt_disableupdate":"","_lmt_disable":"","footnotes":""},"categories":[83],"tags":[2434,11130,11685,11684,167,217,992,283,1611],"powerkit_post_featured":[],"class_list":{"0":"post-79879","1":"post","2":"type-post","3":"status-publish","4":"format-standard","5":"has-post-thumbnail","7":"category-serra-gaucha","8":"tag-balsa","9":"tag-balsa-de-nova-roma-do-sul","10":"tag-balsa-nova-padua","11":"tag-balsas-de-nova-roma-do-sul","12":"tag-nova-padua","13":"tag-nova-roma-do-sul","14":"tag-serra","15":"tag-serra-gaucha","16":"tag-veranopolis"},"modified_by":"Bruna Picinini","_links":{"self":[{"href":"https:\/\/radiosolaris.com.br\/beta\/wp-json\/wp\/v2\/posts\/79879","targetHints":{"allow":["GET"]}}],"collection":[{"href":"https:\/\/radiosolaris.com.br\/beta\/wp-json\/wp\/v2\/posts"}],"about":[{"href":"https:\/\/radiosolaris.com.br\/beta\/wp-json\/wp\/v2\/types\/post"}],"author":[{"embeddable":true,"href":"https:\/\/radiosolaris.com.br\/beta\/wp-json\/wp\/v2\/users\/16"}],"replies":[{"embeddable":true,"href":"https:\/\/radiosolaris.com.br\/beta\/wp-json\/wp\/v2\/comments?post=79879"}],"version-history":[{"count":0,"href":"https:\/\/radiosolaris.com.br\/beta\/wp-json\/wp\/v2\/posts\/79879\/revisions"}],"wp:featuredmedia":[{"embeddable":true,"href":"https:\/\/radiosolaris.com.br\/beta\/wp-json\/wp\/v2\/media\/79880"}],"wp:attachment":[{"href":"https:\/\/radiosolaris.com.br\/beta\/wp-json\/wp\/v2\/media?parent=79879"}],"wp:term":[{"taxonomy":"category","embeddable":true,"href":"https:\/\/radiosolaris.com.br\/beta\/wp-json\/wp\/v2\/categories?post=79879"},{"taxonomy":"post_tag","embeddable":true,"href":"https:\/\/radiosolaris.com.br\/beta\/wp-json\/wp\/v2\/tags?post=79879"},{"taxonomy":"powerkit_post_featured","embeddable":true,"href":"https:\/\/radiosolaris.com.br\/beta\/wp-json\/wp\/v2\/powerkit_post_featured?post=79879"}],"curies":[{"name":"wp","href":"https:\/\/api.w.org\/{rel}","templated":true}]}}