{"id":79873,"date":"2022-05-30T10:26:09","date_gmt":"2022-05-30T13:26:09","guid":{"rendered":"https:\/\/radiosolaris.com.br\/beta\/?p=79873"},"modified":"2022-05-30T10:26:11","modified_gmt":"2022-05-30T13:26:11","slug":"com-o-desejo-de-mais-uma-grande-festa-xi-femaca-e-lancada-em-veranopolis","status":"publish","type":"post","link":"https:\/\/radiosolaris.com.br\/beta\/com-o-desejo-de-mais-uma-grande-festa-xi-femaca-e-lancada-em-veranopolis\/","title":{"rendered":"Com o desejo de mais uma grande festa, XI Fema\u00e7\u00e3 \u00e9 lan\u00e7ada em Veran\u00f3polis"},"content":{"rendered":"\n<h4 id=\"a-feira-ocorrera-em-abril-de-2023-e-as-soberanas-serao-escolhidas-em-novembro\" class=\"wp-block-heading\">A feira ocorrer\u00e1 em abril de 2023 e as Soberanas ser\u00e3o escolhidas em novembro<\/h4>\n\n\n\n<p>O\u00a0desejo de viver momentos especiais\u00a0e o esp\u00edrito de retomada nortearam o lan\u00e7amento da\u00a0XI Festa Nacional da Ma\u00e7\u00e3 e Feira Agroindustrial de Veran\u00f3polis (Fema\u00e7\u00e3). Na noite de s\u00e1bado (28), o sal\u00e3o do Clube Sociedade Alfredochavense (SOAL), foi o cen\u00e1rio da apresenta\u00e7\u00e3o da\u00a0nova identidade visual e do calend\u00e1rio de programa\u00e7\u00f5es, que inclui a escolha do trio de soberanas.<\/p>\n\n\n\n<p>A solenidade marcou ainda o in\u00edcio das atividades do evento que ocorrer\u00e1 entre os&nbsp;<strong>dias 14 e 16 de abril e de 20 a 23 de abril de 2023<\/strong>, junto ao&nbsp;Parque de Exposi\u00e7\u00f5es Jos\u00e9 Bin, e fez&nbsp;um resgate dos n\u00fameros da \u00faltima edi\u00e7\u00e3o, em 2019.<\/p>\n\n\n\n<p>O presidente da XI Fema\u00e7\u00e3, Vagner Cielo resumiu a inten\u00e7\u00e3o da diretoria em fazer da 11\u00aa edi\u00e7\u00e3o mais um marco na hist\u00f3ria de Veran\u00f3polis (RS). Segundo ele, entre o lan\u00e7amento e o \u00faltimo dia da festa, em abril do ano que vem, todos os esfor\u00e7os ser\u00e3o no sentido de\u00a0mobilizar as comunidades, divulgar o evento em outras regi\u00f5es e atrair um p\u00fablico ainda maior. Em 2019, mais de 60 mil pessoas visitaram a X Fema\u00e7\u00e3.<\/p>\n\n\n\n<p>\u201cA cada festa temos o desafio de fazer a pr\u00f3xima edi\u00e7\u00e3o ser ainda melhor que a \u00faltima. Para isso, contamos com o apoio de toda a popula\u00e7\u00e3o, da diretoria, do poder p\u00fablico, dos empres\u00e1rios que apostam no evento, da imprensa e de todos que se envolvem com a Fema\u00e7\u00e3. Veran\u00f3polis \u00e9 reconhecida internacionalmente pela qualidade de vida, pela hospitalidade e pelo pioneirismo no cultivo da ma\u00e7\u00e3. Esse \u00e9 nosso desejo e que queremos compartilhar com todos\u201d, manifestou o presidente, que fez parte da diretoria nas duas \u00faltimas edi\u00e7\u00f5es. &nbsp;&nbsp;&nbsp;&nbsp;&nbsp;&nbsp;&nbsp;&nbsp;<br><br>O prefeito de Veran\u00f3polis, Waldemar de Carli, reiterou que a Fema\u00e7\u00e3 ajuda a consolidar a marca patenteada pelo munic\u00edpio como o Ber\u00e7o Nacional da Ma\u00e7\u00e3.<strong><\/strong><\/p>\n\n\n\n<p>\u201cO evento reverbera todo o nosso potencial econ\u00f4mico, tur\u00edstico e de um estilo de vida que assegura \u00e0 nossa cidade outra marca, de Terra da Longevidade. A Fema\u00e7\u00e3 \u00e9 uma festa que agrega toda a comunidade veranense, que recebe os visitantes com simpatia e hospitalidade, que tem orgulho de aqui viver e dizer que ama a cidade com um sorriso no rosto\u201d, discursou.<\/p>\n\n\n\n<p>O presidente Vagner Cielo destacou ainda o\u00a0sucesso comercial da \u00faltima edi\u00e7\u00e3o, que contou com 130 expositores de diversos setores, al\u00e9m da\u00a0ocupa\u00e7\u00e3o na rede hoteleira da regi\u00e3o ter chegado a 95%\u00a0durante o per\u00edodo de realiza\u00e7\u00e3o da Fema\u00e7\u00e3. \u00a0\u00a0\u00a0<br><\/p>\n\n\n\n<p>Al\u00e9m do prefeito de Veran\u00f3polis e do presidente da XI Fema\u00e7\u00e3, participaram do ato o vice-prefeito, Thomas Schiemann\u00a0autoridades locais, estaduais e federais, al\u00e9m da\u00a0imperatriz Fernanda Fracasso\u00a0e das\u00a0princesas Bruna Zanotto e Francine Bortoli, que representaram a X Fema\u00e7\u00e3, realizada em 2019.\u00a0<br><strong><br>Doce desejo\u00a0<br><\/strong>A identidade visual e o novo slogan foram elaborados a partir da constata\u00e7\u00e3o de que as pessoas est\u00e3o ansiosas por grandes eventos, comemora\u00e7\u00f5es, em celebrar a vida, sem medos ou restri\u00e7\u00f5es vividas nos \u00faltimos anos.<\/p>\n\n\n\n<p>De acordo com o publicit\u00e1rio veranense Rodrigo Pelliccioli, criador da nova identidade, o slogan\u00a0\u201cum doce desejo\u201d\u00a0resume essa vontade de celebrar. A proposta re\u00fane numa mesma ideia anseios como os dos empres\u00e1rios em voltar e expor seus produtos, dos turistas em voltar \u00e0 cidade e da comunidade, em receber a todos com a gentileza e a hospitalidade de costume.<\/p>\n\n\n\n<p>\u201cEsse mesmo desejo tamb\u00e9m \u00e9 a chave da nossa hist\u00f3ria, do\u00a0pioneirismo da ma\u00e7\u00e3 no Brasil. Foi do desejo do agricultor Jos\u00e9 Bin em fazer brotar nas nossas terras esse fruto que nos trouxe esse reconhecimento nacional\u201d, apresentou o publicit\u00e1rio.<\/p>\n\n\n\n<p>Pelliccioli tamb\u00e9m foi o respons\u00e1vel pelas identidades visuais das tr\u00eas \u00faltimas edi\u00e7\u00f5es da Fema\u00e7\u00e3, em 2019 e 2015 e 2011.<\/p>\n\n\n\n<p><strong>Inova\u00e7\u00f5es marcam divulga\u00e7\u00e3o on-line&nbsp;&nbsp;&nbsp;<br><\/strong><br>O p\u00fablico que visitar\u00e1 a Fema\u00e7\u00e3, ou ainda os eventos que antecedem a festa, poder\u00e1 se divertir com filtros e figurinhas que estar\u00e3o dispon\u00edveis no Facebook, Instagram e WhatsApp. Foram apresentados modelos de alguns dos recursos visuais que ser\u00e3o compartilhados pelas pessoas que desejarem interagir com as redes sociais da pr\u00f3pria Fema\u00e7\u00e3.<\/p>\n\n\n\n<p>\u201c\u00c9 uma forma de envolver as pessoas com a festa tamb\u00e9m no meio digital. Fizemos uma demonstra\u00e7\u00e3o no lan\u00e7amento destes recursos e queremos estimular para que o p\u00fablico envie para os seus contatos, que sejam porta-vozes da festa\u201d, defendeu o publicit\u00e1rio Rodrigo Pelliccioli.<\/p>\n\n\n\n<p>Os perfis oficiais da XI Fema\u00e7\u00e3 seguem como @femacaveranopolis, no Instagram e Facebook.<strong><\/strong><\/p>\n\n\n\n<p><strong>Escolha das soberanas<\/strong>\u00a0\u00a0\u00a0\u00a0\u00a0\u00a0\u00a0<br><br>A escolha do trio de soberanas da Fema\u00e7\u00e3 j\u00e1 tem data e local marcados. Na noite do dia 5 de novembro, no Gin\u00e1sio Poliesportivo Leonir Farina, ser\u00e3o eleitas as respons\u00e1veis pela divulga\u00e7\u00e3o da festa e por levar o nome de Veran\u00f3polis a todos os recantos. As\u00a0inscri\u00e7\u00f5es ser\u00e3o abertas no dia 15 de junho e encerram em 30 de julho,\u00a0e o regulamento estar\u00e1 dispon\u00edvel em breve no site da Fema\u00e7\u00e3.\u00a0\u00a0<\/p>\n\n\n\n<p><strong>Fema\u00e7\u00e3 Kids\u00a0 2<br><\/strong><br>Tamb\u00e9m foi anunciada a realiza\u00e7\u00e3o da segunda edi\u00e7\u00e3o do Fema\u00e7\u00e3 Kids, concurso musical que reuniu talentos de Veran\u00f3polis em 2019 e que volta em 2023 com novidades. Entre elas, est\u00e1 a\u00a0amplia\u00e7\u00e3o da competi\u00e7\u00e3o para outros munic\u00edpios da regi\u00e3o, como Nova Prata, Cotipor\u00e3, Fagundes Varela e Vila Flores.<\/p>\n\n\n\n<p>As etapas locais ir\u00e3o ocorrer no in\u00edcio de 2023 e indicar\u00e3o\u00a012 finalistas que se apresentar\u00e3o durante a XI Fema\u00e7\u00e3. Destes, nove ser\u00e3o oriundos das escolas veranenses e tr\u00eas das institui\u00e7\u00f5es de ensino dos demais munic\u00edpios.<\/p>\n\n\n\n<p><strong>Expositores<\/strong><br>Para os empreendedores que desejarem expor e comercializar produtos ou servi\u00e7os durante a XI Fema\u00e7\u00e3, o calend\u00e1rio dever\u00e1 ser divulgado em breve.<\/p>\n\n\n\n<p><strong>Diretoria da XI Fema\u00e7\u00e3<\/strong>\u00a0\u00a0\u00a0\u00a0\u00a0\u00a0<br>Presidente: Vagner Cielo\u00a0\u00a0\u00a0\u00a0\u00a0\u00a0<br>Vice-presidentes: Luciano Borsato e Valfredo Reali<br>1\u00aa Secret\u00e1ria: Leticia Ana Fracasso \u00a0\u00a0<br>2\u00aa Secret\u00e1ria: Mariovane Mossi \u00a0\u00a0\u00a0\u00a0\u00a0\u00a0<br>1\u00ba Tesoureiro: Cassio Schuvatz \u00a0\u00a0\u00a0\u00a0\u00a0\u00a0\u00a0\u00a0<br>2\u00ba Tesoureiro: Renato Breitembach<br>Conselho Fiscal: L\u00facio Soares, Niromar Heitor Gabriel e Carlos Alberto Spanhol<\/p>\n\n\n\n<figure class=\"wp-block-image size-large\"><img  decoding=\"async\"  src=\"data:image\/png;base64,iVBORw0KGgoAAAANSUhEUgAAAAEAAAABAQMAAAAl21bKAAAAA1BMVEUAAP+KeNJXAAAAAXRSTlMAQObYZgAAAAlwSFlzAAAOxAAADsQBlSsOGwAAAApJREFUCNdjYAAAAAIAAeIhvDMAAAAASUVORK5CYII=\"  alt=\"\"  class=\"wp-image-79875 pk-lazyload\"  data-pk-sizes=\"auto\"  data-pk-src=\"https:\/\/radiosolaris.com.br\/beta\/wp-content\/uploads\/2022\/05\/Lancamento-2-Credito-Ivane-Bissani-1024x683.jpg\" ><\/figure>\n","protected":false},"excerpt":{"rendered":"<p>A feira ocorrer\u00e1 em abril de 2023 e as Soberanas ser\u00e3o escolhidas em novembro O\u00a0desejo de viver momentos especiais\u00a0e o esp\u00edrito de retomada nortearam o lan\u00e7amento da\u00a0XI Festa Nacional da&hellip;<\/p>\n","protected":false},"author":1,"featured_media":79874,"comment_status":"closed","ping_status":"closed","sticky":false,"template":"","format":"standard","meta":{"_lmt_disableupdate":"","_lmt_disable":"","footnotes":""},"categories":[1,83],"tags":[11683,1611,11682],"powerkit_post_featured":[],"class_list":{"0":"post-79873","1":"post","2":"type-post","3":"status-publish","4":"format-standard","5":"has-post-thumbnail","7":"category-geral","8":"category-serra-gaucha","9":"tag-abril-2023","10":"tag-veranopolis","11":"tag-xi-femaca"},"modified_by":"Gustavo Zanotto","_links":{"self":[{"href":"https:\/\/radiosolaris.com.br\/beta\/wp-json\/wp\/v2\/posts\/79873","targetHints":{"allow":["GET"]}}],"collection":[{"href":"https:\/\/radiosolaris.com.br\/beta\/wp-json\/wp\/v2\/posts"}],"about":[{"href":"https:\/\/radiosolaris.com.br\/beta\/wp-json\/wp\/v2\/types\/post"}],"author":[{"embeddable":true,"href":"https:\/\/radiosolaris.com.br\/beta\/wp-json\/wp\/v2\/users\/1"}],"replies":[{"embeddable":true,"href":"https:\/\/radiosolaris.com.br\/beta\/wp-json\/wp\/v2\/comments?post=79873"}],"version-history":[{"count":0,"href":"https:\/\/radiosolaris.com.br\/beta\/wp-json\/wp\/v2\/posts\/79873\/revisions"}],"wp:featuredmedia":[{"embeddable":true,"href":"https:\/\/radiosolaris.com.br\/beta\/wp-json\/wp\/v2\/media\/79874"}],"wp:attachment":[{"href":"https:\/\/radiosolaris.com.br\/beta\/wp-json\/wp\/v2\/media?parent=79873"}],"wp:term":[{"taxonomy":"category","embeddable":true,"href":"https:\/\/radiosolaris.com.br\/beta\/wp-json\/wp\/v2\/categories?post=79873"},{"taxonomy":"post_tag","embeddable":true,"href":"https:\/\/radiosolaris.com.br\/beta\/wp-json\/wp\/v2\/tags?post=79873"},{"taxonomy":"powerkit_post_featured","embeddable":true,"href":"https:\/\/radiosolaris.com.br\/beta\/wp-json\/wp\/v2\/powerkit_post_featured?post=79873"}],"curies":[{"name":"wp","href":"https:\/\/api.w.org\/{rel}","templated":true}]}}