{"id":79749,"date":"2022-05-27T13:40:23","date_gmt":"2022-05-27T16:40:23","guid":{"rendered":"https:\/\/radiosolaris.com.br\/beta\/?p=79749"},"modified":"2022-05-27T13:40:30","modified_gmt":"2022-05-27T16:40:30","slug":"upeva-de-flores-da-cunha-realiza-feira-de-adocao-de-caes","status":"publish","type":"post","link":"https:\/\/radiosolaris.com.br\/beta\/upeva-de-flores-da-cunha-realiza-feira-de-adocao-de-caes\/","title":{"rendered":"Upeva de Flores da Cunha realiza feira de ado\u00e7\u00e3o de c\u00e3es"},"content":{"rendered":"\n<h4 id=\"o-evento-vai-ser-realizado-neste-sabado-28-em-um-petshop-de-caxias-do-sul\" class=\"wp-block-heading\">O evento vai ser realizado neste s\u00e1bado (28), em um petshop de Caxias do Sul<\/h4>\n\n\n\n<p>A ONG Uni\u00e3o Pela Vida Animal (Upeva) de Flores da Cunha vai realizar neste s\u00e1bado (28), uma feira de ado\u00e7\u00e3o de c\u00e3es. O evento ocorre no Petshop Petland, na rua Os 18 do Forte, no Centro de Caxias do Sul. O hor\u00e1rio dispon\u00edvel para o p\u00fablico adotar um novo amigo pet ser\u00e1 das 11h \u00e0s 15h.<\/p>\n\n\n\n<p>Segundo a entidade, nesta edi\u00e7\u00e3o da feira apenas c\u00e3es devem estar dispon\u00edveis para ado\u00e7\u00e3o. Mas, quem tiver interesse em adotar um gato ou outro animal que n\u00e3o estiver no dia, pode entrar em contato com a Upeva, j\u00e1 que muitos animais est\u00e3o em lares tempor\u00e1rios nas casas dos volunt\u00e1rios.<\/p>\n\n\n\n<p>As pessoas podem visitar tamb\u00e9m a ch\u00e1cara da ONG que est\u00e1 localizada na comunidade de Medianeira, em Flores da Cunha. Ao todo, segundo a volunt\u00e1ria Nicole Costa, s\u00e3o cerca de 110 c\u00e3es que est\u00e3o abrigados no local.<\/p>\n\n\n\n<p>Outros 40 cachorros se encontram em uma segunda ch\u00e1cara volunt\u00e1ria e cerca de 70 est\u00e3o na casa da presidente da Upeva, Justina Sugari. Al\u00e9m desses abrigos, outros animais est\u00e3o em lares tempor\u00e1rios de pessoas que se voluntariam para acolher gatos ou cachorros at\u00e9 que algu\u00e9m queira adota-los.<\/p>\n","protected":false},"excerpt":{"rendered":"<p>O evento vai ser realizado neste s\u00e1bado (28), em um petshop de Caxias do Sul A ONG Uni\u00e3o Pela Vida Animal (Upeva) de Flores da Cunha vai realizar neste s\u00e1bado&hellip;<\/p>\n","protected":false},"author":16,"featured_media":79750,"comment_status":"closed","ping_status":"closed","sticky":false,"template":"","format":"standard","meta":{"_lmt_disableupdate":"","_lmt_disable":"","footnotes":""},"categories":[83],"tags":[2676,11659,148,114,992,283,6175,1279],"powerkit_post_featured":[],"class_list":{"0":"post-79749","1":"post","2":"type-post","3":"status-publish","4":"format-standard","5":"has-post-thumbnail","7":"category-serra-gaucha","8":"tag-adocao","9":"tag-adocao-de-caes","10":"tag-caxias-do-sul","11":"tag-flores-da-cunha","12":"tag-serra","13":"tag-serra-gaucha","14":"tag-uniao-pela-vida-animal","15":"tag-upeva"},"modified_by":"Bruna Picinini","_links":{"self":[{"href":"https:\/\/radiosolaris.com.br\/beta\/wp-json\/wp\/v2\/posts\/79749","targetHints":{"allow":["GET"]}}],"collection":[{"href":"https:\/\/radiosolaris.com.br\/beta\/wp-json\/wp\/v2\/posts"}],"about":[{"href":"https:\/\/radiosolaris.com.br\/beta\/wp-json\/wp\/v2\/types\/post"}],"author":[{"embeddable":true,"href":"https:\/\/radiosolaris.com.br\/beta\/wp-json\/wp\/v2\/users\/16"}],"replies":[{"embeddable":true,"href":"https:\/\/radiosolaris.com.br\/beta\/wp-json\/wp\/v2\/comments?post=79749"}],"version-history":[{"count":0,"href":"https:\/\/radiosolaris.com.br\/beta\/wp-json\/wp\/v2\/posts\/79749\/revisions"}],"wp:featuredmedia":[{"embeddable":true,"href":"https:\/\/radiosolaris.com.br\/beta\/wp-json\/wp\/v2\/media\/79750"}],"wp:attachment":[{"href":"https:\/\/radiosolaris.com.br\/beta\/wp-json\/wp\/v2\/media?parent=79749"}],"wp:term":[{"taxonomy":"category","embeddable":true,"href":"https:\/\/radiosolaris.com.br\/beta\/wp-json\/wp\/v2\/categories?post=79749"},{"taxonomy":"post_tag","embeddable":true,"href":"https:\/\/radiosolaris.com.br\/beta\/wp-json\/wp\/v2\/tags?post=79749"},{"taxonomy":"powerkit_post_featured","embeddable":true,"href":"https:\/\/radiosolaris.com.br\/beta\/wp-json\/wp\/v2\/powerkit_post_featured?post=79749"}],"curies":[{"name":"wp","href":"https:\/\/api.w.org\/{rel}","templated":true}]}}