{"id":79663,"date":"2022-05-25T16:11:59","date_gmt":"2022-05-25T19:11:59","guid":{"rendered":"https:\/\/radiosolaris.com.br\/beta\/?p=79663"},"modified":"2022-05-25T16:12:02","modified_gmt":"2022-05-25T19:12:02","slug":"moradores-do-planalto-receberao-programa-camara-nos-bairros","status":"publish","type":"post","link":"https:\/\/radiosolaris.com.br\/beta\/moradores-do-planalto-receberao-programa-camara-nos-bairros\/","title":{"rendered":"Moradores do Planalto receber\u00e3o Programa C\u00e2mara nos Bairros"},"content":{"rendered":"\n<h4 id=\"localidade-foi-sorteada-durante-a-sessao-ordinaria-do-dia-24-de-maio\" class=\"wp-block-heading\">Localidade foi sorteada durante a Sess\u00e3o Ordin\u00e1ria do dia 24 de maio<\/h4>\n\n\n\n<p>A pr\u00f3xima edi\u00e7\u00e3o do Programa C\u00e2mara nos Bairros ser\u00e1 no bairro Planalto, no parque em frente \u00e0 Escola Jo\u00e3o XXIII, neste s\u00e1bado(28), das 9h \u00e0s 11h30min. Em caso de chuva a a\u00e7\u00e3o ser\u00e1 adiada.\u00a0<\/p>\n\n\n\n<p>O \u201cC\u00e2mara nos Bairros\u201d tem por objetivo oferecer servi\u00e7os e colher demandas da comunidade. O projeto visa a democratiza\u00e7\u00e3o do acesso ao Poder Legislativo e cumprimento de suas atribui\u00e7\u00f5es referente \u00e0 fiscaliza\u00e7\u00e3o e representa\u00e7\u00e3o da comunidade com as principais demandas dos bairros de Ant\u00f4nio Prado.<br><br>Ressalta-se que o intuito do projeto \u00e9 aproximar a comunidade pradense do Legislativo, al\u00e9m de unir for\u00e7as com as lideran\u00e7as comunit\u00e1rias e potencializar a a\u00e7\u00e3o fiscalizadora dos vereadores junto aos servi\u00e7os p\u00fablicos, pois entende-se que \u00e9 obriga\u00e7\u00e3o dos vereadores saber da realidade de cada comunidade e o projeto oportuniza a aproxima\u00e7\u00e3o da voz da popula\u00e7\u00e3o com a C\u00e2mara, inclusive propiciar\u00e1 que todos os servi\u00e7os sejam bem utilizados.<br><\/p>\n\n\n\n<p>Fonte: Legislativo Pradense<br><\/p>\n","protected":false},"excerpt":{"rendered":"<p>Localidade foi sorteada durante a Sess\u00e3o Ordin\u00e1ria do dia 24 de maio A pr\u00f3xima edi\u00e7\u00e3o do Programa C\u00e2mara nos Bairros ser\u00e1 no bairro Planalto, no parque em frente \u00e0 Escola&hellip;<\/p>\n","protected":false},"author":1,"featured_media":79664,"comment_status":"closed","ping_status":"closed","sticky":false,"template":"","format":"standard","meta":{"_lmt_disableupdate":"","_lmt_disable":"","footnotes":""},"categories":[1,83],"tags":[143,8899,11092,1436],"powerkit_post_featured":[],"class_list":{"0":"post-79663","1":"post","2":"type-post","3":"status-publish","4":"format-standard","5":"has-post-thumbnail","7":"category-geral","8":"category-serra-gaucha","9":"tag-antonio-prado","10":"tag-bairro-planalto","11":"tag-camara-nos-bairros","12":"tag-legislativo"},"modified_by":"Gustavo Zanotto","_links":{"self":[{"href":"https:\/\/radiosolaris.com.br\/beta\/wp-json\/wp\/v2\/posts\/79663","targetHints":{"allow":["GET"]}}],"collection":[{"href":"https:\/\/radiosolaris.com.br\/beta\/wp-json\/wp\/v2\/posts"}],"about":[{"href":"https:\/\/radiosolaris.com.br\/beta\/wp-json\/wp\/v2\/types\/post"}],"author":[{"embeddable":true,"href":"https:\/\/radiosolaris.com.br\/beta\/wp-json\/wp\/v2\/users\/1"}],"replies":[{"embeddable":true,"href":"https:\/\/radiosolaris.com.br\/beta\/wp-json\/wp\/v2\/comments?post=79663"}],"version-history":[{"count":0,"href":"https:\/\/radiosolaris.com.br\/beta\/wp-json\/wp\/v2\/posts\/79663\/revisions"}],"wp:featuredmedia":[{"embeddable":true,"href":"https:\/\/radiosolaris.com.br\/beta\/wp-json\/wp\/v2\/media\/79664"}],"wp:attachment":[{"href":"https:\/\/radiosolaris.com.br\/beta\/wp-json\/wp\/v2\/media?parent=79663"}],"wp:term":[{"taxonomy":"category","embeddable":true,"href":"https:\/\/radiosolaris.com.br\/beta\/wp-json\/wp\/v2\/categories?post=79663"},{"taxonomy":"post_tag","embeddable":true,"href":"https:\/\/radiosolaris.com.br\/beta\/wp-json\/wp\/v2\/tags?post=79663"},{"taxonomy":"powerkit_post_featured","embeddable":true,"href":"https:\/\/radiosolaris.com.br\/beta\/wp-json\/wp\/v2\/powerkit_post_featured?post=79663"}],"curies":[{"name":"wp","href":"https:\/\/api.w.org\/{rel}","templated":true}]}}