{"id":79582,"date":"2022-05-25T08:04:57","date_gmt":"2022-05-25T11:04:57","guid":{"rendered":"https:\/\/radiosolaris.com.br\/beta\/?p=79582"},"modified":"2022-05-25T08:04:59","modified_gmt":"2022-05-25T11:04:59","slug":"caxias-do-sul-registra-sete-casos-de-dengue-contraidos-na-cidade","status":"publish","type":"post","link":"https:\/\/radiosolaris.com.br\/beta\/caxias-do-sul-registra-sete-casos-de-dengue-contraidos-na-cidade\/","title":{"rendered":"Caxias do Sul registra sete casos de dengue contra\u00eddos na cidade"},"content":{"rendered":"\n<h4 id=\"numero-de-casos-importados-da-doenca-contraidos-fora-da-cidade-e-de-16\" class=\"wp-block-heading\">N\u00famero de casos importados da doen\u00e7a (contra\u00eddos fora da cidade) \u00e9 de 16<\/h4>\n\n\n\n<p>A Secretaria Municipal da Sa\u00fade (SMS) de Caxias do Sul informa que o munic\u00edpio registra sete casos de dengue aut\u00f3ctones (contra\u00eddos no munic\u00edpio) e tamb\u00e9m h\u00e1 16 casos importados (quando a pessoa contraiu a doen\u00e7a em outra localidade). As \u00faltimas confirma\u00e7\u00f5es ocorreram na segunda-feira (23). Tamb\u00e9m h\u00e1 59 suspeitas aguardando confirma\u00e7\u00e3o.<\/p>\n\n\n\n<p>Os casos aut\u00f3ctones s\u00e3o de moradores dos bairros Santa Catarina (dois casos), Centro, Centen\u00e1rio, Exposi\u00e7\u00e3o (dois casos) e do distrito de Vila Seca. J\u00e1 os casos importados s\u00e3o de moradores dos bairros Diamantino, Jardim da Lagoa (Desvio Rizzo), Santa F\u00e9, Bela Vista, S\u00e3o Caetano, Floresta, De Lazzer, Cidade Nova, S\u00e3o Luiz da 6\u00aa L\u00e9gua, Centro, Rio Branco (dois casos), Cristo Redentor (dois casos), Sanvitto e Nossa Senhora de Lourdes.<\/p>\n\n\n\n<p>A Secretaria da Sa\u00fade mant\u00e9m o alerta para a circula\u00e7\u00e3o do v\u00edrus em toda a cidade. A Vigil\u00e2ncia Ambiental em Sa\u00fade segue o trabalho de fiscaliza\u00e7\u00e3o, uma vez que h\u00e1 focos do mosquito transmissor em todas as regi\u00f5es do munic\u00edpio. No entanto, a Secretaria tamb\u00e9m reitera a import\u00e2ncia de que a popula\u00e7\u00e3o fa\u00e7a a varredura em suas resid\u00eancias e locais de trabalho para eliminar locais com \u00e1gua parada, pois \u00e9 nesses ambientes que o Aedes aegypti se reproduz.<\/p>\n\n\n\n<p><\/p>\n","protected":false},"excerpt":{"rendered":"<p>N\u00famero de casos importados da doen\u00e7a (contra\u00eddos fora da cidade) \u00e9 de 16 A Secretaria Municipal da Sa\u00fade (SMS) de Caxias do Sul informa que o munic\u00edpio registra sete casos&hellip;<\/p>\n","protected":false},"author":19,"featured_media":20193,"comment_status":"closed","ping_status":"closed","sticky":false,"template":"","format":"standard","meta":{"_lmt_disableupdate":"","_lmt_disable":"","footnotes":""},"categories":[83],"tags":[10750,11617,11616,148,699,283],"powerkit_post_featured":[],"class_list":{"0":"post-79582","1":"post","2":"type-post","3":"status-publish","4":"format-standard","5":"has-post-thumbnail","7":"category-serra-gaucha","8":"tag-casos-de-dengue","9":"tag-casos-de-dengue-autoctones","10":"tag-casos-importados","11":"tag-caxias-do-sul","12":"tag-dengue","13":"tag-serra-gaucha"},"modified_by":"Luciano Pettorini","_links":{"self":[{"href":"https:\/\/radiosolaris.com.br\/beta\/wp-json\/wp\/v2\/posts\/79582","targetHints":{"allow":["GET"]}}],"collection":[{"href":"https:\/\/radiosolaris.com.br\/beta\/wp-json\/wp\/v2\/posts"}],"about":[{"href":"https:\/\/radiosolaris.com.br\/beta\/wp-json\/wp\/v2\/types\/post"}],"author":[{"embeddable":true,"href":"https:\/\/radiosolaris.com.br\/beta\/wp-json\/wp\/v2\/users\/19"}],"replies":[{"embeddable":true,"href":"https:\/\/radiosolaris.com.br\/beta\/wp-json\/wp\/v2\/comments?post=79582"}],"version-history":[{"count":0,"href":"https:\/\/radiosolaris.com.br\/beta\/wp-json\/wp\/v2\/posts\/79582\/revisions"}],"wp:featuredmedia":[{"embeddable":true,"href":"https:\/\/radiosolaris.com.br\/beta\/wp-json\/wp\/v2\/media\/20193"}],"wp:attachment":[{"href":"https:\/\/radiosolaris.com.br\/beta\/wp-json\/wp\/v2\/media?parent=79582"}],"wp:term":[{"taxonomy":"category","embeddable":true,"href":"https:\/\/radiosolaris.com.br\/beta\/wp-json\/wp\/v2\/categories?post=79582"},{"taxonomy":"post_tag","embeddable":true,"href":"https:\/\/radiosolaris.com.br\/beta\/wp-json\/wp\/v2\/tags?post=79582"},{"taxonomy":"powerkit_post_featured","embeddable":true,"href":"https:\/\/radiosolaris.com.br\/beta\/wp-json\/wp\/v2\/powerkit_post_featured?post=79582"}],"curies":[{"name":"wp","href":"https:\/\/api.w.org\/{rel}","templated":true}]}}