{"id":79547,"date":"2022-05-24T17:15:24","date_gmt":"2022-05-24T20:15:24","guid":{"rendered":"https:\/\/radiosolaris.com.br\/beta\/?p=79547"},"modified":"2022-05-24T21:22:13","modified_gmt":"2022-05-25T00:22:13","slug":"primeiro-colegio-militar-da-serra-gaucha-e-inaugurado-em-caxias-do-sul","status":"publish","type":"post","link":"https:\/\/radiosolaris.com.br\/beta\/primeiro-colegio-militar-da-serra-gaucha-e-inaugurado-em-caxias-do-sul\/","title":{"rendered":"Primeiro Col\u00e9gio Militar da Serra ga\u00facha \u00e9 inaugurado em Caxias do Sul"},"content":{"rendered":"\n<h4 id=\"em-2019-das-10-escolas-no-estado-em-aprovacoes-de-enem-e-vestibular-sete-eram-colegio-tiradentes\" class=\"wp-block-heading\">Em 2019, das 10 escolas no Estado em aprova\u00e7\u00f5es de Enem e vestibular, sete eram Col\u00e9gio Tiradentes<\/h4>\n\n\n\n<p>Uma nova alternativa de Ensino M\u00e9dio chegou a Caxias do Sul nesta segunda-feira (23). O Col\u00e9gio Tiradentes, administrado pela Brigada Militar, foi oficialmente inaugurado na rua Professora Maria D\u2019 \u00c1villa Pinto, no bairro Marechal Floriano, no mesmo pr\u00e9dio da antiga Escola Estadual Dante Marcucci. Conforme o major Juliano Amaral, diretor da nova institui\u00e7\u00e3o de ensino, a \u00eanfase \u00e9 trabalhar o civismo, o patriotismo, o respeito aos s\u00edmbolos e a pr\u00f3pria educa\u00e7\u00e3o.<\/p>\n\n\n\n<figure class=\"wp-block-gallery has-nested-images columns-default is-cropped wp-block-gallery-1 is-layout-flex wp-block-gallery-is-layout-flex\">\n<figure class=\"wp-block-image size-large\"><img  loading=\"lazy\"  decoding=\"async\"  width=\"700\"  height=\"466\"  data-id=\"79549\"  src=\"data:image\/png;base64,iVBORw0KGgoAAAANSUhEUgAAAAEAAAABAQMAAAAl21bKAAAAA1BMVEUAAP+KeNJXAAAAAXRSTlMAQObYZgAAAAlwSFlzAAAOxAAADsQBlSsOGwAAAApJREFUCNdjYAAAAAIAAeIhvDMAAAAASUVORK5CYII=\"  alt=\"\"  class=\"wp-image-79549 pk-lazyload\"  data-pk-sizes=\"auto\"  data-ls-sizes=\"auto, (max-width: 700px) 100vw, 700px\"  data-pk-src=\"https:\/\/radiosolaris.com.br\/beta\/wp-content\/uploads\/2022\/05\/35687880.jpg\"  data-pk-srcset=\"https:\/\/radiosolaris.com.br\/beta\/wp-content\/uploads\/2022\/05\/35687880.jpg 700w, https:\/\/radiosolaris.com.br\/beta\/wp-content\/uploads\/2022\/05\/35687880-300x200.jpg 300w\" ><figcaption>Os alunos foram recebidos nesta segunda-feira (23)<\/figcaption><\/figure>\n<figcaption class=\"blocks-gallery-caption\">Foto: Joel Arrojo\/Divulga\u00e7\u00e3o<\/figcaption><\/figure>\n\n\n\n<p><\/p>\n\n\n\n<p>A primeira turma de 64 alunos est\u00e1 no 1\u00ba ano e, devido a abertura no meio do ano letivo, recebeu estudantes que j\u00e1 estavam matriculados em outras escolas e solicitaram a transfer\u00eancia. As aulas s\u00e3o em turno integral, sendo aulas tradicionais pela manh\u00e3 e contraturno a tarde.<\/p>\n\n\n\n<p>O Col\u00e9gio Militar possui outras sete unidades no Rio Grande do Sul e conta com um ensino com reconhecido grau de excel\u00eancia. De acordo com o diretor, das 10 escolas no Estado em aprova\u00e7\u00f5es de Enem e vestibular, sete eram Tiradentes.<\/p>\n\n\n\n<p>Para os pr\u00f3ximos anos o n\u00famero de vagas para pais que desejam matricular seus filhos deve aumentar, gradativamente. Para ser aceito na nova escola, o candidato passa por uma prova intelectual e exame f\u00edsico. Filhos de policiais militares da regi\u00e3o tamb\u00e9m t\u00eam prefer\u00eancia.<\/p>\n\n\n\n<p>Nas palavras do major Amaral &#8220;em algumas escolas a disciplina e os valores infelizmente est\u00e3o se perdendo&#8221;. Apesar da administra\u00e7\u00e3o ficar a cargo dos policiais, a metodologia pedag\u00f3gica \u00e9 comandada pela 4\u00aa Coordenadoria Regional de Educa\u00e7\u00e3o (CRE).<\/p>\n\n\n\n<p><\/p>\n\n\n\n<figure class=\"wp-block-gallery has-nested-images columns-default is-cropped wp-block-gallery-2 is-layout-flex wp-block-gallery-is-layout-flex\">\n<figure class=\"wp-block-image size-large\"><img  decoding=\"async\"  data-id=\"79550\"  src=\"data:image\/png;base64,iVBORw0KGgoAAAANSUhEUgAAAAEAAAABAQMAAAAl21bKAAAAA1BMVEUAAP+KeNJXAAAAAXRSTlMAQObYZgAAAAlwSFlzAAAOxAAADsQBlSsOGwAAAApJREFUCNdjYAAAAAIAAeIhvDMAAAAASUVORK5CYII=\"  alt=\"\"  class=\"wp-image-79550 pk-lazyload\"  data-pk-sizes=\"auto\"  data-pk-src=\"https:\/\/radiosolaris.com.br\/beta\/wp-content\/uploads\/2022\/05\/WhatsApp-Image-2022-05-24-at-17.08.09-1024x576.jpeg\" ><figcaption>Col\u00e9gio Tiradentes ocupa pr\u00e9dio da antiga Escola Dante Marcucci<\/figcaption><\/figure>\n<\/figure>\n\n\n\n<p><\/p>\n\n\n\n<p>Na solenidade, a Brigada Militar tamb\u00e9m homenageou familiares de Dante Marcucci, hist\u00f3rico comerciante e ex-prefeito de Caxias, que dava nome \u00e0 antiga escola que agora abriga o Col\u00e9gio Tiradentes.<\/p>\n\n\n\n<p>O Rio Grande do Sul conta com col\u00e9gios Tiradentes em Porto Alegre, S\u00e3o Gabriel, Iju\u00ed, Santo \u00c2ngelo, Passo Fundo, Santa Maria, Pelotas e, agora, em Caxias do Sul, totalizando oito unidades.<\/p>\n\n\n\n<figure class=\"wp-block-gallery has-nested-images columns-default is-cropped wp-block-gallery-3 is-layout-flex wp-block-gallery-is-layout-flex\">\n<figure class=\"wp-block-image size-large\"><img  decoding=\"async\"  data-id=\"79551\"  src=\"data:image\/png;base64,iVBORw0KGgoAAAANSUhEUgAABIgAAAKNAQMAAABx\/8IJAAAAA1BMVEUAAP+KeNJXAAAAAXRSTlMAQObYZgAAAAlwSFlzAAAOxAAADsQBlSsOGwAAAHNJREFUeNrtwTEBAAAAwqD1T20ND6AAAAAAAAAAAAAAAAAAAAAAAAAAAAAAAAAAAAAAAAAAAAAAAAAAAAAAAAAAAAAAAAAAAAAAAAAAAAAAAAAAAAAAAAAAAAAAAAAAAAAAAAAAAAAAAAAAAAAAAAAAAPgwdHkAAc7CT7QAAAAASUVORK5CYII=\"  alt=\"\"  class=\"wp-image-79551 pk-lazyload\"  data-pk-sizes=\"auto\"  data-pk-src=\"https:\/\/radiosolaris.com.br\/beta\/wp-content\/uploads\/2022\/05\/WhatsApp-Image-2022-05-24-at-17.08.08-1024x576.jpeg\" ><figcaption>Fachada do novo col\u00e9gio<\/figcaption><\/figure>\n<figcaption class=\"blocks-gallery-caption\">Foto: Igor Panzenhagen<\/figcaption><\/figure>\n\n\n\n<p><\/p>\n","protected":false},"excerpt":{"rendered":"<p>Em 2019, das 10 escolas no Estado em aprova\u00e7\u00f5es de Enem e vestibular, sete eram Col\u00e9gio Tiradentes Uma nova alternativa de Ensino M\u00e9dio chegou a Caxias do Sul nesta segunda-feira&hellip;<\/p>\n","protected":false},"author":17,"featured_media":79551,"comment_status":"closed","ping_status":"closed","sticky":false,"template":"","format":"standard","meta":{"_lmt_disableupdate":"","_lmt_disable":"","footnotes":""},"categories":[84,93,83],"tags":[11606,148,11605,10615,11337,1446,244,11609,11608,11607,283],"powerkit_post_featured":[],"class_list":{"0":"post-79547","1":"post","2":"type-post","3":"status-publish","4":"format-standard","5":"has-post-thumbnail","7":"category-brasil","8":"category-noticias-rs","9":"category-serra-gaucha","10":"tag-brigada-militaqr","11":"tag-caxias-do-sul","12":"tag-colegio-militar","13":"tag-colegio-tiradentes","14":"tag-dante-marcucci","15":"tag-escola-militar","16":"tag-inauguracao","17":"tag-nova-escola-em-caxias-do-sul","18":"tag-novo-colegio-em-caxias-do-sul","19":"tag-primeiro-colegio-militar-da-serra","20":"tag-serra-gaucha"},"modified_by":"Igor Panzenhagen","_links":{"self":[{"href":"https:\/\/radiosolaris.com.br\/beta\/wp-json\/wp\/v2\/posts\/79547","targetHints":{"allow":["GET"]}}],"collection":[{"href":"https:\/\/radiosolaris.com.br\/beta\/wp-json\/wp\/v2\/posts"}],"about":[{"href":"https:\/\/radiosolaris.com.br\/beta\/wp-json\/wp\/v2\/types\/post"}],"author":[{"embeddable":true,"href":"https:\/\/radiosolaris.com.br\/beta\/wp-json\/wp\/v2\/users\/17"}],"replies":[{"embeddable":true,"href":"https:\/\/radiosolaris.com.br\/beta\/wp-json\/wp\/v2\/comments?post=79547"}],"version-history":[{"count":0,"href":"https:\/\/radiosolaris.com.br\/beta\/wp-json\/wp\/v2\/posts\/79547\/revisions"}],"wp:featuredmedia":[{"embeddable":true,"href":"https:\/\/radiosolaris.com.br\/beta\/wp-json\/wp\/v2\/media\/79551"}],"wp:attachment":[{"href":"https:\/\/radiosolaris.com.br\/beta\/wp-json\/wp\/v2\/media?parent=79547"}],"wp:term":[{"taxonomy":"category","embeddable":true,"href":"https:\/\/radiosolaris.com.br\/beta\/wp-json\/wp\/v2\/categories?post=79547"},{"taxonomy":"post_tag","embeddable":true,"href":"https:\/\/radiosolaris.com.br\/beta\/wp-json\/wp\/v2\/tags?post=79547"},{"taxonomy":"powerkit_post_featured","embeddable":true,"href":"https:\/\/radiosolaris.com.br\/beta\/wp-json\/wp\/v2\/powerkit_post_featured?post=79547"}],"curies":[{"name":"wp","href":"https:\/\/api.w.org\/{rel}","templated":true}]}}