{"id":79281,"date":"2022-05-20T18:45:02","date_gmt":"2022-05-20T21:45:02","guid":{"rendered":"https:\/\/radiosolaris.com.br\/beta\/?p=79281"},"modified":"2022-05-23T10:38:28","modified_gmt":"2022-05-23T13:38:28","slug":"identificados-os-dois-homens-mortos-em-acidente-na-ers-122-em-antonio-prado","status":"publish","type":"post","link":"https:\/\/radiosolaris.com.br\/beta\/identificados-os-dois-homens-mortos-em-acidente-na-ers-122-em-antonio-prado\/","title":{"rendered":"Identificados os dois homens mortos em acidente na ERS-122, em Ant\u00f4nio Prado"},"content":{"rendered":"\n<h4 id=\"por-volta-das-18h30min-o-transito-na-rodovia-estava-completamente-bloqueado-nos-dois-sentidos\" class=\"wp-block-heading\">Por volta das 18h30min o tr\u00e2nsito na rodovia estava completamente bloqueado nos dois sentidos<\/h4>\n\n\n\n<p>Foram identificados os dois homens que morreram em um acidente no km 112 da ERS-122, entre Ant\u00f4nio Prado e Flores da Cunha, na tarde desta sexta-feira (20). H\u00e9lio Andrade Moreira, de 45 anos, era natural de Mat\u00e3o (SP) e Alvamir dos Santos, de 31 anos, natural de S\u00e3o Miguel dos Campos (AL). <\/p>\n\n\n\n<p>De acordo com testemunhas o caminh\u00e3o guindaste, Ford\/Cargo, conduzido por H\u00e9lio, teria ficado sem freios e colidiu na traseira de um caminh\u00e3o Mercedes-Benz, com placas de Minas Gerais, por volta das 15h30min.<\/p>\n\n\n\n<p>O motorista do Mercedes-Benz, de 44 anos, n\u00e3o se feriu. Ele transportava uma carga de perus e contou a reportagem que o seu caminh\u00e3o foi empurrado cerca de 50 metros com a for\u00e7a do impacto na traseira.<\/p>\n\n\n\n<p>O Corpo de Bombeiros de Flores da Cunha, os Bombeiros Volunt\u00e1rios de Ant\u00f4nio Prado e o Comando Rodovi\u00e1rio da Brigada Militar de Farroupilha atenderam a ocorr\u00eancia. O Servi\u00e7o de Atendimento M\u00f3vel de Urg\u00eancia (Samu) esteve no local, onde foram atestados os \u00f3bitos.<\/p>\n\n\n\n<p>O tr\u00e2nsito est\u00e1 sendo alternado, no esquema siga-pare. o trabalho de remo\u00e7\u00e3o do caminh\u00e3o, com aux\u00edlio do guincho, ainda n\u00e3o foi finalizado. <\/p>\n\n\n\n<p>Por volta das 18h30min o tr\u00e2nsito estava completamente bloqueado nos dois sentidos. N\u00e3o h\u00e1 informa\u00e7\u00f5es sobre o hor\u00e1rio de libera\u00e7\u00e3o da via. <\/p>\n\n\n\n<figure class=\"wp-block-image size-large\"><img  decoding=\"async\"  src=\"data:image\/png;base64,iVBORw0KGgoAAAANSUhEUgAAAAEAAAABAQMAAAAl21bKAAAAA1BMVEUAAP+KeNJXAAAAAXRSTlMAQObYZgAAAAlwSFlzAAAOxAAADsQBlSsOGwAAAApJREFUCNdjYAAAAAIAAeIhvDMAAAAASUVORK5CYII=\"  alt=\"\"  class=\"wp-image-79282 pk-lazyload\"  data-pk-sizes=\"auto\"  data-pk-src=\"https:\/\/radiosolaris.com.br\/beta\/wp-content\/uploads\/2022\/05\/283036111_5616146855085073_4880250947131942963_n-1024x461.jpg\" ><\/figure>\n\n\n\n<p><\/p>\n\n\n\n<figure class=\"wp-block-image size-large\"><img  decoding=\"async\"  src=\"data:image\/png;base64,iVBORw0KGgoAAAANSUhEUgAAAAEAAAABAQMAAAAl21bKAAAAA1BMVEUAAP+KeNJXAAAAAXRSTlMAQObYZgAAAAlwSFlzAAAOxAAADsQBlSsOGwAAAApJREFUCNdjYAAAAAIAAeIhvDMAAAAASUVORK5CYII=\"  alt=\"\"  class=\"wp-image-79283 pk-lazyload\"  data-pk-sizes=\"auto\"  data-pk-src=\"https:\/\/radiosolaris.com.br\/beta\/wp-content\/uploads\/2022\/05\/283156158_5616146578418434_1663217186441862850_n-1024x461.jpg\" ><\/figure>\n\n\n\n<p>Fotos: Grupo Solaris<\/p>\n","protected":false},"excerpt":{"rendered":"<p>Por volta das 18h30min o tr\u00e2nsito na rodovia estava completamente bloqueado nos dois sentidos Foram identificados os dois homens que morreram em um acidente no km 112 da ERS-122, entre&hellip;<\/p>\n","protected":false},"author":17,"featured_media":79290,"comment_status":"closed","ping_status":"closed","sticky":false,"template":"","format":"standard","meta":{"_lmt_disableupdate":"","_lmt_disable":"","footnotes":""},"categories":[1],"tags":[307,11223,143,148,578,3039,522,114,4752,6838,283,8688],"powerkit_post_featured":[],"class_list":{"0":"post-79281","1":"post","2":"type-post","3":"status-publish","4":"format-standard","5":"has-post-thumbnail","7":"category-geral","8":"tag-acidente","9":"tag-acidente-na-serra-das-antas","10":"tag-antonio-prado","11":"tag-caxias-do-sul","12":"tag-colisao","13":"tag-colisao-traseira","14":"tag-ers-122-2","15":"tag-flores-da-cunha","16":"tag-rs-122","17":"tag-serra-das-antas","18":"tag-serra-gaucha","19":"tag-vitimas"},"modified_by":"Gustavo Zanotto","_links":{"self":[{"href":"https:\/\/radiosolaris.com.br\/beta\/wp-json\/wp\/v2\/posts\/79281","targetHints":{"allow":["GET"]}}],"collection":[{"href":"https:\/\/radiosolaris.com.br\/beta\/wp-json\/wp\/v2\/posts"}],"about":[{"href":"https:\/\/radiosolaris.com.br\/beta\/wp-json\/wp\/v2\/types\/post"}],"author":[{"embeddable":true,"href":"https:\/\/radiosolaris.com.br\/beta\/wp-json\/wp\/v2\/users\/17"}],"replies":[{"embeddable":true,"href":"https:\/\/radiosolaris.com.br\/beta\/wp-json\/wp\/v2\/comments?post=79281"}],"version-history":[{"count":0,"href":"https:\/\/radiosolaris.com.br\/beta\/wp-json\/wp\/v2\/posts\/79281\/revisions"}],"wp:featuredmedia":[{"embeddable":true,"href":"https:\/\/radiosolaris.com.br\/beta\/wp-json\/wp\/v2\/media\/79290"}],"wp:attachment":[{"href":"https:\/\/radiosolaris.com.br\/beta\/wp-json\/wp\/v2\/media?parent=79281"}],"wp:term":[{"taxonomy":"category","embeddable":true,"href":"https:\/\/radiosolaris.com.br\/beta\/wp-json\/wp\/v2\/categories?post=79281"},{"taxonomy":"post_tag","embeddable":true,"href":"https:\/\/radiosolaris.com.br\/beta\/wp-json\/wp\/v2\/tags?post=79281"},{"taxonomy":"powerkit_post_featured","embeddable":true,"href":"https:\/\/radiosolaris.com.br\/beta\/wp-json\/wp\/v2\/powerkit_post_featured?post=79281"}],"curies":[{"name":"wp","href":"https:\/\/api.w.org\/{rel}","templated":true}]}}