{"id":78977,"date":"2022-05-17T15:26:12","date_gmt":"2022-05-17T18:26:12","guid":{"rendered":"https:\/\/radiosolaris.com.br\/beta\/?p=78977"},"modified":"2022-05-17T15:26:25","modified_gmt":"2022-05-17T18:26:25","slug":"cic-caxias-apresenta-sugestoes-para-reducao-das-tarifas-de-pedagio-na-nova-concessao-das-rodovias","status":"publish","type":"post","link":"https:\/\/radiosolaris.com.br\/beta\/cic-caxias-apresenta-sugestoes-para-reducao-das-tarifas-de-pedagio-na-nova-concessao-das-rodovias\/","title":{"rendered":"CIC Caxias apresenta sugest\u00f5es para redu\u00e7\u00e3o das tarifas de ped\u00e1gio na nova concess\u00e3o das rodovias"},"content":{"rendered":"\n<h4 id=\"representantes-da-entidade-receberam-nesta-terca-feira-17-o-secretario-extraordinario-de-parcerias-do-rio-grande-do-sul-leonardo-bussato\" class=\"wp-block-heading\">Representantes da entidade receberam nesta ter\u00e7a-feira (17), o secret\u00e1rio extraordin\u00e1rio de Parcerias do Rio Grande do Sul, Leonardo Bussato<\/h4>\n\n\n\n<p>A C\u00e2mara de Ind\u00fastria, Com\u00e9rcio e Servi\u00e7os de Caxias do Sul (CIC Caxias), recebeu na manh\u00e3 desta ter\u00e7a-feira (17), o secret\u00e1rio extraordin\u00e1rio de Parcerias do Rio Grande do Sul, Leonardo Bussato e t\u00e9cnicos da pasta, para debater o programa de concess\u00f5es de rodovias na Serra ga\u00facha.<\/p>\n\n\n\n<p>Na oportunidade, o secret\u00e1rio tomou conhecimento da iniciativa da entidade, que formou um grupo para estudar medidas de ordem tribut\u00e1ria e contratual que possam permitir a redu\u00e7\u00e3o do valor da tarifa, desde que respeitadas as regras do edital e dos contratos. Busatto esclareceu as principais d\u00favidas sobre o processo de concess\u00e3o de rodovias do bloco 3, cujo leil\u00e3o foi vencido pelo cons\u00f3rcio Integrasul no dia 13 de abril e teve a sua homologa\u00e7\u00e3o publicada no Di\u00e1rio Oficial do Estado nesta ter\u00e7a-feira (17).<\/p>\n\n\n\n<p>A CIC foi representada no encontro pelo presidente Celestino Oscar Loro, o diretor-executivo Gelson Dalberto e o coordenador da Diretoria de Pol\u00edtica Urbana e Infraestrutura F\u00e1bio Vanin. Tamb\u00e9m esteve presente a presidente do Conselho Regional de Desenvolvimento (Corede &#8211; Serra), M\u00f4nica Mattia.<\/p>\n\n\n\n<figure class=\"wp-block-gallery has-nested-images columns-1 is-cropped wp-block-gallery-1 is-layout-flex wp-block-gallery-is-layout-flex\">\n<figure class=\"wp-block-image size-large\"><a href=\"https:\/\/radiosolaris.com.br\/beta\/wp-content\/uploads\/2022\/05\/CIC-apresenta-sugestoes-para-reducao-das-tarifas-de-pedagio-na-nova-concessao-das-rodovias-3.jpeg\"><img  loading=\"lazy\"  decoding=\"async\"  width=\"1280\"  height=\"853\"  data-id=\"78981\"  src=\"data:image\/png;base64,iVBORw0KGgoAAAANSUhEUgAAAAEAAAABAQMAAAAl21bKAAAAA1BMVEUAAP+KeNJXAAAAAXRSTlMAQObYZgAAAAlwSFlzAAAOxAAADsQBlSsOGwAAAApJREFUCNdjYAAAAAIAAeIhvDMAAAAASUVORK5CYII=\"  alt=\"\"  class=\"wp-image-78981 pk-lazyload\"  data-pk-sizes=\"auto\"  data-ls-sizes=\"auto, (max-width: 1280px) 100vw, 1280px\"  data-pk-src=\"https:\/\/radiosolaris.com.br\/beta\/wp-content\/uploads\/2022\/05\/CIC-apresenta-sugestoes-para-reducao-das-tarifas-de-pedagio-na-nova-concessao-das-rodovias-3.jpeg\"  data-pk-srcset=\"https:\/\/radiosolaris.com.br\/beta\/wp-content\/uploads\/2022\/05\/CIC-apresenta-sugestoes-para-reducao-das-tarifas-de-pedagio-na-nova-concessao-das-rodovias-3.jpeg 1280w, https:\/\/radiosolaris.com.br\/beta\/wp-content\/uploads\/2022\/05\/CIC-apresenta-sugestoes-para-reducao-das-tarifas-de-pedagio-na-nova-concessao-das-rodovias-3-300x200.jpeg 300w, https:\/\/radiosolaris.com.br\/beta\/wp-content\/uploads\/2022\/05\/CIC-apresenta-sugestoes-para-reducao-das-tarifas-de-pedagio-na-nova-concessao-das-rodovias-3-768x512.jpeg 768w, https:\/\/radiosolaris.com.br\/beta\/wp-content\/uploads\/2022\/05\/CIC-apresenta-sugestoes-para-reducao-das-tarifas-de-pedagio-na-nova-concessao-das-rodovias-3-1160x773.jpeg 1160w, https:\/\/radiosolaris.com.br\/beta\/wp-content\/uploads\/2022\/05\/CIC-apresenta-sugestoes-para-reducao-das-tarifas-de-pedagio-na-nova-concessao-das-rodovias-3-800x533.jpeg 800w\" ><\/a><\/figure>\n\n\n\n<figure class=\"wp-block-image size-large\"><a href=\"https:\/\/radiosolaris.com.br\/beta\/wp-content\/uploads\/2022\/05\/CIC-apresenta-sugestoes-para-reducao-das-tarifas-de-pedagio-na-nova-concessao-das-rodovias-2.jpeg\"><img  loading=\"lazy\"  decoding=\"async\"  width=\"1280\"  height=\"853\"  data-id=\"78982\"  src=\"data:image\/png;base64,iVBORw0KGgoAAAANSUhEUgAAAAEAAAABAQMAAAAl21bKAAAAA1BMVEUAAP+KeNJXAAAAAXRSTlMAQObYZgAAAAlwSFlzAAAOxAAADsQBlSsOGwAAAApJREFUCNdjYAAAAAIAAeIhvDMAAAAASUVORK5CYII=\"  alt=\"\"  class=\"wp-image-78982 pk-lazyload\"  data-pk-sizes=\"auto\"  data-pk-src=\"https:\/\/radiosolaris.com.br\/beta\/wp-content\/uploads\/2022\/05\/CIC-apresenta-sugestoes-para-reducao-das-tarifas-de-pedagio-na-nova-concessao-das-rodovias-2.jpeg\" ><\/a><\/figure>\n<figcaption class=\"blocks-gallery-caption\">Fotos: Amanda Faccio\/CIC Caxias\/ Divulga\u00e7\u00e3o<\/figcaption><\/figure>\n","protected":false},"excerpt":{"rendered":"<p>Representantes da entidade receberam nesta ter\u00e7a-feira (17), o secret\u00e1rio extraordin\u00e1rio de Parcerias do Rio Grande do Sul, Leonardo Bussato A C\u00e2mara de Ind\u00fastria, Com\u00e9rcio e Servi\u00e7os de Caxias do Sul&hellip;<\/p>\n","protected":false},"author":13,"featured_media":78981,"comment_status":"closed","ping_status":"closed","sticky":false,"template":"","format":"standard","meta":{"_lmt_disableupdate":"","_lmt_disable":"","footnotes":""},"categories":[83],"tags":[148,3043,2008,11454,114,116,992,283],"powerkit_post_featured":[],"class_list":{"0":"post-78977","1":"post","2":"type-post","3":"status-publish","4":"format-standard","5":"has-post-thumbnail","7":"category-serra-gaucha","8":"tag-caxias-do-sul","9":"tag-cic-caxias","10":"tag-cic-caxias-do-sul","11":"tag-concessao-das-rodovias","12":"tag-flores-da-cunha","13":"tag-ipe","14":"tag-serra","15":"tag-serra-gaucha"},"modified_by":"Filipe Brogliatto","_links":{"self":[{"href":"https:\/\/radiosolaris.com.br\/beta\/wp-json\/wp\/v2\/posts\/78977","targetHints":{"allow":["GET"]}}],"collection":[{"href":"https:\/\/radiosolaris.com.br\/beta\/wp-json\/wp\/v2\/posts"}],"about":[{"href":"https:\/\/radiosolaris.com.br\/beta\/wp-json\/wp\/v2\/types\/post"}],"author":[{"embeddable":true,"href":"https:\/\/radiosolaris.com.br\/beta\/wp-json\/wp\/v2\/users\/13"}],"replies":[{"embeddable":true,"href":"https:\/\/radiosolaris.com.br\/beta\/wp-json\/wp\/v2\/comments?post=78977"}],"version-history":[{"count":0,"href":"https:\/\/radiosolaris.com.br\/beta\/wp-json\/wp\/v2\/posts\/78977\/revisions"}],"wp:featuredmedia":[{"embeddable":true,"href":"https:\/\/radiosolaris.com.br\/beta\/wp-json\/wp\/v2\/media\/78981"}],"wp:attachment":[{"href":"https:\/\/radiosolaris.com.br\/beta\/wp-json\/wp\/v2\/media?parent=78977"}],"wp:term":[{"taxonomy":"category","embeddable":true,"href":"https:\/\/radiosolaris.com.br\/beta\/wp-json\/wp\/v2\/categories?post=78977"},{"taxonomy":"post_tag","embeddable":true,"href":"https:\/\/radiosolaris.com.br\/beta\/wp-json\/wp\/v2\/tags?post=78977"},{"taxonomy":"powerkit_post_featured","embeddable":true,"href":"https:\/\/radiosolaris.com.br\/beta\/wp-json\/wp\/v2\/powerkit_post_featured?post=78977"}],"curies":[{"name":"wp","href":"https:\/\/api.w.org\/{rel}","templated":true}]}}