{"id":78918,"date":"2022-05-16T16:51:31","date_gmt":"2022-05-16T19:51:31","guid":{"rendered":"https:\/\/radiosolaris.com.br\/beta\/?p=78918"},"modified":"2022-05-16T16:51:35","modified_gmt":"2022-05-16T19:51:35","slug":"casal-e-morto-a-tiros-no-loteamento-campos-da-serra-em-caxias-do-sul","status":"publish","type":"post","link":"https:\/\/radiosolaris.com.br\/beta\/casal-e-morto-a-tiros-no-loteamento-campos-da-serra-em-caxias-do-sul\/","title":{"rendered":"Casal \u00e9 morto a tiros no loteamento Campos da Serra, em Caxias do Sul"},"content":{"rendered":"\n<h4 id=\"eles-foram-identificados-como-fabiano-da-silva-e-dara-natalie-rodrigues-de-souza\" class=\"wp-block-heading\">Eles foram identificados como Fabiano da Silva e Dara Natalie Rodrigues de Souza <\/h4>\n\n\n\n<p>Um homem e uma mulher foram mortos a tiros na manh\u00e3 desta segunda-feira (16) em um apartamento no loteamento Campos da Serra, Zona Leste de Caxias do Sul. A Brigada Militar (BM) foi acionada por volta das 10h at\u00e9 o pr\u00e9dio XII e encontrou o casal j\u00e1 sem vida. Eles foram identificados como Fabiano da Silva, de 36 anos, e Dara Natalie Rodrigues de Souza, de 24.<\/p>\n\n\n\n<p>De acordo com as informa\u00e7\u00f5es divulgadas pela Delegacia de Pol\u00edcia de Homic\u00eddios e Prote\u00e7\u00e3o \u00e0 Pessoa (DPHPP), o homem j\u00e1 possu\u00eda registros por crimes como tr\u00e1fico, associa\u00e7\u00e3o para o tr\u00e1fico, furto, amea\u00e7as, entre outros. Conforme informa\u00e7\u00f5es de vizinhos, o homem teria sa\u00eddo do sistema prisional ainda no m\u00eas de maio.<\/p>\n\n\n\n<p>A suspeita da DPHPP, que j\u00e1 vinha investigando este homem, \u00e9 que ele estaria envolvido com a sequ\u00eancia de homic\u00eddios que v\u00eam ocorrendo na cidade nos \u00faltimos dias. Somente nos primeiros 16 dias de maio, o munic\u00edpio j\u00e1 registrou 11 mortes violentas, sendo que oito delas possuem liga\u00e7\u00e3o pela disputa de duas fac\u00e7\u00f5es pelo tr\u00e1fico de drogas.<\/p>\n","protected":false},"excerpt":{"rendered":"<p>Eles foram identificados como Fabiano da Silva e Dara Natalie Rodrigues de Souza Um homem e uma mulher foram mortos a tiros na manh\u00e3 desta segunda-feira (16) em um apartamento&hellip;<\/p>\n","protected":false},"author":17,"featured_media":75787,"comment_status":"closed","ping_status":"closed","sticky":false,"template":"","format":"standard","meta":{"_lmt_disableupdate":"","_lmt_disable":"","footnotes":""},"categories":[83],"tags":[3148,1865,11439],"powerkit_post_featured":[],"class_list":{"0":"post-78918","1":"post","2":"type-post","3":"status-publish","4":"format-standard","5":"has-post-thumbnail","7":"category-serra-gaucha","8":"tag-execucao","9":"tag-homicidio-2","10":"tag-loteamento-campos-da-serra"},"modified_by":"Igor Panzenhagen","_links":{"self":[{"href":"https:\/\/radiosolaris.com.br\/beta\/wp-json\/wp\/v2\/posts\/78918","targetHints":{"allow":["GET"]}}],"collection":[{"href":"https:\/\/radiosolaris.com.br\/beta\/wp-json\/wp\/v2\/posts"}],"about":[{"href":"https:\/\/radiosolaris.com.br\/beta\/wp-json\/wp\/v2\/types\/post"}],"author":[{"embeddable":true,"href":"https:\/\/radiosolaris.com.br\/beta\/wp-json\/wp\/v2\/users\/17"}],"replies":[{"embeddable":true,"href":"https:\/\/radiosolaris.com.br\/beta\/wp-json\/wp\/v2\/comments?post=78918"}],"version-history":[{"count":0,"href":"https:\/\/radiosolaris.com.br\/beta\/wp-json\/wp\/v2\/posts\/78918\/revisions"}],"wp:featuredmedia":[{"embeddable":true,"href":"https:\/\/radiosolaris.com.br\/beta\/wp-json\/wp\/v2\/media\/75787"}],"wp:attachment":[{"href":"https:\/\/radiosolaris.com.br\/beta\/wp-json\/wp\/v2\/media?parent=78918"}],"wp:term":[{"taxonomy":"category","embeddable":true,"href":"https:\/\/radiosolaris.com.br\/beta\/wp-json\/wp\/v2\/categories?post=78918"},{"taxonomy":"post_tag","embeddable":true,"href":"https:\/\/radiosolaris.com.br\/beta\/wp-json\/wp\/v2\/tags?post=78918"},{"taxonomy":"powerkit_post_featured","embeddable":true,"href":"https:\/\/radiosolaris.com.br\/beta\/wp-json\/wp\/v2\/powerkit_post_featured?post=78918"}],"curies":[{"name":"wp","href":"https:\/\/api.w.org\/{rel}","templated":true}]}}