{"id":78867,"date":"2022-05-16T11:37:23","date_gmt":"2022-05-16T14:37:23","guid":{"rendered":"https:\/\/radiosolaris.com.br\/beta\/?p=78867"},"modified":"2022-05-16T11:37:25","modified_gmt":"2022-05-16T14:37:25","slug":"egr-retoma-obras-na-alca-da-ers-122-com-a-rsc-453-em-caxias-do-sul","status":"publish","type":"post","link":"https:\/\/radiosolaris.com.br\/beta\/egr-retoma-obras-na-alca-da-ers-122-com-a-rsc-453-em-caxias-do-sul\/","title":{"rendered":"EGR retoma obras na al\u00e7a da ERS-122 com a RSC-453, em Caxias do Sul"},"content":{"rendered":"\n<h4 id=\"obra-de-600-metros-devera-durar-quatro-meses-e-conta-com-investimento-de-r-15-milhao\" class=\"wp-block-heading\">Obra de 600 metros dever\u00e1 durar quatro meses e conta com investimento de R$ 1,5 milh\u00e3o<\/h4>\n\n\n\n<p>A chuva e o mal tempo dos \u00faltimos dias impediram a continuidade dos trabalhos na al\u00e7a de acesso no entroncamento da ERS-122 com a RSC-453, em Caxias do Sul. Apesar disso, a Empresa Ga\u00facha de Rodovias (EGR), retomou na \u00faltima semana, as obras no local. O trecho \u00e9 a principal liga\u00e7\u00e3o entre os munic\u00edpios de Flores da Cunha, Ant\u00f4nio Prado e Ip\u00ea a Caxias do Sul e, tamb\u00e9m, para quem segue viagem com destino a Farroupilha, Bento Gon\u00e7alves, Porto Alegre e Regi\u00e3o Metropolitana da Capital.<\/p>\n\n\n\n<p>Ap\u00f3s as novas medi\u00e7\u00f5es topogr\u00e1ficas e a atualiza\u00e7\u00e3o da licen\u00e7a ambiental, as pr\u00f3ximas fases englobam terraplanagem, drenagem, pavimenta\u00e7\u00e3o e sinaliza\u00e7\u00e3o da rodovia. O diretor-presidente da EGR, Luiz Fernando Z\u00e1chia, recorda que a obra de 600 metros, ter\u00e1 dura\u00e7\u00e3o de quatro meses, com investimento em torno de R$ 1,5 milh\u00e3o. \u201cA al\u00e7a de acesso \u00e0 RSC-453 ir\u00e1 melhorar a log\u00edstica de motoristas e caminhoneiros que transportam a economia de uma regi\u00e3o pr\u00f3spera e produtiva\u201d, destacou.<\/p>\n\n\n\n<p><strong>Tr\u00e2nsito<\/strong><br>A EGR informa que n\u00e3o haver\u00e1 a necessidade de paralisa\u00e7\u00e3o no fluxo de ve\u00edculos, mas refor\u00e7a o pedido de aten\u00e7\u00e3o aos motoristas, pois haver\u00e1 movimenta\u00e7\u00e3o de funcion\u00e1rios, m\u00e1quinas e ve\u00edculos de transporte de material no local.<\/p>\n\n\n\n<p><strong>Obras na Regi\u00e3o<br><\/strong>A estatal informa tamb\u00e9m que, a partir desta segunda-feira (16), executa obras e interven\u00e7\u00f5es que contemplam manuten\u00e7\u00e3o do pavimento, reparos localizados, ro\u00e7ada e limpeza em rodovias da Serra Ga\u00facha.<\/p>\n\n\n\n<figure class=\"wp-block-gallery has-nested-images columns-default is-cropped wp-block-gallery-1 is-layout-flex wp-block-gallery-is-layout-flex\">\n<figure class=\"wp-block-image size-large\"><a href=\"https:\/\/radiosolaris.com.br\/beta\/wp-content\/uploads\/2022\/05\/EGR-retoma-obras-na-alca-da-ERS-122-com-a-RSC-453-em-Caxias-do-Sul.png\"><img  loading=\"lazy\"  decoding=\"async\"  width=\"800\"  height=\"555\"  data-id=\"78868\"  src=\"data:image\/png;base64,iVBORw0KGgoAAAANSUhEUgAAAAEAAAABAQMAAAAl21bKAAAAA1BMVEUAAP+KeNJXAAAAAXRSTlMAQObYZgAAAAlwSFlzAAAOxAAADsQBlSsOGwAAAApJREFUCNdjYAAAAAIAAeIhvDMAAAAASUVORK5CYII=\"  alt=\"\"  class=\"wp-image-78868 pk-lazyload\"  data-pk-sizes=\"auto\"  data-ls-sizes=\"auto, (max-width: 800px) 100vw, 800px\"  data-pk-src=\"https:\/\/radiosolaris.com.br\/beta\/wp-content\/uploads\/2022\/05\/EGR-retoma-obras-na-alca-da-ERS-122-com-a-RSC-453-em-Caxias-do-Sul.png\"  data-pk-srcset=\"https:\/\/radiosolaris.com.br\/beta\/wp-content\/uploads\/2022\/05\/EGR-retoma-obras-na-alca-da-ERS-122-com-a-RSC-453-em-Caxias-do-Sul.png 800w, https:\/\/radiosolaris.com.br\/beta\/wp-content\/uploads\/2022\/05\/EGR-retoma-obras-na-alca-da-ERS-122-com-a-RSC-453-em-Caxias-do-Sul-300x208.png 300w, https:\/\/radiosolaris.com.br\/beta\/wp-content\/uploads\/2022\/05\/EGR-retoma-obras-na-alca-da-ERS-122-com-a-RSC-453-em-Caxias-do-Sul-768x533.png 768w\" ><\/a><\/figure>\n<figcaption class=\"blocks-gallery-caption\">Foto: Antonio Maciel<\/figcaption><\/figure>\n","protected":false},"excerpt":{"rendered":"<p>Obra de 600 metros dever\u00e1 durar quatro meses e conta com investimento de R$ 1,5 milh\u00e3o A chuva e o mal tempo dos \u00faltimos dias impediram a continuidade dos trabalhos&hellip;<\/p>\n","protected":false},"author":13,"featured_media":78869,"comment_status":"closed","ping_status":"closed","sticky":false,"template":"","format":"standard","meta":{"_lmt_disableupdate":"","_lmt_disable":"","footnotes":""},"categories":[83],"tags":[11425,143,148,522,114,116,691,2626,992,283],"powerkit_post_featured":[],"class_list":{"0":"post-78867","1":"post","2":"type-post","3":"status-publish","4":"format-standard","5":"has-post-thumbnail","7":"category-serra-gaucha","8":"tag-alca-de-acesso","9":"tag-antonio-prado","10":"tag-caxias-do-sul","11":"tag-ers-122-2","12":"tag-flores-da-cunha","13":"tag-ipe","14":"tag-obras","15":"tag-rsc-453","16":"tag-serra","17":"tag-serra-gaucha"},"modified_by":"Filipe Brogliatto","_links":{"self":[{"href":"https:\/\/radiosolaris.com.br\/beta\/wp-json\/wp\/v2\/posts\/78867","targetHints":{"allow":["GET"]}}],"collection":[{"href":"https:\/\/radiosolaris.com.br\/beta\/wp-json\/wp\/v2\/posts"}],"about":[{"href":"https:\/\/radiosolaris.com.br\/beta\/wp-json\/wp\/v2\/types\/post"}],"author":[{"embeddable":true,"href":"https:\/\/radiosolaris.com.br\/beta\/wp-json\/wp\/v2\/users\/13"}],"replies":[{"embeddable":true,"href":"https:\/\/radiosolaris.com.br\/beta\/wp-json\/wp\/v2\/comments?post=78867"}],"version-history":[{"count":0,"href":"https:\/\/radiosolaris.com.br\/beta\/wp-json\/wp\/v2\/posts\/78867\/revisions"}],"wp:featuredmedia":[{"embeddable":true,"href":"https:\/\/radiosolaris.com.br\/beta\/wp-json\/wp\/v2\/media\/78869"}],"wp:attachment":[{"href":"https:\/\/radiosolaris.com.br\/beta\/wp-json\/wp\/v2\/media?parent=78867"}],"wp:term":[{"taxonomy":"category","embeddable":true,"href":"https:\/\/radiosolaris.com.br\/beta\/wp-json\/wp\/v2\/categories?post=78867"},{"taxonomy":"post_tag","embeddable":true,"href":"https:\/\/radiosolaris.com.br\/beta\/wp-json\/wp\/v2\/tags?post=78867"},{"taxonomy":"powerkit_post_featured","embeddable":true,"href":"https:\/\/radiosolaris.com.br\/beta\/wp-json\/wp\/v2\/powerkit_post_featured?post=78867"}],"curies":[{"name":"wp","href":"https:\/\/api.w.org\/{rel}","templated":true}]}}