{"id":78639,"date":"2022-05-12T20:02:25","date_gmt":"2022-05-12T23:02:25","guid":{"rendered":"https:\/\/radiosolaris.com.br\/beta\/?p=78639"},"modified":"2022-05-12T23:57:59","modified_gmt":"2022-05-13T02:57:59","slug":"adolescentes-sao-flagrados-fazendo-pichacoes-no-loteamento-villa-romana-em-flores-da-cunha","status":"publish","type":"post","link":"https:\/\/radiosolaris.com.br\/beta\/adolescentes-sao-flagrados-fazendo-pichacoes-no-loteamento-villa-romana-em-flores-da-cunha\/","title":{"rendered":"Adolescentes s\u00e3o flagrados fazendo picha\u00e7\u00f5es no loteamento Villa Romana, em Flores da Cunha"},"content":{"rendered":"\n<h4 id=\"o-conselho-tutelar-foi-acionado\" class=\"wp-block-heading\">O Conselho Tutelar foi acionado<\/h4>\n\n\n\n<p>Dois adolescentes, de 15 e 16 anos, foram flagrados por moradores do loteamento Villa Romana, em Flores da Cunha, fazendo picha\u00e7\u00f5es com caneta permanente em um banco em espa\u00e7o p\u00fablico, na tarde desta quinta-feira (12). A Brigada Militar (BM) entrou em contato com o Conselho Tutelar que compareceu at\u00e9 o local da ocorr\u00eancia.<\/p>\n\n\n\n<p>Os dois menores foram conduzidos at\u00e9 a Delegacia de Pol\u00edcia, acompanhados pelo Conselho, para fazer o Boletim de Ocorr\u00eancia (BO). Na sequ\u00eancia eles foram liberados.<\/p>\n\n\n\n<figure class=\"wp-block-gallery has-nested-images columns-default is-cropped wp-block-gallery-1 is-layout-flex wp-block-gallery-is-layout-flex\">\n<figure class=\"wp-block-image size-large\"><a href=\"https:\/\/radiosolaris.com.br\/beta\/wp-content\/uploads\/2022\/05\/WhatsApp-Image-2022-05-12-at-19.50.51.jpeg\"><img  loading=\"lazy\"  decoding=\"async\"  width=\"576\"  height=\"484\"  data-id=\"78640\"  src=\"data:image\/png;base64,iVBORw0KGgoAAAANSUhEUgAAAAEAAAABAQMAAAAl21bKAAAAA1BMVEUAAP+KeNJXAAAAAXRSTlMAQObYZgAAAAlwSFlzAAAOxAAADsQBlSsOGwAAAApJREFUCNdjYAAAAAIAAeIhvDMAAAAASUVORK5CYII=\"  alt=\"\"  class=\"wp-image-78640 pk-lazyload\"  data-pk-sizes=\"auto\"  data-ls-sizes=\"auto, (max-width: 576px) 100vw, 576px\"  data-pk-src=\"https:\/\/radiosolaris.com.br\/beta\/wp-content\/uploads\/2022\/05\/WhatsApp-Image-2022-05-12-at-19.50.51.jpeg\"  data-pk-srcset=\"https:\/\/radiosolaris.com.br\/beta\/wp-content\/uploads\/2022\/05\/WhatsApp-Image-2022-05-12-at-19.50.51.jpeg 576w, https:\/\/radiosolaris.com.br\/beta\/wp-content\/uploads\/2022\/05\/WhatsApp-Image-2022-05-12-at-19.50.51-300x252.jpeg 300w\" ><\/a><\/figure>\n<figcaption class=\"blocks-gallery-caption\">Foto: BM<\/figcaption><\/figure>\n","protected":false},"excerpt":{"rendered":"<p>O Conselho Tutelar foi acionado Dois adolescentes, de 15 e 16 anos, foram flagrados por moradores do loteamento Villa Romana, em Flores da Cunha, fazendo picha\u00e7\u00f5es com caneta permanente em&hellip;<\/p>\n","protected":false},"author":17,"featured_media":78640,"comment_status":"closed","ping_status":"closed","sticky":false,"template":"","format":"standard","meta":{"_lmt_disableupdate":"","_lmt_disable":"","footnotes":""},"categories":[1],"tags":[114,7269,10414,283],"powerkit_post_featured":[],"class_list":{"0":"post-78639","1":"post","2":"type-post","3":"status-publish","4":"format-standard","5":"has-post-thumbnail","7":"category-geral","8":"tag-flores-da-cunha","9":"tag-loteamento-villa-romana","10":"tag-pichacao","11":"tag-serra-gaucha"},"modified_by":"Igor Panzenhagen","_links":{"self":[{"href":"https:\/\/radiosolaris.com.br\/beta\/wp-json\/wp\/v2\/posts\/78639","targetHints":{"allow":["GET"]}}],"collection":[{"href":"https:\/\/radiosolaris.com.br\/beta\/wp-json\/wp\/v2\/posts"}],"about":[{"href":"https:\/\/radiosolaris.com.br\/beta\/wp-json\/wp\/v2\/types\/post"}],"author":[{"embeddable":true,"href":"https:\/\/radiosolaris.com.br\/beta\/wp-json\/wp\/v2\/users\/17"}],"replies":[{"embeddable":true,"href":"https:\/\/radiosolaris.com.br\/beta\/wp-json\/wp\/v2\/comments?post=78639"}],"version-history":[{"count":0,"href":"https:\/\/radiosolaris.com.br\/beta\/wp-json\/wp\/v2\/posts\/78639\/revisions"}],"wp:featuredmedia":[{"embeddable":true,"href":"https:\/\/radiosolaris.com.br\/beta\/wp-json\/wp\/v2\/media\/78640"}],"wp:attachment":[{"href":"https:\/\/radiosolaris.com.br\/beta\/wp-json\/wp\/v2\/media?parent=78639"}],"wp:term":[{"taxonomy":"category","embeddable":true,"href":"https:\/\/radiosolaris.com.br\/beta\/wp-json\/wp\/v2\/categories?post=78639"},{"taxonomy":"post_tag","embeddable":true,"href":"https:\/\/radiosolaris.com.br\/beta\/wp-json\/wp\/v2\/tags?post=78639"},{"taxonomy":"powerkit_post_featured","embeddable":true,"href":"https:\/\/radiosolaris.com.br\/beta\/wp-json\/wp\/v2\/powerkit_post_featured?post=78639"}],"curies":[{"name":"wp","href":"https:\/\/api.w.org\/{rel}","templated":true}]}}