{"id":78323,"date":"2022-05-09T15:18:03","date_gmt":"2022-05-09T18:18:03","guid":{"rendered":"https:\/\/radiosolaris.com.br\/beta\/?p=78323"},"modified":"2022-05-09T15:18:05","modified_gmt":"2022-05-09T18:18:05","slug":"radio-solaris-fm-99-1-realiza-jantar-e-baile-dos-namorados","status":"publish","type":"post","link":"https:\/\/radiosolaris.com.br\/beta\/radio-solaris-fm-99-1-realiza-jantar-e-baile-dos-namorados\/","title":{"rendered":"R\u00e1dio Solaris FM 99.1 realiza Jantar e Baile dos Namorados"},"content":{"rendered":"\n<h4 id=\"evento-ocorre-no-dia-11-de-junho-no-salao-de-festas-zuppa-em-flores-da-cunha\" class=\"wp-block-heading\">Evento ocorre no dia 11 de junho, no Sal\u00e3o de Festas Zuppa em Flores da Cunha<\/h4>\n\n\n\n<p>Ap\u00f3s dois anos suspenso em virtude da pandemia da Covid-19, a Solaris FM 99.1 volta a realizar o tradicional Jantar e Baile dos Namorados. O evento organizado pela equipe emissora vai ocorrer no s\u00e1bado, dia 11 de junho, v\u00e9spera do dia dos namorados, no Sal\u00e3o de Festas Zuppa, em Nova Roma de Flores da Cunha (Estrada Municipal Ant\u00f4nio Soldatelli, n\u00famero 100).<\/p>\n\n\n\n<p>No card\u00e1pio, os presentes poder\u00e3o saborear massa com lingui\u00e7a, galeto, carne de porco, queijo e polenta frita, maionese, salada verde, p\u00e3o, vinho e refrigerante, al\u00e9m do sagu com creme. Al\u00e9m da tradicional com comida caseira do Chico Zuppa, o evento ter\u00e1 baile animado por Ytamar Gomes e Grupo Est\u00e2ncia, grandes nomes da m\u00fasica tradicionalista.<\/p>\n\n\n\n<p>De acordo com a coordenadora administrativa r\u00e1dio, J\u00e9ssica Sotoriva, esse \u00e9 um momento especial e de reencontro com os ouvintes. \u201cEst\u00e1vamos com saudade, muito ansiosos e com vontade de realizar os nossos tradicionais eventos. A gente sentiu muita falta da presen\u00e7a calorosa e amig\u00e1vel de tantos amigos nesses dois anos\u201d, destaca ela.<\/p>\n\n\n\n<p>A Fam\u00edlia Solaris promete uma noite muito incr\u00edvel e superespecial para os ouvintes. \u201cA comida sempre \u00e9 muito saborosa e temos certeza que todos v\u00e3o aprovar. Nosso diferencial tamb\u00e9m \u00e9 a intera\u00e7\u00e3o dos comunicadores com os ouvintes e isso, com certeza n\u00f3s vamos manter porque as pessoas gostam muito dessa proximidade\u201d, destaca ainda J\u00e9ssica.<\/p>\n\n\n\n<p>O evento \u00e9 uma realiza\u00e7\u00e3o da R\u00e1dio Solaris FM 99.1 em parceria com o Restaurante e Sal\u00e3o de Festas Zuppa. Informa\u00e7\u00f5es e reservas de ingressos pelo (54) 3292-5747. \u00a0<\/p>\n","protected":false},"excerpt":{"rendered":"<p>Evento ocorre no dia 11 de junho, no Sal\u00e3o de Festas Zuppa em Flores da Cunha Ap\u00f3s dois anos suspenso em virtude da pandemia da Covid-19, a Solaris FM 99.1&hellip;<\/p>\n","protected":false},"author":13,"featured_media":78324,"comment_status":"closed","ping_status":"closed","sticky":false,"template":"","format":"standard","meta":{"_lmt_disableupdate":"","_lmt_disable":"","footnotes":""},"categories":[83],"tags":[4579,114,11299,11298,3182,11300,283],"powerkit_post_featured":[],"class_list":{"0":"post-78323","1":"post","2":"type-post","3":"status-publish","4":"format-standard","5":"has-post-thumbnail","7":"category-serra-gaucha","8":"tag-evento","9":"tag-flores-da-cunha","10":"tag-jantar-dia-dos-namorados","11":"tag-jantar-e-baile-dos-namorados","12":"tag-radio-solaris-fm-99-1","13":"tag-restaurante-e-salao-de-festas-zuppa","14":"tag-serra-gaucha"},"modified_by":"Filipe Brogliatto","_links":{"self":[{"href":"https:\/\/radiosolaris.com.br\/beta\/wp-json\/wp\/v2\/posts\/78323","targetHints":{"allow":["GET"]}}],"collection":[{"href":"https:\/\/radiosolaris.com.br\/beta\/wp-json\/wp\/v2\/posts"}],"about":[{"href":"https:\/\/radiosolaris.com.br\/beta\/wp-json\/wp\/v2\/types\/post"}],"author":[{"embeddable":true,"href":"https:\/\/radiosolaris.com.br\/beta\/wp-json\/wp\/v2\/users\/13"}],"replies":[{"embeddable":true,"href":"https:\/\/radiosolaris.com.br\/beta\/wp-json\/wp\/v2\/comments?post=78323"}],"version-history":[{"count":0,"href":"https:\/\/radiosolaris.com.br\/beta\/wp-json\/wp\/v2\/posts\/78323\/revisions"}],"wp:featuredmedia":[{"embeddable":true,"href":"https:\/\/radiosolaris.com.br\/beta\/wp-json\/wp\/v2\/media\/78324"}],"wp:attachment":[{"href":"https:\/\/radiosolaris.com.br\/beta\/wp-json\/wp\/v2\/media?parent=78323"}],"wp:term":[{"taxonomy":"category","embeddable":true,"href":"https:\/\/radiosolaris.com.br\/beta\/wp-json\/wp\/v2\/categories?post=78323"},{"taxonomy":"post_tag","embeddable":true,"href":"https:\/\/radiosolaris.com.br\/beta\/wp-json\/wp\/v2\/tags?post=78323"},{"taxonomy":"powerkit_post_featured","embeddable":true,"href":"https:\/\/radiosolaris.com.br\/beta\/wp-json\/wp\/v2\/powerkit_post_featured?post=78323"}],"curies":[{"name":"wp","href":"https:\/\/api.w.org\/{rel}","templated":true}]}}