{"id":78152,"date":"2022-05-06T15:38:29","date_gmt":"2022-05-06T18:38:29","guid":{"rendered":"https:\/\/radiosolaris.com.br\/beta\/?p=78152"},"modified":"2022-05-06T15:41:12","modified_gmt":"2022-05-06T18:41:12","slug":"incendio-atinge-residencia-de-antonio-prado","status":"publish","type":"post","link":"https:\/\/radiosolaris.com.br\/beta\/incendio-atinge-residencia-de-antonio-prado\/","title":{"rendered":"Inc\u00eandio atinge resid\u00eancia de Ant\u00f4nio Prado"},"content":{"rendered":"\n<h4 id=\"o-fogo-logo-foi-controlado-pelo-corpo-de-bombeiros-voluntarios-de-antonio-prado\" class=\"wp-block-heading\">O fogo logo foi controlado pelo Corpo de Bombeiros Volunt\u00e1rios de Ant\u00f4nio Prado<\/h4>\n\n\n\n<p>Na tarde desta sexta-feira (06), por volta das 14h30min o Corpo de Bombeiros Volunt\u00e1rios de Ant\u00f4nio Prado foi acionado para combater um inc\u00eandio que acontecia e uma resid\u00eancia localizada na rua Carlos Teles, 70, em Ant\u00f4nio Prado, pr\u00f3ximo a gruta. Os bombeiros prontamente iniciaram a opera\u00e7\u00e3o de combate as chamas que atingia a um dos quartos do segundo andar da casa de tr\u00eas pisos.<\/p>\n\n\n\n<p>A causa das chamas foi um curto circuito em um celular que se encontrava carregando no quarto. O c\u00f4modo foi o \u00fanico afetado pelas chamas devido a pronta atividade dos bombeiros locais, fazendo com que o restante da casa foi apenas atingido pela fuma\u00e7a.<\/p>\n\n\n\n<p>Ningu\u00e9m da fam\u00edlia se feriu com as chamas que causaram apenas danos materiais.<\/p>\n\n\n\n<p>Durante a opera\u00e7\u00e3o de combate as chamas ouve o resgate de um gato de estima\u00e7\u00e3o da fam\u00edlia, que se encontrava no terceiro andar da casa.<\/p>\n\n\n\n<figure class=\"wp-block-gallery has-nested-images columns-default is-cropped wp-block-gallery-1 is-layout-flex wp-block-gallery-is-layout-flex\">\n<figure class=\"wp-block-image size-large\"><img  loading=\"lazy\"  decoding=\"async\"  width=\"1024\"  height=\"683\"  data-id=\"78164\"  src=\"data:image\/png;base64,iVBORw0KGgoAAAANSUhEUgAAAAEAAAABAQMAAAAl21bKAAAAA1BMVEUAAP+KeNJXAAAAAXRSTlMAQObYZgAAAAlwSFlzAAAOxAAADsQBlSsOGwAAAApJREFUCNdjYAAAAAIAAeIhvDMAAAAASUVORK5CYII=\"  alt=\"\"  class=\"wp-image-78164 pk-lazyload\"  data-pk-sizes=\"auto\"  data-ls-sizes=\"auto, (max-width: 1024px) 100vw, 1024px\"  data-pk-src=\"https:\/\/radiosolaris.com.br\/beta\/wp-content\/uploads\/2022\/05\/IMG_7557-1-1024x683.jpg\"  data-pk-srcset=\"https:\/\/radiosolaris.com.br\/beta\/wp-content\/uploads\/2022\/05\/IMG_7557-1-1024x683.jpg 1024w, https:\/\/radiosolaris.com.br\/beta\/wp-content\/uploads\/2022\/05\/IMG_7557-1-300x200.jpg 300w, https:\/\/radiosolaris.com.br\/beta\/wp-content\/uploads\/2022\/05\/IMG_7557-1-768x512.jpg 768w, https:\/\/radiosolaris.com.br\/beta\/wp-content\/uploads\/2022\/05\/IMG_7557-1.jpg 1280w\" ><\/figure>\n\n\n\n<figure class=\"wp-block-image size-large\"><img  loading=\"lazy\"  decoding=\"async\"  width=\"683\"  height=\"1024\"  data-id=\"78165\"  src=\"data:image\/png;base64,iVBORw0KGgoAAAANSUhEUgAAAAEAAAABAQMAAAAl21bKAAAAA1BMVEUAAP+KeNJXAAAAAXRSTlMAQObYZgAAAAlwSFlzAAAOxAAADsQBlSsOGwAAAApJREFUCNdjYAAAAAIAAeIhvDMAAAAASUVORK5CYII=\"  alt=\"\"  class=\"wp-image-78165 pk-lazyload\"  data-pk-sizes=\"auto\"  data-ls-sizes=\"auto, (max-width: 683px) 100vw, 683px\"  data-pk-src=\"https:\/\/radiosolaris.com.br\/beta\/wp-content\/uploads\/2022\/05\/IMG_7596-1-683x1024.jpg\"  data-pk-srcset=\"https:\/\/radiosolaris.com.br\/beta\/wp-content\/uploads\/2022\/05\/IMG_7596-1-683x1024.jpg 683w, https:\/\/radiosolaris.com.br\/beta\/wp-content\/uploads\/2022\/05\/IMG_7596-1-200x300.jpg 200w, https:\/\/radiosolaris.com.br\/beta\/wp-content\/uploads\/2022\/05\/IMG_7596-1-768x1152.jpg 768w, https:\/\/radiosolaris.com.br\/beta\/wp-content\/uploads\/2022\/05\/IMG_7596-1-rotated.jpg 3456w\" ><\/figure>\n\n\n\n<figure class=\"wp-block-image size-large\"><img  decoding=\"async\"  data-id=\"78166\"  src=\"data:image\/png;base64,iVBORw0KGgoAAAANSUhEUgAAAAEAAAABAQMAAAAl21bKAAAAA1BMVEUAAP+KeNJXAAAAAXRSTlMAQObYZgAAAAlwSFlzAAAOxAAADsQBlSsOGwAAAApJREFUCNdjYAAAAAIAAeIhvDMAAAAASUVORK5CYII=\"  alt=\"\"  class=\"wp-image-78166 pk-lazyload\"  data-pk-sizes=\"auto\"  data-pk-src=\"https:\/\/radiosolaris.com.br\/beta\/wp-content\/uploads\/2022\/05\/IMG_7600-1024x683.jpg\" ><\/figure>\n\n\n\n<figure class=\"wp-block-image size-large\"><img  loading=\"lazy\"  decoding=\"async\"  width=\"1024\"  height=\"683\"  data-id=\"78169\"  src=\"data:image\/png;base64,iVBORw0KGgoAAAANSUhEUgAAAAEAAAABAQMAAAAl21bKAAAAA1BMVEUAAP+KeNJXAAAAAXRSTlMAQObYZgAAAAlwSFlzAAAOxAAADsQBlSsOGwAAAApJREFUCNdjYAAAAAIAAeIhvDMAAAAASUVORK5CYII=\"  alt=\"\"  class=\"wp-image-78169 pk-lazyload\"  data-pk-sizes=\"auto\"  data-ls-sizes=\"auto, (max-width: 1024px) 100vw, 1024px\"  data-pk-src=\"https:\/\/radiosolaris.com.br\/beta\/wp-content\/uploads\/2022\/05\/IMG_7624-1024x683.jpg\"  data-pk-srcset=\"https:\/\/radiosolaris.com.br\/beta\/wp-content\/uploads\/2022\/05\/IMG_7624-1024x683.jpg 1024w, https:\/\/radiosolaris.com.br\/beta\/wp-content\/uploads\/2022\/05\/IMG_7624-300x200.jpg 300w, https:\/\/radiosolaris.com.br\/beta\/wp-content\/uploads\/2022\/05\/IMG_7624-768x512.jpg 768w\" ><\/figure>\n\n\n\n<figure class=\"wp-block-image size-large\"><img  decoding=\"async\"  data-id=\"78153\"  src=\"data:image\/png;base64,iVBORw0KGgoAAAANSUhEUgAAAAEAAAABAQMAAAAl21bKAAAAA1BMVEUAAP+KeNJXAAAAAXRSTlMAQObYZgAAAAlwSFlzAAAOxAAADsQBlSsOGwAAAApJREFUCNdjYAAAAAIAAeIhvDMAAAAASUVORK5CYII=\"  alt=\"\"  class=\"wp-image-78153 pk-lazyload\"  data-pk-sizes=\"auto\"  data-pk-src=\"https:\/\/radiosolaris.com.br\/beta\/wp-content\/uploads\/2022\/05\/IMG_7609-683x1024.jpg\" ><\/figure>\n\n\n\n<figure class=\"wp-block-image size-large\"><img  decoding=\"async\"  data-id=\"78168\"  src=\"data:image\/png;base64,iVBORw0KGgoAAAANSUhEUgAAAAEAAAABAQMAAAAl21bKAAAAA1BMVEUAAP+KeNJXAAAAAXRSTlMAQObYZgAAAAlwSFlzAAAOxAAADsQBlSsOGwAAAApJREFUCNdjYAAAAAIAAeIhvDMAAAAASUVORK5CYII=\"  alt=\"\"  class=\"wp-image-78168 pk-lazyload\"  data-pk-sizes=\"auto\"  data-pk-src=\"https:\/\/radiosolaris.com.br\/beta\/wp-content\/uploads\/2022\/05\/IMG_7610-1-683x1024.jpg\" ><\/figure>\n\n\n\n<figure class=\"wp-block-image size-large\"><img  decoding=\"async\"  data-id=\"78170\"  src=\"data:image\/png;base64,iVBORw0KGgoAAAANSUhEUgAAAAEAAAABAQMAAAAl21bKAAAAA1BMVEUAAP+KeNJXAAAAAXRSTlMAQObYZgAAAAlwSFlzAAAOxAAADsQBlSsOGwAAAApJREFUCNdjYAAAAAIAAeIhvDMAAAAASUVORK5CYII=\"  alt=\"\"  class=\"wp-image-78170 pk-lazyload\"  data-pk-sizes=\"auto\"  data-pk-src=\"https:\/\/radiosolaris.com.br\/beta\/wp-content\/uploads\/2022\/05\/IMG_7620-1024x683.jpg\" ><\/figure>\n\n\n\n<figure class=\"wp-block-image size-large\"><img  loading=\"lazy\"  decoding=\"async\"  width=\"1024\"  height=\"683\"  data-id=\"78171\"  src=\"data:image\/png;base64,iVBORw0KGgoAAAANSUhEUgAAAAEAAAABAQMAAAAl21bKAAAAA1BMVEUAAP+KeNJXAAAAAXRSTlMAQObYZgAAAAlwSFlzAAAOxAAADsQBlSsOGwAAAApJREFUCNdjYAAAAAIAAeIhvDMAAAAASUVORK5CYII=\"  alt=\"\"  class=\"wp-image-78171 pk-lazyload\"  data-pk-sizes=\"auto\"  data-ls-sizes=\"auto, (max-width: 1024px) 100vw, 1024px\"  data-pk-src=\"https:\/\/radiosolaris.com.br\/beta\/wp-content\/uploads\/2022\/05\/IMG_7632-1024x683.jpg\"  data-pk-srcset=\"https:\/\/radiosolaris.com.br\/beta\/wp-content\/uploads\/2022\/05\/IMG_7632-1024x683.jpg 1024w, https:\/\/radiosolaris.com.br\/beta\/wp-content\/uploads\/2022\/05\/IMG_7632-300x200.jpg 300w, https:\/\/radiosolaris.com.br\/beta\/wp-content\/uploads\/2022\/05\/IMG_7632-768x512.jpg 768w, https:\/\/radiosolaris.com.br\/beta\/wp-content\/uploads\/2022\/05\/IMG_7632.jpg 1280w\" ><\/figure>\n<\/figure>\n","protected":false},"excerpt":{"rendered":"<p>O fogo logo foi controlado pelo Corpo de Bombeiros Volunt\u00e1rios de Ant\u00f4nio Prado Na tarde desta sexta-feira (06), por volta das 14h30min o Corpo de Bombeiros Volunt\u00e1rios de Ant\u00f4nio Prado&hellip;<\/p>\n","protected":false},"author":20,"featured_media":78159,"comment_status":"closed","ping_status":"closed","sticky":false,"template":"","format":"standard","meta":{"_lmt_disableupdate":"","_lmt_disable":"","footnotes":""},"categories":[1],"tags":[159,500],"powerkit_post_featured":[],"class_list":{"0":"post-78152","1":"post","2":"type-post","3":"status-publish","4":"format-standard","5":"has-post-thumbnail","7":"category-geral","8":"tag-bombeiros","9":"tag-bombeiros-voluntarios"},"modified_by":"Gustavo Zanotto","_links":{"self":[{"href":"https:\/\/radiosolaris.com.br\/beta\/wp-json\/wp\/v2\/posts\/78152","targetHints":{"allow":["GET"]}}],"collection":[{"href":"https:\/\/radiosolaris.com.br\/beta\/wp-json\/wp\/v2\/posts"}],"about":[{"href":"https:\/\/radiosolaris.com.br\/beta\/wp-json\/wp\/v2\/types\/post"}],"author":[{"embeddable":true,"href":"https:\/\/radiosolaris.com.br\/beta\/wp-json\/wp\/v2\/users\/20"}],"replies":[{"embeddable":true,"href":"https:\/\/radiosolaris.com.br\/beta\/wp-json\/wp\/v2\/comments?post=78152"}],"version-history":[{"count":0,"href":"https:\/\/radiosolaris.com.br\/beta\/wp-json\/wp\/v2\/posts\/78152\/revisions"}],"wp:featuredmedia":[{"embeddable":true,"href":"https:\/\/radiosolaris.com.br\/beta\/wp-json\/wp\/v2\/media\/78159"}],"wp:attachment":[{"href":"https:\/\/radiosolaris.com.br\/beta\/wp-json\/wp\/v2\/media?parent=78152"}],"wp:term":[{"taxonomy":"category","embeddable":true,"href":"https:\/\/radiosolaris.com.br\/beta\/wp-json\/wp\/v2\/categories?post=78152"},{"taxonomy":"post_tag","embeddable":true,"href":"https:\/\/radiosolaris.com.br\/beta\/wp-json\/wp\/v2\/tags?post=78152"},{"taxonomy":"powerkit_post_featured","embeddable":true,"href":"https:\/\/radiosolaris.com.br\/beta\/wp-json\/wp\/v2\/powerkit_post_featured?post=78152"}],"curies":[{"name":"wp","href":"https:\/\/api.w.org\/{rel}","templated":true}]}}