{"id":78068,"date":"2022-05-05T16:45:22","date_gmt":"2022-05-05T19:45:22","guid":{"rendered":"https:\/\/radiosolaris.com.br\/beta\/?p=78068"},"modified":"2022-05-05T16:47:08","modified_gmt":"2022-05-05T19:47:08","slug":"programa-avancar-rs-libera-recursos-para-abertura-de-acudes","status":"publish","type":"post","link":"https:\/\/radiosolaris.com.br\/beta\/programa-avancar-rs-libera-recursos-para-abertura-de-acudes\/","title":{"rendered":"Programa Avan\u00e7ar RS libera recursos para abertura de a\u00e7udes em Campestre da Serra"},"content":{"rendered":"\n<h4 id=\"ao-todo-serao-abertos-12-acudes-no-interior-do-municipio\" class=\"wp-block-heading\">Ao todo ser\u00e3o abertos 12 a\u00e7udes no interior do munic\u00edpio<\/h4>\n\n\n\n<p>A administra\u00e7\u00e3o de Campestre da Serra est\u00e1 finalizando a contrata\u00e7\u00e3o com o Governo do Estado para a abertura das 12 a\u00e7udes disponibilizadas a partir do programa Avan\u00e7ar na Agropecu\u00e1ria e Desenvolvimento Rural. Os recursos liberados foram de R$ 104 mil.<\/p>\n\n\n\n<p>O Avan\u00e7ar na Agropecu\u00e1ria e no Desenvolvimento Rural &#8211; Eixo Estrat\u00e9gico Irriga + RS na modalidade a\u00e7udes tem como objetivo apoiar a constru\u00e7\u00e3o de estruturas de reserva de \u00e1gua, para a expans\u00e3o da pr\u00e1tica da irriga\u00e7\u00e3o entre os agricultores e pecuaristas almejando estabilidade nas suas produ\u00e7\u00f5es frente aos recorrentes quadros de estiagens que ocorrem no Estado.<\/p>\n\n\n\n<p>Os produtores rurais que ser\u00e3o beneficiados s\u00e3o das localidades de S\u00e3o Manoel, capela S\u00e3o Paulo, capela Nossa Senhora das Gra\u00e7as e S\u00e3o Roque.<\/p>\n\n\n\n<p>Fonte: Prefeitura de Campestre da Serra e GOV RS<\/p>\n","protected":false},"excerpt":{"rendered":"<p>Ao todo ser\u00e3o abertos 12 a\u00e7udes no interior do munic\u00edpio A administra\u00e7\u00e3o de Campestre da Serra est\u00e1 finalizando a contrata\u00e7\u00e3o com o Governo do Estado para a abertura das 12&hellip;<\/p>\n","protected":false},"author":20,"featured_media":78069,"comment_status":"closed","ping_status":"closed","sticky":false,"template":"","format":"standard","meta":{"_lmt_disableupdate":"","_lmt_disable":"","footnotes":""},"categories":[1],"tags":[9779,11236,386,197],"powerkit_post_featured":[],"class_list":{"0":"post-78068","1":"post","2":"type-post","3":"status-publish","4":"format-standard","5":"has-post-thumbnail","7":"category-geral","8":"tag-acudes","9":"tag-avancar-rs","10":"tag-campestre-da-serra","11":"tag-rs"},"modified_by":"Gustavo Zanotto","_links":{"self":[{"href":"https:\/\/radiosolaris.com.br\/beta\/wp-json\/wp\/v2\/posts\/78068","targetHints":{"allow":["GET"]}}],"collection":[{"href":"https:\/\/radiosolaris.com.br\/beta\/wp-json\/wp\/v2\/posts"}],"about":[{"href":"https:\/\/radiosolaris.com.br\/beta\/wp-json\/wp\/v2\/types\/post"}],"author":[{"embeddable":true,"href":"https:\/\/radiosolaris.com.br\/beta\/wp-json\/wp\/v2\/users\/20"}],"replies":[{"embeddable":true,"href":"https:\/\/radiosolaris.com.br\/beta\/wp-json\/wp\/v2\/comments?post=78068"}],"version-history":[{"count":0,"href":"https:\/\/radiosolaris.com.br\/beta\/wp-json\/wp\/v2\/posts\/78068\/revisions"}],"wp:featuredmedia":[{"embeddable":true,"href":"https:\/\/radiosolaris.com.br\/beta\/wp-json\/wp\/v2\/media\/78069"}],"wp:attachment":[{"href":"https:\/\/radiosolaris.com.br\/beta\/wp-json\/wp\/v2\/media?parent=78068"}],"wp:term":[{"taxonomy":"category","embeddable":true,"href":"https:\/\/radiosolaris.com.br\/beta\/wp-json\/wp\/v2\/categories?post=78068"},{"taxonomy":"post_tag","embeddable":true,"href":"https:\/\/radiosolaris.com.br\/beta\/wp-json\/wp\/v2\/tags?post=78068"},{"taxonomy":"powerkit_post_featured","embeddable":true,"href":"https:\/\/radiosolaris.com.br\/beta\/wp-json\/wp\/v2\/powerkit_post_featured?post=78068"}],"curies":[{"name":"wp","href":"https:\/\/api.w.org\/{rel}","templated":true}]}}