{"id":78048,"date":"2022-05-05T15:59:05","date_gmt":"2022-05-05T18:59:05","guid":{"rendered":"https:\/\/radiosolaris.com.br\/beta\/?p=78048"},"modified":"2022-05-05T15:59:10","modified_gmt":"2022-05-05T18:59:10","slug":"dois-homens-sao-presos-com-arma-de-fogo-furtada-no-bairro-cruzeiro-em-caxias-do-sul","status":"publish","type":"post","link":"https:\/\/radiosolaris.com.br\/beta\/dois-homens-sao-presos-com-arma-de-fogo-furtada-no-bairro-cruzeiro-em-caxias-do-sul\/","title":{"rendered":"Dois homens s\u00e3o presos com arma de fogo furtada no bairro Cruzeiro, em Caxias do Sul"},"content":{"rendered":"\n<h4 id=\"a-prisao-ocorreu-nesta-manha-na-rua-padre-raul-acorsi\" class=\"wp-block-heading\">A pris\u00e3o ocorreu nesta manh\u00e3 na rua Padre Raul Acorsi<\/h4>\n\n\n\n<p>Um homem de 48 anos e outro de 27 foram presos pela Brigada Militar (BM) por porte ilegal de arma de fogo e recepta\u00e7\u00e3o nesta quinta-feira (5) no bairro Cruzeiro, em Caxias do Sul. A pris\u00e3o ocorreu por voltas das 10h30min na rua Padre Raul Acorsi, quando policiais do 12\u00b0 BPM realizaram a abordagem de um ve\u00edculo Logan de cor branca.<\/p>\n\n\n\n<p>No interior do ve\u00edculo estavam os dois homens. Em revista do ve\u00edculo foram localizados um rev\u00f3lver Taurus Cal. 38 em situa\u00e7\u00e3o de furto e uma muni\u00e7\u00e3o.<br><br>Os homens foram encaminhados \u00e0 Delegacia da Pol\u00edcia Civil para provid\u00eancias.<\/p>\n\n\n\n<figure class=\"wp-block-gallery has-nested-images columns-default is-cropped wp-block-gallery-1 is-layout-flex wp-block-gallery-is-layout-flex\">\n<figure class=\"wp-block-image size-large\"><a href=\"https:\/\/radiosolaris.com.br\/beta\/wp-content\/uploads\/2022\/05\/WhatsApp-Image-2022-05-05-at-15.34.50.jpeg\"><img  loading=\"lazy\"  decoding=\"async\"  width=\"900\"  height=\"991\"  data-id=\"78051\"  src=\"data:image\/png;base64,iVBORw0KGgoAAAANSUhEUgAAAAEAAAABAQMAAAAl21bKAAAAA1BMVEUAAP+KeNJXAAAAAXRSTlMAQObYZgAAAAlwSFlzAAAOxAAADsQBlSsOGwAAAApJREFUCNdjYAAAAAIAAeIhvDMAAAAASUVORK5CYII=\"  alt=\"\"  class=\"wp-image-78051 pk-lazyload\"  data-pk-sizes=\"auto\"  data-ls-sizes=\"auto, (max-width: 900px) 100vw, 900px\"  data-pk-src=\"https:\/\/radiosolaris.com.br\/beta\/wp-content\/uploads\/2022\/05\/WhatsApp-Image-2022-05-05-at-15.34.50.jpeg\"  data-pk-srcset=\"https:\/\/radiosolaris.com.br\/beta\/wp-content\/uploads\/2022\/05\/WhatsApp-Image-2022-05-05-at-15.34.50.jpeg 900w, https:\/\/radiosolaris.com.br\/beta\/wp-content\/uploads\/2022\/05\/WhatsApp-Image-2022-05-05-at-15.34.50-800x881.jpeg 800w\" ><\/a><\/figure>\n<figcaption class=\"blocks-gallery-caption\">Foto: BM<\/figcaption><\/figure>\n\n\n\n<p><\/p>\n","protected":false},"excerpt":{"rendered":"<p>A pris\u00e3o ocorreu nesta manh\u00e3 na rua Padre Raul Acorsi Um homem de 48 anos e outro de 27 foram presos pela Brigada Militar (BM) por porte ilegal de arma&hellip;<\/p>\n","protected":false},"author":17,"featured_media":78051,"comment_status":"closed","ping_status":"closed","sticky":false,"template":"","format":"standard","meta":{"_lmt_disableupdate":"","_lmt_disable":"","footnotes":""},"categories":[83],"tags":[11234,10258,247,6290],"powerkit_post_featured":[],"class_list":{"0":"post-78048","1":"post","2":"type-post","3":"status-publish","4":"format-standard","5":"has-post-thumbnail","7":"category-serra-gaucha","8":"tag-12obpm","9":"tag-bairro-cruzeiro","10":"tag-brigada-militar","11":"tag-prisao-por-trafico"},"modified_by":"Igor Panzenhagen","_links":{"self":[{"href":"https:\/\/radiosolaris.com.br\/beta\/wp-json\/wp\/v2\/posts\/78048","targetHints":{"allow":["GET"]}}],"collection":[{"href":"https:\/\/radiosolaris.com.br\/beta\/wp-json\/wp\/v2\/posts"}],"about":[{"href":"https:\/\/radiosolaris.com.br\/beta\/wp-json\/wp\/v2\/types\/post"}],"author":[{"embeddable":true,"href":"https:\/\/radiosolaris.com.br\/beta\/wp-json\/wp\/v2\/users\/17"}],"replies":[{"embeddable":true,"href":"https:\/\/radiosolaris.com.br\/beta\/wp-json\/wp\/v2\/comments?post=78048"}],"version-history":[{"count":0,"href":"https:\/\/radiosolaris.com.br\/beta\/wp-json\/wp\/v2\/posts\/78048\/revisions"}],"wp:featuredmedia":[{"embeddable":true,"href":"https:\/\/radiosolaris.com.br\/beta\/wp-json\/wp\/v2\/media\/78051"}],"wp:attachment":[{"href":"https:\/\/radiosolaris.com.br\/beta\/wp-json\/wp\/v2\/media?parent=78048"}],"wp:term":[{"taxonomy":"category","embeddable":true,"href":"https:\/\/radiosolaris.com.br\/beta\/wp-json\/wp\/v2\/categories?post=78048"},{"taxonomy":"post_tag","embeddable":true,"href":"https:\/\/radiosolaris.com.br\/beta\/wp-json\/wp\/v2\/tags?post=78048"},{"taxonomy":"powerkit_post_featured","embeddable":true,"href":"https:\/\/radiosolaris.com.br\/beta\/wp-json\/wp\/v2\/powerkit_post_featured?post=78048"}],"curies":[{"name":"wp","href":"https:\/\/api.w.org\/{rel}","templated":true}]}}