{"id":77914,"date":"2022-05-04T08:05:41","date_gmt":"2022-05-04T11:05:41","guid":{"rendered":"https:\/\/radiosolaris.com.br\/beta\/?p=77914"},"modified":"2022-05-04T08:05:45","modified_gmt":"2022-05-04T11:05:45","slug":"jovens-sao-executados-a-tiros-no-bairro-cruzeiro-em-caxias","status":"publish","type":"post","link":"https:\/\/radiosolaris.com.br\/beta\/jovens-sao-executados-a-tiros-no-bairro-cruzeiro-em-caxias\/","title":{"rendered":"Jovens s\u00e3o executados a tiros no bairro Cruzeiro em Caxias"},"content":{"rendered":"\n<h4 id=\"gabriel-teles-rosa-de-mello-e-kaua-souza-de-abreu-ambos-com-18-anos-foram-baleados-na-cabeca\" class=\"wp-block-heading\">Gabriel Teles Rosa de Mello e Kau\u00e3 Souza de Abreu, ambos com 18 anos, foram baleados na cabe\u00e7a<\/h4>\n\n\n\n<p>Foram identificados como Gabriel Teles Rosa de Mello e Kau\u00e3 Souza de Abreu, ambos com 18 anos, as v\u00edtimas de uma execu\u00e7\u00e3o que aconteceu na noite desta ter\u00e7a-feira (02), no bairro Cruzeiro, em Caxias.<\/p>\n\n\n\n<p>De acordo com informa\u00e7\u00f5es da Pol\u00edcia Civil, os dois foram mortos a tiros dentro de uma resid\u00eancia, na Rua da Gl\u00f3ria, por volta das 20h. Os criminosos teriam invadido a casa e levado as v\u00edtimas para um quarto, onde foram baleados na cabe\u00e7a.<\/p>\n\n\n\n<p>A Brigada Militar e o Servi\u00e7o de Atendimento M\u00f3vel de Urg\u00eancia (SAMU) estiveram no local. A Pol\u00edcia Civil investiga o caso.<\/p>\n","protected":false},"excerpt":{"rendered":"<p>Gabriel Teles Rosa de Mello e Kau\u00e3 Souza de Abreu, ambos com 18 anos, foram baleados na cabe\u00e7a Foram identificados como Gabriel Teles Rosa de Mello e Kau\u00e3 Souza de&hellip;<\/p>\n","protected":false},"author":19,"featured_media":76476,"comment_status":"closed","ping_status":"closed","sticky":false,"template":"","format":"standard","meta":{"_lmt_disableupdate":"","_lmt_disable":"","footnotes":""},"categories":[83],"tags":[10258,148,3148,1865,283,8688],"powerkit_post_featured":[],"class_list":{"0":"post-77914","1":"post","2":"type-post","3":"status-publish","4":"format-standard","5":"has-post-thumbnail","7":"category-serra-gaucha","8":"tag-bairro-cruzeiro","9":"tag-caxias-do-sul","10":"tag-execucao","11":"tag-homicidio-2","12":"tag-serra-gaucha","13":"tag-vitimas"},"modified_by":"Luciano Pettorini","_links":{"self":[{"href":"https:\/\/radiosolaris.com.br\/beta\/wp-json\/wp\/v2\/posts\/77914","targetHints":{"allow":["GET"]}}],"collection":[{"href":"https:\/\/radiosolaris.com.br\/beta\/wp-json\/wp\/v2\/posts"}],"about":[{"href":"https:\/\/radiosolaris.com.br\/beta\/wp-json\/wp\/v2\/types\/post"}],"author":[{"embeddable":true,"href":"https:\/\/radiosolaris.com.br\/beta\/wp-json\/wp\/v2\/users\/19"}],"replies":[{"embeddable":true,"href":"https:\/\/radiosolaris.com.br\/beta\/wp-json\/wp\/v2\/comments?post=77914"}],"version-history":[{"count":0,"href":"https:\/\/radiosolaris.com.br\/beta\/wp-json\/wp\/v2\/posts\/77914\/revisions"}],"wp:featuredmedia":[{"embeddable":true,"href":"https:\/\/radiosolaris.com.br\/beta\/wp-json\/wp\/v2\/media\/76476"}],"wp:attachment":[{"href":"https:\/\/radiosolaris.com.br\/beta\/wp-json\/wp\/v2\/media?parent=77914"}],"wp:term":[{"taxonomy":"category","embeddable":true,"href":"https:\/\/radiosolaris.com.br\/beta\/wp-json\/wp\/v2\/categories?post=77914"},{"taxonomy":"post_tag","embeddable":true,"href":"https:\/\/radiosolaris.com.br\/beta\/wp-json\/wp\/v2\/tags?post=77914"},{"taxonomy":"powerkit_post_featured","embeddable":true,"href":"https:\/\/radiosolaris.com.br\/beta\/wp-json\/wp\/v2\/powerkit_post_featured?post=77914"}],"curies":[{"name":"wp","href":"https:\/\/api.w.org\/{rel}","templated":true}]}}