{"id":77585,"date":"2022-04-30T08:28:13","date_gmt":"2022-04-30T11:28:13","guid":{"rendered":"https:\/\/radiosolaris.com.br\/beta\/?p=77585"},"modified":"2022-04-30T08:28:16","modified_gmt":"2022-04-30T11:28:16","slug":"prefeito-em-exercicio-de-antonio-prado-recepciona-delegacao-ucraniana","status":"publish","type":"post","link":"https:\/\/radiosolaris.com.br\/beta\/prefeito-em-exercicio-de-antonio-prado-recepciona-delegacao-ucraniana\/","title":{"rendered":"Prefeito em exerc\u00edcio de Ant\u00f4nio Prado recepciona delega\u00e7\u00e3o Ucraniana"},"content":{"rendered":"\n<h4 id=\"parte-da-delegacao-ficara-hospedada-no-hotel-axten-de-antonio-prado-durante-a-realizacao-da-24a-surdolimpiadas\" class=\"wp-block-heading\">Parte da delega\u00e7\u00e3o ficar\u00e1 hospedada no Hotel Axten de Ant\u00f4nio Prado durante a realiza\u00e7\u00e3o da 24\u00aa Surdol\u00edmpiadas<\/h4>\n\n\n\n<p>Na tarde de sexta-feira (29), o prefeito em exerc\u00edcio, Elias Zulian e o diretor do Departamento de Esportes Rudimar Comparin estiveram no Hotel Axten de Ant\u00f4nio Prado recepcionando os integrantes da delega\u00e7\u00e3o da Ucr\u00e2nia que participar\u00e3o da 24\u00ba Surdolimp\u00edada de Ver\u00e3o, em Caxias do Sul que inicia neste domingo (1\u00ba).<\/p>\n\n\n\n<p>Zulian conversou com a presidente da Delega\u00e7\u00e3o, colocando a estrutura do munic\u00edpio a disposi\u00e7\u00e3o dos atletas, demonstrando a hospitalidade da comunidade pradense.<\/p>\n\n\n\n<p>A delega\u00e7\u00e3o, que receber\u00e1 outros integrantes at\u00e9 o dia da abertura oficial do evento, ficar\u00e1 hospedada no munic\u00edpio durante os dias da competi\u00e7\u00e3o.<\/p>\n\n\n\n<p>Saiba mais informa\u00e7\u00f5es sobre a 24\u00aa Surdol\u00edmpiadas aqui.<\/p>\n\n\n\n<figure class=\"wp-block-image size-large\"><img  loading=\"lazy\"  decoding=\"async\"  width=\"1024\"  height=\"707\"  src=\"data:image\/png;base64,iVBORw0KGgoAAAANSUhEUgAAAAEAAAABAQMAAAAl21bKAAAAA1BMVEUAAP+KeNJXAAAAAXRSTlMAQObYZgAAAAlwSFlzAAAOxAAADsQBlSsOGwAAAApJREFUCNdjYAAAAAIAAeIhvDMAAAAASUVORK5CYII=\"  alt=\"\"  class=\"wp-image-77587 pk-lazyload\"  data-pk-sizes=\"auto\"  data-ls-sizes=\"auto, (max-width: 1024px) 100vw, 1024px\"  data-pk-src=\"https:\/\/radiosolaris.com.br\/beta\/wp-content\/uploads\/2022\/04\/279599929_315558627364754_1182148241500762431_n-1024x707.jpg\"  data-pk-srcset=\"https:\/\/radiosolaris.com.br\/beta\/wp-content\/uploads\/2022\/04\/279599929_315558627364754_1182148241500762431_n-1024x707.jpg 1024w, https:\/\/radiosolaris.com.br\/beta\/wp-content\/uploads\/2022\/04\/279599929_315558627364754_1182148241500762431_n-300x207.jpg 300w, https:\/\/radiosolaris.com.br\/beta\/wp-content\/uploads\/2022\/04\/279599929_315558627364754_1182148241500762431_n-768x530.jpg 768w, https:\/\/radiosolaris.com.br\/beta\/wp-content\/uploads\/2022\/04\/279599929_315558627364754_1182148241500762431_n.jpg 1080w\" ><\/figure>\n","protected":false},"excerpt":{"rendered":"<p>Parte da delega\u00e7\u00e3o ficar\u00e1 hospedada no Hotel Axten de Ant\u00f4nio Prado durante a realiza\u00e7\u00e3o da 24\u00aa Surdol\u00edmpiadas Na tarde de sexta-feira (29), o prefeito em exerc\u00edcio, Elias Zulian e o&hellip;<\/p>\n","protected":false},"author":1,"featured_media":77586,"comment_status":"closed","ping_status":"closed","sticky":false,"template":"","format":"standard","meta":{"_lmt_disableupdate":"","_lmt_disable":"","footnotes":""},"categories":[92,83],"tags":[11107,143,657],"powerkit_post_featured":[],"class_list":{"0":"post-77585","1":"post","2":"type-post","3":"status-publish","4":"format-standard","5":"has-post-thumbnail","7":"category-esporte","8":"category-serra-gaucha","9":"tag-24a-surdolimpiadas","10":"tag-antonio-prado","11":"tag-axten-hotel"},"modified_by":"Gustavo Zanotto","_links":{"self":[{"href":"https:\/\/radiosolaris.com.br\/beta\/wp-json\/wp\/v2\/posts\/77585","targetHints":{"allow":["GET"]}}],"collection":[{"href":"https:\/\/radiosolaris.com.br\/beta\/wp-json\/wp\/v2\/posts"}],"about":[{"href":"https:\/\/radiosolaris.com.br\/beta\/wp-json\/wp\/v2\/types\/post"}],"author":[{"embeddable":true,"href":"https:\/\/radiosolaris.com.br\/beta\/wp-json\/wp\/v2\/users\/1"}],"replies":[{"embeddable":true,"href":"https:\/\/radiosolaris.com.br\/beta\/wp-json\/wp\/v2\/comments?post=77585"}],"version-history":[{"count":0,"href":"https:\/\/radiosolaris.com.br\/beta\/wp-json\/wp\/v2\/posts\/77585\/revisions"}],"wp:featuredmedia":[{"embeddable":true,"href":"https:\/\/radiosolaris.com.br\/beta\/wp-json\/wp\/v2\/media\/77586"}],"wp:attachment":[{"href":"https:\/\/radiosolaris.com.br\/beta\/wp-json\/wp\/v2\/media?parent=77585"}],"wp:term":[{"taxonomy":"category","embeddable":true,"href":"https:\/\/radiosolaris.com.br\/beta\/wp-json\/wp\/v2\/categories?post=77585"},{"taxonomy":"post_tag","embeddable":true,"href":"https:\/\/radiosolaris.com.br\/beta\/wp-json\/wp\/v2\/tags?post=77585"},{"taxonomy":"powerkit_post_featured","embeddable":true,"href":"https:\/\/radiosolaris.com.br\/beta\/wp-json\/wp\/v2\/powerkit_post_featured?post=77585"}],"curies":[{"name":"wp","href":"https:\/\/api.w.org\/{rel}","templated":true}]}}