{"id":77382,"date":"2022-04-27T17:47:38","date_gmt":"2022-04-27T20:47:38","guid":{"rendered":"https:\/\/radiosolaris.com.br\/beta\/?p=77382"},"modified":"2022-04-28T08:17:57","modified_gmt":"2022-04-28T11:17:57","slug":"delegacao-ucraniana-chega-em-antonio-prado","status":"publish","type":"post","link":"https:\/\/radiosolaris.com.br\/beta\/delegacao-ucraniana-chega-em-antonio-prado\/","title":{"rendered":"Delega\u00e7\u00e3o ucraniana da Surdol\u00edmpiadas chega em Ant\u00f4nio Prado"},"content":{"rendered":"\n<h4 id=\"alguns-atletas-ja-estao-hospedados-no-travel-inn-axten-hotel-em-preparacao-para-competicao-que-acontece-em-caxias-do-sul\" class=\"wp-block-heading\">Alguns atletas j\u00e1 est\u00e3o hospedados no Travel Inn Axten Hotel em prepara\u00e7\u00e3o para competi\u00e7\u00e3o que acontece em Caxias do Sul<\/h4>\n\n\n\n<p>Nesta ter\u00e7a-feira (26), a comiss\u00e3o Ucraniana das Surdol\u00edmpiadas iniciou sua chegada ao Axten Hotel em Ant\u00f4nio Prado, que hospedar\u00e1 parte da equipe de atletas para a competi\u00e7\u00e3o que acontece no m\u00eas de maio em Caxias do Sul.<\/p>\n\n\n\n<p>Equipes de v\u00f4lei de praia e basquete j\u00e1 se encontram no local enquanto outras chegar\u00e3o hoje (27), durante o dia.<\/p>\n\n\n\n<p>A delega\u00e7\u00e3o da Ucraniana conta com 258 participantes sendo a segundo maior da competi\u00e7\u00e3o. O Brasil det\u00eam a maior delega\u00e7\u00e3o com 325 integrantes.<\/p>\n\n\n\n<p>A competi\u00e7\u00e3o tem in\u00edcio no domingo (1\u00ba). Para saber mais sobre a competi\u00e7\u00e3o basta clicar <a href=\"https:\/\/radiosolaris.com.br\/beta\/surdolimpiadas-inicia-neste-final-de-semana-em-caxias-do-sul\/?fbclid=IwAR0P2Q3JLYnA1_3tPDk9tEijv1kFFmR6bez6z8r0JB_PcsJQhlZTCwxap38\">aqui.<\/a><\/p>\n\n\n\n<div class=\"wp-block-file\"><a id=\"wp-block-file--media-f8f44c67-ccec-4912-8e38-a8b43c2bb586\" href=\"https:\/\/radiosolaris.com.br\/beta\/wp-content\/uploads\/2022\/04\/WhatsApp-Video-2022-04-27-at-14.33.49.mp4\">V\u00eddeo chegada atletas<\/a><a href=\"https:\/\/radiosolaris.com.br\/beta\/wp-content\/uploads\/2022\/04\/WhatsApp-Video-2022-04-27-at-14.33.49.mp4\" class=\"wp-block-file__button\" download aria-describedby=\"wp-block-file--media-f8f44c67-ccec-4912-8e38-a8b43c2bb586\">Baixar<\/a><\/div>\n\n\n\n<p>Fonte: Rep\u00f3rter Gustavo Zanotto<\/p>\n","protected":false},"excerpt":{"rendered":"<p>Alguns atletas j\u00e1 est\u00e3o hospedados no Travel Inn Axten Hotel em prepara\u00e7\u00e3o para competi\u00e7\u00e3o que acontece em Caxias do Sul Nesta ter\u00e7a-feira (26), a comiss\u00e3o Ucraniana das Surdol\u00edmpiadas iniciou sua&hellip;<\/p>\n","protected":false},"author":20,"featured_media":77383,"comment_status":"closed","ping_status":"closed","sticky":false,"template":"","format":"standard","meta":{"_lmt_disableupdate":"","_lmt_disable":"","footnotes":""},"categories":[92],"tags":[657,11035,10096],"powerkit_post_featured":[],"class_list":{"0":"post-77382","1":"post","2":"type-post","3":"status-publish","4":"format-standard","5":"has-post-thumbnail","7":"category-esporte","8":"tag-axten-hotel","9":"tag-surdolimpiadas-2","10":"tag-ucrania-2"},"modified_by":"Gustavo Zanotto","_links":{"self":[{"href":"https:\/\/radiosolaris.com.br\/beta\/wp-json\/wp\/v2\/posts\/77382","targetHints":{"allow":["GET"]}}],"collection":[{"href":"https:\/\/radiosolaris.com.br\/beta\/wp-json\/wp\/v2\/posts"}],"about":[{"href":"https:\/\/radiosolaris.com.br\/beta\/wp-json\/wp\/v2\/types\/post"}],"author":[{"embeddable":true,"href":"https:\/\/radiosolaris.com.br\/beta\/wp-json\/wp\/v2\/users\/20"}],"replies":[{"embeddable":true,"href":"https:\/\/radiosolaris.com.br\/beta\/wp-json\/wp\/v2\/comments?post=77382"}],"version-history":[{"count":0,"href":"https:\/\/radiosolaris.com.br\/beta\/wp-json\/wp\/v2\/posts\/77382\/revisions"}],"wp:featuredmedia":[{"embeddable":true,"href":"https:\/\/radiosolaris.com.br\/beta\/wp-json\/wp\/v2\/media\/77383"}],"wp:attachment":[{"href":"https:\/\/radiosolaris.com.br\/beta\/wp-json\/wp\/v2\/media?parent=77382"}],"wp:term":[{"taxonomy":"category","embeddable":true,"href":"https:\/\/radiosolaris.com.br\/beta\/wp-json\/wp\/v2\/categories?post=77382"},{"taxonomy":"post_tag","embeddable":true,"href":"https:\/\/radiosolaris.com.br\/beta\/wp-json\/wp\/v2\/tags?post=77382"},{"taxonomy":"powerkit_post_featured","embeddable":true,"href":"https:\/\/radiosolaris.com.br\/beta\/wp-json\/wp\/v2\/powerkit_post_featured?post=77382"}],"curies":[{"name":"wp","href":"https:\/\/api.w.org\/{rel}","templated":true}]}}