{"id":77273,"date":"2022-04-26T22:35:25","date_gmt":"2022-04-27T01:35:25","guid":{"rendered":"https:\/\/radiosolaris.com.br\/beta\/?p=77273"},"modified":"2022-04-26T23:06:43","modified_gmt":"2022-04-27T02:06:43","slug":"homem-e-morto-a-tiros-no-bairro-planalto-em-caxias-do-sul","status":"publish","type":"post","link":"https:\/\/radiosolaris.com.br\/beta\/homem-e-morto-a-tiros-no-bairro-planalto-em-caxias-do-sul\/","title":{"rendered":"Homem \u00e9 morto a tiros e mulher e crian\u00e7as ficam feridas no bairro Planalto, em Caxias"},"content":{"rendered":"\n<h4 id=\"o-carro-da-familia-foi-atacado-na-noite-desta-terca-feira-26\" class=\"wp-block-heading\">O carro da fam\u00edlia foi atacado na noite desta ter\u00e7a-feira (26)<\/h4>\n\n\n\n<p>Um homem de 51 anos foi morto a tiros dentro de um ve\u00edculo Fiat P\u00e1lio por volta das 21h desta ter\u00e7a-feira (26), no bairro Planalto, em Caxias do Sul. Um mulher tamb\u00e9m foi baleada no bra\u00e7o e no quadril. No ve\u00edculo, que estava trafegando na rua Angelo Giusti, pr\u00f3ximo a antiga unidade da Marcopolo, tamb\u00e9m estavam tr\u00eas crian\u00e7as, sendo que duas delas ficaram feridas.<\/p>\n\n\n\n<p>A mulher e as crian\u00e7as foram encaminhadas para o Hospital Pompeia. De acordo com a Brigada Militar (BM) uma das crian\u00e7as, de oito anos, foi atingida de rasp\u00e3o na cabe\u00e7a por um disparo de arma de fogo. Elas n\u00e3o correm risco de vida.<\/p>\n\n\n\n<p>A BM trabalha com a hip\u00f3tese de crime de execu\u00e7\u00e3o, visto que o ve\u00edculo conduzido pela fam\u00edlia foi alvo de diversos tiros que partiram de outro carro, fazendo com que a v\u00edtima perdesse o controle do ve\u00edculo e se chocasse o ve\u00edculo contra uma \u00e1rvore. <\/p>\n\n\n\n<p>Al\u00e9m disso, o homem morto possu\u00eda diversas passagens pela pol\u00edcia, entre elas homic\u00eddio e porte ilegal de arma de fogo.<\/p>\n\n\n\n<figure class=\"wp-block-gallery has-nested-images columns-default is-cropped wp-block-gallery-1 is-layout-flex wp-block-gallery-is-layout-flex\">\n<figure class=\"wp-block-image size-large\"><a href=\"https:\/\/radiosolaris.com.br\/beta\/wp-content\/uploads\/2022\/04\/WhatsApp-Image-2022-04-26-at-22.31.34.jpeg\"><img  decoding=\"async\"  data-id=\"77274\"  src=\"data:image\/png;base64,iVBORw0KGgoAAAANSUhEUgAAAAEAAAABAQMAAAAl21bKAAAAA1BMVEUAAP+KeNJXAAAAAXRSTlMAQObYZgAAAAlwSFlzAAAOxAAADsQBlSsOGwAAAApJREFUCNdjYAAAAAIAAeIhvDMAAAAASUVORK5CYII=\"  alt=\"\"  class=\"wp-image-77274 pk-lazyload\"  data-pk-sizes=\"auto\"  data-pk-src=\"https:\/\/radiosolaris.com.br\/beta\/wp-content\/uploads\/2022\/04\/WhatsApp-Image-2022-04-26-at-22.31.34-1024x812.jpeg\" ><\/a><\/figure>\n<figcaption class=\"blocks-gallery-caption\">Foto: BM<\/figcaption><\/figure>\n\n\n\n<p><\/p>\n","protected":false},"excerpt":{"rendered":"<p>O carro da fam\u00edlia foi atacado na noite desta ter\u00e7a-feira (26) Um homem de 51 anos foi morto a tiros dentro de um ve\u00edculo Fiat P\u00e1lio por volta das 21h&hellip;<\/p>\n","protected":false},"author":17,"featured_media":77274,"comment_status":"closed","ping_status":"closed","sticky":false,"template":"","format":"standard","meta":{"_lmt_disableupdate":"","_lmt_disable":"","footnotes":""},"categories":[83],"tags":[3914,8899,148,3148,1865],"powerkit_post_featured":[],"class_list":{"0":"post-77273","1":"post","2":"type-post","3":"status-publish","4":"format-standard","5":"has-post-thumbnail","7":"category-serra-gaucha","8":"tag-assassinato","9":"tag-bairro-planalto","10":"tag-caxias-do-sul","11":"tag-execucao","12":"tag-homicidio-2"},"modified_by":"Igor Panzenhagen","_links":{"self":[{"href":"https:\/\/radiosolaris.com.br\/beta\/wp-json\/wp\/v2\/posts\/77273","targetHints":{"allow":["GET"]}}],"collection":[{"href":"https:\/\/radiosolaris.com.br\/beta\/wp-json\/wp\/v2\/posts"}],"about":[{"href":"https:\/\/radiosolaris.com.br\/beta\/wp-json\/wp\/v2\/types\/post"}],"author":[{"embeddable":true,"href":"https:\/\/radiosolaris.com.br\/beta\/wp-json\/wp\/v2\/users\/17"}],"replies":[{"embeddable":true,"href":"https:\/\/radiosolaris.com.br\/beta\/wp-json\/wp\/v2\/comments?post=77273"}],"version-history":[{"count":0,"href":"https:\/\/radiosolaris.com.br\/beta\/wp-json\/wp\/v2\/posts\/77273\/revisions"}],"wp:featuredmedia":[{"embeddable":true,"href":"https:\/\/radiosolaris.com.br\/beta\/wp-json\/wp\/v2\/media\/77274"}],"wp:attachment":[{"href":"https:\/\/radiosolaris.com.br\/beta\/wp-json\/wp\/v2\/media?parent=77273"}],"wp:term":[{"taxonomy":"category","embeddable":true,"href":"https:\/\/radiosolaris.com.br\/beta\/wp-json\/wp\/v2\/categories?post=77273"},{"taxonomy":"post_tag","embeddable":true,"href":"https:\/\/radiosolaris.com.br\/beta\/wp-json\/wp\/v2\/tags?post=77273"},{"taxonomy":"powerkit_post_featured","embeddable":true,"href":"https:\/\/radiosolaris.com.br\/beta\/wp-json\/wp\/v2\/powerkit_post_featured?post=77273"}],"curies":[{"name":"wp","href":"https:\/\/api.w.org\/{rel}","templated":true}]}}