{"id":77167,"date":"2022-04-25T23:58:43","date_gmt":"2022-04-26T02:58:43","guid":{"rendered":"https:\/\/radiosolaris.com.br\/beta\/?p=77167"},"modified":"2022-04-25T23:58:46","modified_gmt":"2022-04-26T02:58:46","slug":"olir-schiavenin-recebe-mocao-de-congratulacoes-na-camara-de-flores-da-cunha","status":"publish","type":"post","link":"https:\/\/radiosolaris.com.br\/beta\/olir-schiavenin-recebe-mocao-de-congratulacoes-na-camara-de-flores-da-cunha\/","title":{"rendered":"Olir Schiavenin recebe Mo\u00e7\u00e3o de Congratula\u00e7\u00f5es na C\u00e2mara de Flores da Cunha"},"content":{"rendered":"\n<h4 id=\"homenagem-congratula-os-60-anos-do-sindicato-dos-trabalhadores-rurais\" class=\"wp-block-heading\">Homenagem congratula os 60 anos do Sindicato dos Trabalhadores Rurais<\/h4>\n\n\n\n<p>A C\u00e2mara Municipal de Flores da Cunha entregou, nesta segunda-feira (25), uma Mo\u00e7\u00e3o de Congratula\u00e7\u00f5es ao presidente do Sindicato dos Trabalhadores Rurais de Flores da Cunha e Nova P\u00e1dua, Olir Schiavenin. A proposta de autoria do vereador Carlos Roberto Forlin (MDB) \u00e9 extensiva a toda a diretoria e associados, pelos 60 anos de hist\u00f3ria. <\/p>\n\n\n\n<figure class=\"wp-block-gallery has-nested-images columns-default is-cropped wp-block-gallery-1 is-layout-flex wp-block-gallery-is-layout-flex\">\n<figure class=\"wp-block-image size-large\"><img  decoding=\"async\"  data-id=\"77169\"  src=\"data:image\/png;base64,iVBORw0KGgoAAAANSUhEUgAABIgAAAMEAQMAAADuN4ytAAAAA1BMVEUAAP+KeNJXAAAAAXRSTlMAQObYZgAAAAlwSFlzAAAOxAAADsQBlSsOGwAAAIRJREFUeNrtwQENAAAAwqD3T20PBxQAAAAAAAAAAAAAAAAAAAAAAAAAAAAAAAAAAAAAAAAAAAAAAAAAAAAAAAAAAAAAAAAAAAAAAAAAAAAAAAAAAAAAAAAAAAAAAAAAAAAAAAAAAAAAAAAAAAAAAAAAAAAAAAAAAAAAAAAAAAAAAADAtwG4VwABPcKv8wAAAABJRU5ErkJggg==\"  alt=\"\"  class=\"wp-image-77169 pk-lazyload\"  data-pk-sizes=\"auto\"  data-pk-src=\"https:\/\/radiosolaris.com.br\/beta\/wp-content\/uploads\/2022\/04\/20220425-Mocao-STR-02-1024x681.jpg\" ><figcaption>Carlos Roberto Forlin e Olir Schiavenin<\/figcaption><\/figure>\n<\/figure>\n\n\n\n<p>Em defesa da proposta, o vereador enalteceu o trabalho da institui\u00e7\u00e3o. \u201cValorizando o trabalho de 60 anos da entidade e de todas as pessoas que passaram pelo sindicato, aqueles produtores que muito trabalharam pelos seus direitos, em defesa, principalmente, do homem e da mulher do campo&#8221;.<\/p>\n\n\n\n<p>O objetivo \u00e9 tamb\u00e9m, portanto, valorizar os produtores rurais que representam a regi\u00e3o, reconhecida como a maior produtora de uvas do Brasil. Ao entregar a homenagem, Forlin destacou: &#8220;Valorizamos os 60 anos de hist\u00f3ria desta entidade que muito faz pelos seus associados\u201d.<\/p>\n\n\n\n<figure class=\"wp-block-gallery has-nested-images columns-default is-cropped wp-block-gallery-2 is-layout-flex wp-block-gallery-is-layout-flex\">\n<figure class=\"wp-block-image size-large\"><img  loading=\"lazy\"  decoding=\"async\"  width=\"1024\"  height=\"681\"  data-id=\"77171\"  src=\"data:image\/png;base64,iVBORw0KGgoAAAANSUhEUgAAAAEAAAABAQMAAAAl21bKAAAAA1BMVEUAAP+KeNJXAAAAAXRSTlMAQObYZgAAAAlwSFlzAAAOxAAADsQBlSsOGwAAAApJREFUCNdjYAAAAAIAAeIhvDMAAAAASUVORK5CYII=\"  alt=\"\"  class=\"wp-image-77171 pk-lazyload\"  data-pk-sizes=\"auto\"  data-ls-sizes=\"auto, (max-width: 1024px) 100vw, 1024px\"  data-pk-src=\"https:\/\/radiosolaris.com.br\/beta\/wp-content\/uploads\/2022\/04\/20220425-Mocao-STR-01-1-1024x681.jpg\"  data-pk-srcset=\"https:\/\/radiosolaris.com.br\/beta\/wp-content\/uploads\/2022\/04\/20220425-Mocao-STR-01-1-1024x681.jpg 1024w, https:\/\/radiosolaris.com.br\/beta\/wp-content\/uploads\/2022\/04\/20220425-Mocao-STR-01-1-300x199.jpg 300w, https:\/\/radiosolaris.com.br\/beta\/wp-content\/uploads\/2022\/04\/20220425-Mocao-STR-01-1-768x511.jpg 768w, https:\/\/radiosolaris.com.br\/beta\/wp-content\/uploads\/2022\/04\/20220425-Mocao-STR-01-1.jpg 1280w\" ><\/figure>\n<\/figure>\n\n\n\n<p>Fotos: Shamila Carpeggiani\/C\u00e2mara de Vereadores<\/p>\n","protected":false},"excerpt":{"rendered":"<p>Homenagem congratula os 60 anos do Sindicato dos Trabalhadores Rurais A C\u00e2mara Municipal de Flores da Cunha entregou, nesta segunda-feira (25), uma Mo\u00e7\u00e3o de Congratula\u00e7\u00f5es ao presidente do Sindicato dos&hellip;<\/p>\n","protected":false},"author":17,"featured_media":77169,"comment_status":"closed","ping_status":"closed","sticky":false,"template":"","format":"standard","meta":{"_lmt_disableupdate":"","_lmt_disable":"","footnotes":""},"categories":[83],"tags":[202,114,283,5874],"powerkit_post_featured":[],"class_list":{"0":"post-77167","1":"post","2":"type-post","3":"status-publish","4":"format-standard","5":"has-post-thumbnail","7":"category-serra-gaucha","8":"tag-camara-de-vereadores","9":"tag-flores-da-cunha","10":"tag-serra-gaucha","11":"tag-sindicato-dos-trabalhadores-rurais"},"modified_by":"Igor Panzenhagen","_links":{"self":[{"href":"https:\/\/radiosolaris.com.br\/beta\/wp-json\/wp\/v2\/posts\/77167","targetHints":{"allow":["GET"]}}],"collection":[{"href":"https:\/\/radiosolaris.com.br\/beta\/wp-json\/wp\/v2\/posts"}],"about":[{"href":"https:\/\/radiosolaris.com.br\/beta\/wp-json\/wp\/v2\/types\/post"}],"author":[{"embeddable":true,"href":"https:\/\/radiosolaris.com.br\/beta\/wp-json\/wp\/v2\/users\/17"}],"replies":[{"embeddable":true,"href":"https:\/\/radiosolaris.com.br\/beta\/wp-json\/wp\/v2\/comments?post=77167"}],"version-history":[{"count":0,"href":"https:\/\/radiosolaris.com.br\/beta\/wp-json\/wp\/v2\/posts\/77167\/revisions"}],"wp:featuredmedia":[{"embeddable":true,"href":"https:\/\/radiosolaris.com.br\/beta\/wp-json\/wp\/v2\/media\/77169"}],"wp:attachment":[{"href":"https:\/\/radiosolaris.com.br\/beta\/wp-json\/wp\/v2\/media?parent=77167"}],"wp:term":[{"taxonomy":"category","embeddable":true,"href":"https:\/\/radiosolaris.com.br\/beta\/wp-json\/wp\/v2\/categories?post=77167"},{"taxonomy":"post_tag","embeddable":true,"href":"https:\/\/radiosolaris.com.br\/beta\/wp-json\/wp\/v2\/tags?post=77167"},{"taxonomy":"powerkit_post_featured","embeddable":true,"href":"https:\/\/radiosolaris.com.br\/beta\/wp-json\/wp\/v2\/powerkit_post_featured?post=77167"}],"curies":[{"name":"wp","href":"https:\/\/api.w.org\/{rel}","templated":true}]}}