{"id":77136,"date":"2022-04-25T18:06:20","date_gmt":"2022-04-25T21:06:20","guid":{"rendered":"https:\/\/radiosolaris.com.br\/beta\/?p=77136"},"modified":"2022-04-25T18:06:22","modified_gmt":"2022-04-25T21:06:22","slug":"acesso-principal-ao-diamantino-em-caxias-esta-com-transito-bloqueado","status":"publish","type":"post","link":"https:\/\/radiosolaris.com.br\/beta\/acesso-principal-ao-diamantino-em-caxias-esta-com-transito-bloqueado\/","title":{"rendered":"Acesso principal ao Diamantino, em Caxias, est\u00e1 com tr\u00e2nsito bloqueado"},"content":{"rendered":"\n<h4 id=\"as-obras-no-muro-de-contencao-comecaram-nesta-segunda-feira-entre-a-br-116-e-a-rua-angelo-muratore\" class=\"wp-block-heading\">As obras no muro de conten\u00e7\u00e3o come\u00e7aram nesta segunda-feira entre a BR-116 e a rua \u00c2ngelo Muratore<\/h4>\n\n\n\n<p>O acesso principal ao bairro Diamantino, em Caxias, est\u00e1 bloqueado devido \u00e0 obras. A Secretaria de Obras iniciou, nesta segunda-feira (25), um reparo em um muro de conten\u00e7\u00e3o na Rua \u00c2ngelo Muratore com a BR-116, no bairro De Lazzer, pr\u00f3ximo ao posto da Pol\u00edcia Rodovi\u00e1ria Federal (PRF).<\/p>\n\n\n\n<figure class=\"wp-block-gallery has-nested-images columns-default is-cropped wp-block-gallery-1 is-layout-flex wp-block-gallery-is-layout-flex\">\n<figure class=\"wp-block-image size-large\"><img  loading=\"lazy\"  decoding=\"async\"  width=\"1024\"  height=\"498\"  data-id=\"77138\"  src=\"data:image\/png;base64,iVBORw0KGgoAAAANSUhEUgAAAAEAAAABAQMAAAAl21bKAAAAA1BMVEUAAP+KeNJXAAAAAXRSTlMAQObYZgAAAAlwSFlzAAAOxAAADsQBlSsOGwAAAApJREFUCNdjYAAAAAIAAeIhvDMAAAAASUVORK5CYII=\"  alt=\"\"  class=\"wp-image-77138 pk-lazyload\"  data-pk-sizes=\"auto\"  data-ls-sizes=\"auto, (max-width: 1024px) 100vw, 1024px\"  data-pk-src=\"https:\/\/radiosolaris.com.br\/beta\/wp-content\/uploads\/2022\/04\/Diamantivo-1-1-1024x498.jpg\"  data-pk-srcset=\"https:\/\/radiosolaris.com.br\/beta\/wp-content\/uploads\/2022\/04\/Diamantivo-1-1-1024x498.jpg 1024w, https:\/\/radiosolaris.com.br\/beta\/wp-content\/uploads\/2022\/04\/Diamantivo-1-1-300x146.jpg 300w, https:\/\/radiosolaris.com.br\/beta\/wp-content\/uploads\/2022\/04\/Diamantivo-1-1-768x373.jpg 768w, https:\/\/radiosolaris.com.br\/beta\/wp-content\/uploads\/2022\/04\/Diamantivo-1-1.jpg 1280w\" ><\/figure>\n<figcaption class=\"blocks-gallery-caption\">Foto: Ederson de Oliveira\/Prefeitura<\/figcaption><\/figure>\n\n\n\n<p>O problema foi causado pela fadiga em uma tubula\u00e7\u00e3o de drenagem que cruza pr\u00f3ximo \u00e0 base do muro. As equipes demolir\u00e3o a parte avariada do muro de pedras, escavar\u00e3o e trocar\u00e3o uma rede de drenagem. Na sequ\u00eancia, ser\u00e1 feita a reconstru\u00e7\u00e3o do muro.<\/p>\n\n\n\n<p>Em fun\u00e7\u00e3o da movimenta\u00e7\u00e3o de m\u00e1quinas e caminh\u00f5es, houve bloqueio do tr\u00e2nsito na Rua Bar\u00e3o do Amazonas e, em ocasi\u00f5es espec\u00edficas, no retorno da BR-116.<\/p>\n\n\n\n<p>Motoristas que quiserem acessar os bairros da Regi\u00e3o Diamantino s\u00e3o orientados a utilizar como uma das op\u00e7\u00f5es a Rua Jos\u00e9 Bragagnollo. Os trabalhos prosseguir\u00e3o ao longo da semana.<\/p>\n","protected":false},"excerpt":{"rendered":"<p>As obras no muro de conten\u00e7\u00e3o come\u00e7aram nesta segunda-feira entre a BR-116 e a rua \u00c2ngelo Muratore O acesso principal ao bairro Diamantino, em Caxias, est\u00e1 bloqueado devido \u00e0 obras.&hellip;<\/p>\n","protected":false},"author":17,"featured_media":77137,"comment_status":"closed","ping_status":"closed","sticky":false,"template":"","format":"standard","meta":{"_lmt_disableupdate":"","_lmt_disable":"","footnotes":""},"categories":[83],"tags":[10971,10969,10968,10970,1015,148,691,744,283],"powerkit_post_featured":[],"class_list":{"0":"post-77136","1":"post","2":"type-post","3":"status-publish","4":"format-standard","5":"has-post-thumbnail","7":"category-serra-gaucha","8":"tag-angelo-muratore","9":"tag-bairro-de-lazzer","10":"tag-bairro-diamantino","11":"tag-bloqueio-no-transito","12":"tag-br-116","13":"tag-caxias-do-sul","14":"tag-obras","15":"tag-secretaria-de-obras","16":"tag-serra-gaucha"},"modified_by":"Igor Panzenhagen","_links":{"self":[{"href":"https:\/\/radiosolaris.com.br\/beta\/wp-json\/wp\/v2\/posts\/77136","targetHints":{"allow":["GET"]}}],"collection":[{"href":"https:\/\/radiosolaris.com.br\/beta\/wp-json\/wp\/v2\/posts"}],"about":[{"href":"https:\/\/radiosolaris.com.br\/beta\/wp-json\/wp\/v2\/types\/post"}],"author":[{"embeddable":true,"href":"https:\/\/radiosolaris.com.br\/beta\/wp-json\/wp\/v2\/users\/17"}],"replies":[{"embeddable":true,"href":"https:\/\/radiosolaris.com.br\/beta\/wp-json\/wp\/v2\/comments?post=77136"}],"version-history":[{"count":0,"href":"https:\/\/radiosolaris.com.br\/beta\/wp-json\/wp\/v2\/posts\/77136\/revisions"}],"wp:featuredmedia":[{"embeddable":true,"href":"https:\/\/radiosolaris.com.br\/beta\/wp-json\/wp\/v2\/media\/77137"}],"wp:attachment":[{"href":"https:\/\/radiosolaris.com.br\/beta\/wp-json\/wp\/v2\/media?parent=77136"}],"wp:term":[{"taxonomy":"category","embeddable":true,"href":"https:\/\/radiosolaris.com.br\/beta\/wp-json\/wp\/v2\/categories?post=77136"},{"taxonomy":"post_tag","embeddable":true,"href":"https:\/\/radiosolaris.com.br\/beta\/wp-json\/wp\/v2\/tags?post=77136"},{"taxonomy":"powerkit_post_featured","embeddable":true,"href":"https:\/\/radiosolaris.com.br\/beta\/wp-json\/wp\/v2\/powerkit_post_featured?post=77136"}],"curies":[{"name":"wp","href":"https:\/\/api.w.org\/{rel}","templated":true}]}}