{"id":76845,"date":"2022-04-19T13:19:27","date_gmt":"2022-04-19T16:19:27","guid":{"rendered":"https:\/\/radiosolaris.com.br\/beta\/?p=76845"},"modified":"2022-04-19T13:19:31","modified_gmt":"2022-04-19T16:19:31","slug":"foragido-que-roubava-e-estuprava-mulheres-em-vacaria-e-preso-em-santa-catarina","status":"publish","type":"post","link":"https:\/\/radiosolaris.com.br\/beta\/foragido-que-roubava-e-estuprava-mulheres-em-vacaria-e-preso-em-santa-catarina\/","title":{"rendered":"Foragido que roubava e estuprava mulheres em Vacaria \u00e9 preso em Santa Catarina"},"content":{"rendered":"\n<h4 id=\"o-individuo-e-investigado-por-tres-assaltos-e-estupros-que-aconteceram-entre-fevereiro-e-marco-deste-ano\" class=\"wp-block-heading\">O indiv\u00edduo \u00e9 investigado por tr\u00eas assaltos e estupros que aconteceram entre fevereiro e mar\u00e7o deste ano<\/h4>\n\n\n\n<p>Um homem de 33 anos, que estava foragido da justi\u00e7a, foi preso pela Pol\u00edcia Civil em Balne\u00e1rio Arroio do Silva (SC), na manh\u00e3 desta ter\u00e7a-feira (19). O indiv\u00edduo \u00e9 investigado por tr\u00eas assaltos e estupros que aconteceram em Vacaria, entre fevereiro e mar\u00e7o deste ano.<\/p>\n\n\n\n<p>Segundo a pol\u00edcia o homem procurava as v\u00edtimas por meio de um site ao qual marcava e contratava encontros sexuais. No local do encontro, o criminoso rendia, amarrava, agredia e estuprava as v\u00edtimas. Os investigadores destacaram ainda que o homem teria dito a uma das v\u00edtimas que as agress\u00f5es eram um fetiche para ele.<\/p>\n\n\n\n<p>Al\u00e9m da autoria desses crimes na Serra ga\u00facha, o indiv\u00edduo j\u00e1 estava com um mandado de pris\u00e3o em aberto pela Justi\u00e7a de Pelotas por porte ilegal de arma de fogo, roubo e homic\u00eddio.<\/p>\n\n\n\n<p>Conforme a Pol\u00edcia Civil, o homem \u00e9 natural de Passo Fundo e possui vasta ficha criminal em Balne\u00e1rio Arroio do Silva \u2013 onde foi preso \u2013 em Vacaria e Pelotas. O indiv\u00edduo foi preso e encaminhado \u00e0 um pres\u00eddio catarinense.<\/p>\n","protected":false},"excerpt":{"rendered":"<p>O indiv\u00edduo \u00e9 investigado por tr\u00eas assaltos e estupros que aconteceram entre fevereiro e mar\u00e7o deste ano Um homem de 33 anos, que estava foragido da justi\u00e7a, foi preso pela&hellip;<\/p>\n","protected":false},"author":16,"featured_media":37207,"comment_status":"closed","ping_status":"closed","sticky":false,"template":"","format":"standard","meta":{"_lmt_disableupdate":"","_lmt_disable":"","footnotes":""},"categories":[83],"tags":[10898,158,742,629,1424,992,283,628],"powerkit_post_featured":[],"class_list":{"0":"post-76845","1":"post","2":"type-post","3":"status-publish","4":"format-standard","5":"has-post-thumbnail","7":"category-serra-gaucha","8":"tag-balneario-arroio-do-silva","9":"tag-crime","10":"tag-estupro","11":"tag-policia-civil","12":"tag-santa-catarina","13":"tag-serra","14":"tag-serra-gaucha","15":"tag-vacaria"},"modified_by":"Bruna Picinini","_links":{"self":[{"href":"https:\/\/radiosolaris.com.br\/beta\/wp-json\/wp\/v2\/posts\/76845","targetHints":{"allow":["GET"]}}],"collection":[{"href":"https:\/\/radiosolaris.com.br\/beta\/wp-json\/wp\/v2\/posts"}],"about":[{"href":"https:\/\/radiosolaris.com.br\/beta\/wp-json\/wp\/v2\/types\/post"}],"author":[{"embeddable":true,"href":"https:\/\/radiosolaris.com.br\/beta\/wp-json\/wp\/v2\/users\/16"}],"replies":[{"embeddable":true,"href":"https:\/\/radiosolaris.com.br\/beta\/wp-json\/wp\/v2\/comments?post=76845"}],"version-history":[{"count":0,"href":"https:\/\/radiosolaris.com.br\/beta\/wp-json\/wp\/v2\/posts\/76845\/revisions"}],"wp:featuredmedia":[{"embeddable":true,"href":"https:\/\/radiosolaris.com.br\/beta\/wp-json\/wp\/v2\/media\/37207"}],"wp:attachment":[{"href":"https:\/\/radiosolaris.com.br\/beta\/wp-json\/wp\/v2\/media?parent=76845"}],"wp:term":[{"taxonomy":"category","embeddable":true,"href":"https:\/\/radiosolaris.com.br\/beta\/wp-json\/wp\/v2\/categories?post=76845"},{"taxonomy":"post_tag","embeddable":true,"href":"https:\/\/radiosolaris.com.br\/beta\/wp-json\/wp\/v2\/tags?post=76845"},{"taxonomy":"powerkit_post_featured","embeddable":true,"href":"https:\/\/radiosolaris.com.br\/beta\/wp-json\/wp\/v2\/powerkit_post_featured?post=76845"}],"curies":[{"name":"wp","href":"https:\/\/api.w.org\/{rel}","templated":true}]}}