{"id":76719,"date":"2022-04-16T11:34:31","date_gmt":"2022-04-16T14:34:31","guid":{"rendered":"https:\/\/radiosolaris.com.br\/beta\/?p=76719"},"modified":"2022-04-16T11:35:13","modified_gmt":"2022-04-16T14:35:13","slug":"procissao-da-sexta-feira-da-paixao-reune-mais-de-5-mil-pessoas-em-caxias-do-sul","status":"publish","type":"post","link":"https:\/\/radiosolaris.com.br\/beta\/procissao-da-sexta-feira-da-paixao-reune-mais-de-5-mil-pessoas-em-caxias-do-sul\/","title":{"rendered":"Prociss\u00e3o da Sexta-feira da Paix\u00e3o re\u00fane mais de 5 mil pessoas em Caxias do Sul"},"content":{"rendered":"\n<h4 id=\"fieis-partiram-de-quatro-paroquias-da-cidade-e-da-catedral-diocesana-com-lencos-brancos-e-oracoes-que-suplicavam-pela-paz\" class=\"wp-block-heading\">Fi\u00e9is partiram de quatro par\u00f3quias da cidade e da Catedral Diocesana, com len\u00e7os brancos e ora\u00e7\u00f5es que suplicavam pela paz<\/h4>\n\n\n\n<p>Ap\u00f3s dois anos, as par\u00f3quias da \u00e1rea central de Caxias do Sul retomaram a prociss\u00e3o da Sexta-feira da Paix\u00e3o, neste dia 15 de abril. Fi\u00e9is partiram de quatro par\u00f3quias da cidade e da Catedral Diocesana, com len\u00e7os brancos e ora\u00e7\u00f5es que suplicavam pela paz. Mais de 5 mil pessoas rezaram no ato que teve o momento marcante do encontro das imagens do Cristo Morto, da Catedral Santa Teresa D\u2019\u00c1vila e de Nossa Senhora das Dores, que chegava da Par\u00f3quia de Lourdes.<\/p>\n\n\n\n<p>Na Catedral Diocesana, a programa\u00e7\u00e3o iniciou \u00e0s 14h, no interior da igreja, com a Celebra\u00e7\u00e3o da Paix\u00e3o do Senhor, presidida pelo bispo diocesano, Dom Jos\u00e9 Gislon. Ap\u00f3s a distribui\u00e7\u00e3o da Eucaristia, teve in\u00edcio a prociss\u00e3o com o Cristo Morto. Os fi\u00e9is que estavam na Catedral aguardaram o grupo que chegava da Par\u00f3quia S\u00e3o Pelegrino, tendo como s\u00edmbolo a Cruz. Na sequ\u00eancia, pela rua Dr. Montaury, encontraram a prociss\u00e3o que vinha da Par\u00f3quia S\u00e3o Leonardo Murialdo, com o banner da Campanha da Fraternidade 2022 e, juntos, seguiram&nbsp; pela avenida J\u00falio de Castilhos at\u00e9 a rua Do Guia Lopes.<\/p>\n\n\n\n<p>\u00c0s 14h tamb\u00e9m iniciou a Celebra\u00e7\u00e3o da Paix\u00e3o do Senhor nas Par\u00f3quias Nossa Senhora de Lourdes e Santos Ap\u00f3stolos. \u00c0s 14h45min, ocorreu a sa\u00edda da prociss\u00e3o de Lourdes com a imagem de Nossa Senhora das Dores pela rua Os Dezoito do Forte e, na altura da rua Pedro Tomasi, encontrou o grupo que vinha da igreja Cristo Redentor, com o estandarte da paz.<\/p>\n\n\n\n<p>No entroncamento da rua Do Guia Lopes com a rua Sinimbu, os grupos realizaram o encontro das imagens de Nossa Senhora das Dores e do Cristo Morto. Ap\u00f3s esse momento, todos, juntos, seguiram at\u00e9 a Catedral Diocesana, pela rua Sinimbu, para ouvirem a homilia de Dom Jos\u00e9 Gislon e a Ora\u00e7\u00e3o sobre o Povo, em frente \u00e0 Pra\u00e7a Dante Alighieri.<\/p>\n\n\n\n<p>Em sua homilia, Dom Jos\u00e9 frisou que a Sexta-feira da Paix\u00e3o \u00e9 o dia do luto em toda a Igreja, mas que o sentido de vivenciar a morte de Cristo est\u00e1 em sua vit\u00f3ria. \u201cN\u00e3o existe momento e n\u00e3o existe situa\u00e7\u00e3o onde n\u00e3o entra a cruz, que liberta e salva. Como crist\u00e3os, n\u00e3o pedimos para que Ele des\u00e7a da cruz, mas dever\u00edamos pedir ao Senhor para termos a for\u00e7a de permanecer com Ele. Na cruz, temos a manifesta\u00e7\u00e3o de quem \u00e9 Jesus. \u00c9 no rosto desfigurado de Jesus na cruz, que Deus revela \u00e0 humanidade o seu amor e sua miseric\u00f3rdia de Pai. Diante do crucificado, devemos olhar de frente a nossa cruz, iluminada por aquela de Jesus. Queremos pedir ao Senhor crucificado que suba em nossa cruz e nos d\u00ea de beber a \u00e1gua do seu Esp\u00edrito, que nos ajuda a semear a paz, a construir a paz\u201d, recordou.<\/p>\n\n\n\n<p>Logo depois, com as m\u00e3os estendidas, o bispo e os padres presentes proferiram a Ora\u00e7\u00e3o sobre o Povo, conclu\u00edda com a entrada das imagens do Cristo Morto e de Nossa Senhora das Dores para o interior da Catedral, para que os fi\u00e9is pudessem se aproximar e rezar. Neste ano, em virtude da situa\u00e7\u00e3o sanit\u00e1ria, n\u00e3o houve o tradicional beijo no Cristo Morto.<\/p>\n\n\n\n<p>O p\u00e1roco da Catedral Diocesana, padre Volnei Vanassi, explica a import\u00e2ncia da retomada da programa\u00e7\u00e3o que re\u00fane as par\u00f3quias do Centro de Caxias. &#8220;Esse momento, que durante os dois anos mais intensos da pandemia n\u00e3o p\u00f4de acontecer, \u00e9 uma oportunidade muito forte de espiritualidade, que tem sua conclus\u00e3o com a Vig\u00edlia Pascal e se completa com a ressurrei\u00e7\u00e3o de Nosso Senhor&#8221;, ressalta.<\/p>\n\n\n\n<figure class=\"wp-block-gallery has-nested-images columns-1 is-cropped wp-block-gallery-1 is-layout-flex wp-block-gallery-is-layout-flex\">\n<figure class=\"wp-block-image size-large\"><a href=\"https:\/\/radiosolaris.com.br\/beta\/wp-content\/uploads\/2022\/04\/Procissao-de-Sexta-feira-Santa-Daniel-Schurr.jpeg\"><img  loading=\"lazy\"  decoding=\"async\"  width=\"1024\"  height=\"376\"  data-id=\"76720\"  src=\"data:image\/png;base64,iVBORw0KGgoAAAANSUhEUgAAAAEAAAABAQMAAAAl21bKAAAAA1BMVEUAAP+KeNJXAAAAAXRSTlMAQObYZgAAAAlwSFlzAAAOxAAADsQBlSsOGwAAAApJREFUCNdjYAAAAAIAAeIhvDMAAAAASUVORK5CYII=\"  alt=\"\"  class=\"wp-image-76720 pk-lazyload\"  data-pk-sizes=\"auto\"  data-ls-sizes=\"auto, (max-width: 1024px) 100vw, 1024px\"  data-pk-src=\"https:\/\/radiosolaris.com.br\/beta\/wp-content\/uploads\/2022\/04\/Procissao-de-Sexta-feira-Santa-Daniel-Schurr-1024x376.jpeg\"  data-pk-srcset=\"https:\/\/radiosolaris.com.br\/beta\/wp-content\/uploads\/2022\/04\/Procissao-de-Sexta-feira-Santa-Daniel-Schurr-1024x376.jpeg 1024w, https:\/\/radiosolaris.com.br\/beta\/wp-content\/uploads\/2022\/04\/Procissao-de-Sexta-feira-Santa-Daniel-Schurr-300x110.jpeg 300w, https:\/\/radiosolaris.com.br\/beta\/wp-content\/uploads\/2022\/04\/Procissao-de-Sexta-feira-Santa-Daniel-Schurr-768x282.jpeg 768w, https:\/\/radiosolaris.com.br\/beta\/wp-content\/uploads\/2022\/04\/Procissao-de-Sexta-feira-Santa-Daniel-Schurr.jpeg 1280w\" ><\/a><\/figure>\n\n\n\n<figure class=\"wp-block-image size-large\"><a href=\"https:\/\/radiosolaris.com.br\/beta\/wp-content\/uploads\/2022\/04\/Procissao-de-Sexta-feira-da-Paixao-Felipe-Padilha-17.jpg\"><img  decoding=\"async\"  data-id=\"76724\"  src=\"data:image\/png;base64,iVBORw0KGgoAAAANSUhEUgAAAAEAAAABAQMAAAAl21bKAAAAA1BMVEUAAP+KeNJXAAAAAXRSTlMAQObYZgAAAAlwSFlzAAAOxAAADsQBlSsOGwAAAApJREFUCNdjYAAAAAIAAeIhvDMAAAAASUVORK5CYII=\"  alt=\"\"  class=\"wp-image-76724 pk-lazyload\"  data-pk-sizes=\"auto\"  data-pk-src=\"https:\/\/radiosolaris.com.br\/beta\/wp-content\/uploads\/2022\/04\/Procissao-de-Sexta-feira-da-Paixao-Felipe-Padilha-17-1024x683.jpg\" ><\/a><\/figure>\n\n\n\n<figure class=\"wp-block-image size-large\"><a href=\"https:\/\/radiosolaris.com.br\/beta\/wp-content\/uploads\/2022\/04\/Procissao-de-Sexta-feira-da-Paixao-Felipe-Padilha-8.jpg\"><img  decoding=\"async\"  data-id=\"76722\"  src=\"data:image\/png;base64,iVBORw0KGgoAAAANSUhEUgAAAAEAAAABAQMAAAAl21bKAAAAA1BMVEUAAP+KeNJXAAAAAXRSTlMAQObYZgAAAAlwSFlzAAAOxAAADsQBlSsOGwAAAApJREFUCNdjYAAAAAIAAeIhvDMAAAAASUVORK5CYII=\"  alt=\"\"  class=\"wp-image-76722 pk-lazyload\"  data-pk-sizes=\"auto\"  data-pk-src=\"https:\/\/radiosolaris.com.br\/beta\/wp-content\/uploads\/2022\/04\/Procissao-de-Sexta-feira-da-Paixao-Felipe-Padilha-8-1024x683.jpg\" ><\/a><\/figure>\n\n\n\n<figure class=\"wp-block-image size-large\"><a href=\"https:\/\/radiosolaris.com.br\/beta\/wp-content\/uploads\/2022\/04\/Procissao-de-Sexta-feira-da-Paixao-Felipe-Padilha-12.jpg\"><img  decoding=\"async\"  data-id=\"76721\"  src=\"data:image\/png;base64,iVBORw0KGgoAAAANSUhEUgAAAAEAAAABAQMAAAAl21bKAAAAA1BMVEUAAP+KeNJXAAAAAXRSTlMAQObYZgAAAAlwSFlzAAAOxAAADsQBlSsOGwAAAApJREFUCNdjYAAAAAIAAeIhvDMAAAAASUVORK5CYII=\"  alt=\"\"  class=\"wp-image-76721 pk-lazyload\"  data-pk-sizes=\"auto\"  data-pk-src=\"https:\/\/radiosolaris.com.br\/beta\/wp-content\/uploads\/2022\/04\/Procissao-de-Sexta-feira-da-Paixao-Felipe-Padilha-12-1024x683.jpg\" ><\/a><\/figure>\n<figcaption class=\"blocks-gallery-caption\">Fotos: Assessoria de Imprensa Diocese de Caxias do Sul\/ Divulga\u00e7\u00e3o<\/figcaption><\/figure>\n","protected":false},"excerpt":{"rendered":"<p>Fi\u00e9is partiram de quatro par\u00f3quias da cidade e da Catedral Diocesana, com len\u00e7os brancos e ora\u00e7\u00f5es que suplicavam pela paz Ap\u00f3s dois anos, as par\u00f3quias da \u00e1rea central de Caxias&hellip;<\/p>\n","protected":false},"author":13,"featured_media":76722,"comment_status":"closed","ping_status":"closed","sticky":false,"template":"","format":"standard","meta":{"_lmt_disableupdate":"","_lmt_disable":"","footnotes":""},"categories":[83],"tags":[148,3299,4298,4155,3279,2614,992,283,10741,6624],"powerkit_post_featured":[],"class_list":{"0":"post-76719","1":"post","2":"type-post","3":"status-publish","4":"format-standard","5":"has-post-thumbnail","7":"category-serra-gaucha","8":"tag-caxias-do-sul","9":"tag-diocese-de-caxias-do-sul","10":"tag-dom-jose-gislon-2","11":"tag-igreja-catolica","12":"tag-pascoa","13":"tag-procissao","14":"tag-serra","15":"tag-serra-gaucha","16":"tag-sexta-feira-da-paixao","17":"tag-sexta-feira-santa"},"modified_by":"Filipe Brogliatto","_links":{"self":[{"href":"https:\/\/radiosolaris.com.br\/beta\/wp-json\/wp\/v2\/posts\/76719","targetHints":{"allow":["GET"]}}],"collection":[{"href":"https:\/\/radiosolaris.com.br\/beta\/wp-json\/wp\/v2\/posts"}],"about":[{"href":"https:\/\/radiosolaris.com.br\/beta\/wp-json\/wp\/v2\/types\/post"}],"author":[{"embeddable":true,"href":"https:\/\/radiosolaris.com.br\/beta\/wp-json\/wp\/v2\/users\/13"}],"replies":[{"embeddable":true,"href":"https:\/\/radiosolaris.com.br\/beta\/wp-json\/wp\/v2\/comments?post=76719"}],"version-history":[{"count":0,"href":"https:\/\/radiosolaris.com.br\/beta\/wp-json\/wp\/v2\/posts\/76719\/revisions"}],"wp:featuredmedia":[{"embeddable":true,"href":"https:\/\/radiosolaris.com.br\/beta\/wp-json\/wp\/v2\/media\/76722"}],"wp:attachment":[{"href":"https:\/\/radiosolaris.com.br\/beta\/wp-json\/wp\/v2\/media?parent=76719"}],"wp:term":[{"taxonomy":"category","embeddable":true,"href":"https:\/\/radiosolaris.com.br\/beta\/wp-json\/wp\/v2\/categories?post=76719"},{"taxonomy":"post_tag","embeddable":true,"href":"https:\/\/radiosolaris.com.br\/beta\/wp-json\/wp\/v2\/tags?post=76719"},{"taxonomy":"powerkit_post_featured","embeddable":true,"href":"https:\/\/radiosolaris.com.br\/beta\/wp-json\/wp\/v2\/powerkit_post_featured?post=76719"}],"curies":[{"name":"wp","href":"https:\/\/api.w.org\/{rel}","templated":true}]}}